{"id":11346,"date":"2024-12-02T09:20:38","date_gmt":"2024-12-02T08:20:38","guid":{"rendered":"https:\/\/agora.xtec.cat\/insjoandaustria\/?p=11346"},"modified":"2024-12-03T14:12:01","modified_gmt":"2024-12-03T13:12:01","slug":"setmana-de-la-ciencia-5-mirem-a-traves-del-microscopi","status":"publish","type":"post","link":"https:\/\/agora.xtec.cat\/insjoandaustria\/general\/setmana-de-la-ciencia-5-mirem-a-traves-del-microscopi\/","title":{"rendered":"Setmana de la Ci\u00e8ncia (5): Mirem a trav\u00e9s del microscopi"},"content":{"rendered":"<p><a href=\"https:\/\/agora.xtec.cat\/insjoandaustria\/wp-content\/uploads\/usu216\/2024\/12\/1733073717864-scaled.jpg\"><img loading=\"lazy\" decoding=\"async\" class=\"wp-image-11349 aligncenter\" src=\"https:\/\/agora.xtec.cat\/insjoandaustria\/wp-content\/uploads\/usu216\/2024\/12\/1733073717864-150x150.jpg\" alt=\"\" width=\"350\" height=\"197\" srcset=\"https:\/\/agora.xtec.cat\/insjoandaustria\/wp-content\/uploads\/usu216\/2024\/12\/1733073717864-300x169.jpg 300w, https:\/\/agora.xtec.cat\/insjoandaustria\/wp-content\/uploads\/usu216\/2024\/12\/1733073717864-1024x576.jpg 1024w, https:\/\/agora.xtec.cat\/insjoandaustria\/wp-content\/uploads\/usu216\/2024\/12\/1733073717864-768x432.jpg 768w, https:\/\/agora.xtec.cat\/insjoandaustria\/wp-content\/uploads\/usu216\/2024\/12\/1733073717864-1536x864.jpg 1536w, https:\/\/agora.xtec.cat\/insjoandaustria\/wp-content\/uploads\/usu216\/2024\/12\/1733073717864-2048x1153.jpg 2048w\" sizes=\"auto, (max-width: 350px) 100vw, 350px\" \/><\/a><\/p>\n<p><span style=\"font-weight: 400;\">Aquest divendres l\u2019alumnat de ci\u00e8ncies de 1r i 2n de BATX han pogut assistir a la xerrada <\/span><span style=\"font-family: Arial, sans-serif;\">\u00ab<span style=\"font-weight: 400;\">Mirem a trav\u00e9s del microscopi qu\u00e8 podem aprendre dels llevats<\/span><\/span><span style=\"font-family: Arial, sans-serif;\">\u00bb<\/span><span style=\"font-weight: 400;\">,<\/span><span style=\"font-weight: 400;\">\u00a0a c\u00e0rrec de la investigadora de la UPF Marta Puig.\u00a0<\/span><\/p>\n<p><span style=\"font-weight: 400;\">Al llarg de la xerrada ens ha explicat el treball que desenvolupa a la UPF on, amb diferents t\u00e8cniques de microsc\u00f2pia, ha pogut estudiar com es transporten les mol\u00e8cules a l\u2019interior de les c\u00e8l\u00b7lules.\u00a0<\/span><\/p>\n<p><span style=\"font-weight: 400;\">L\u2019alumnat ha demanat per com van ser els seus primers anys a la universitat; quina va ser la seva experi\u00e8ncia, primer com a estudiant i, m\u00e9s tard, com a investigadora.\u00a0<\/span><\/p>\n<p style=\"text-align: center;\"><a href=\"https:\/\/agora.xtec.cat\/insjoandaustria\/wp-content\/uploads\/usu216\/2024\/12\/1733073718001-scaled.jpg\"><img loading=\"lazy\" decoding=\"async\" class=\"alignnone wp-image-11348\" src=\"https:\/\/agora.xtec.cat\/insjoandaustria\/wp-content\/uploads\/usu216\/2024\/12\/1733073718001-150x150.jpg\" alt=\"\" width=\"250\" height=\"141\" srcset=\"https:\/\/agora.xtec.cat\/insjoandaustria\/wp-content\/uploads\/usu216\/2024\/12\/1733073718001-300x169.jpg 300w, https:\/\/agora.xtec.cat\/insjoandaustria\/wp-content\/uploads\/usu216\/2024\/12\/1733073718001-1024x576.jpg 1024w, https:\/\/agora.xtec.cat\/insjoandaustria\/wp-content\/uploads\/usu216\/2024\/12\/1733073718001-768x432.jpg 768w, https:\/\/agora.xtec.cat\/insjoandaustria\/wp-content\/uploads\/usu216\/2024\/12\/1733073718001-1536x864.jpg 1536w, https:\/\/agora.xtec.cat\/insjoandaustria\/wp-content\/uploads\/usu216\/2024\/12\/1733073718001-2048x1153.jpg 2048w\" sizes=\"auto, (max-width: 250px) 100vw, 250px\" \/><\/a> <a href=\"https:\/\/agora.xtec.cat\/insjoandaustria\/wp-content\/uploads\/usu216\/2024\/12\/1733073717957-scaled.jpg\"><img loading=\"lazy\" decoding=\"async\" class=\"wp-image-11347 alignnone\" src=\"https:\/\/agora.xtec.cat\/insjoandaustria\/wp-content\/uploads\/usu216\/2024\/12\/1733073717957-150x150.jpg\" alt=\"\" width=\"250\" height=\"141\" srcset=\"https:\/\/agora.xtec.cat\/insjoandaustria\/wp-content\/uploads\/usu216\/2024\/12\/1733073717957-300x169.jpg 300w, https:\/\/agora.xtec.cat\/insjoandaustria\/wp-content\/uploads\/usu216\/2024\/12\/1733073717957-1024x576.jpg 1024w, https:\/\/agora.xtec.cat\/insjoandaustria\/wp-content\/uploads\/usu216\/2024\/12\/1733073717957-768x432.jpg 768w, https:\/\/agora.xtec.cat\/insjoandaustria\/wp-content\/uploads\/usu216\/2024\/12\/1733073717957-1536x864.jpg 1536w, https:\/\/agora.xtec.cat\/insjoandaustria\/wp-content\/uploads\/usu216\/2024\/12\/1733073717957-2048x1153.jpg 2048w\" sizes=\"auto, (max-width: 250px) 100vw, 250px\" \/><\/a> <a href=\"https:\/\/agora.xtec.cat\/insjoandaustria\/wp-content\/uploads\/usu216\/2024\/12\/1733073717918-scaled.jpg\"><img loading=\"lazy\" decoding=\"async\" class=\"wp-image-11350 aligncenter\" src=\"https:\/\/agora.xtec.cat\/insjoandaustria\/wp-content\/uploads\/usu216\/2024\/12\/1733073717918-150x150.jpg\" alt=\"\" width=\"250\" height=\"141\" srcset=\"https:\/\/agora.xtec.cat\/insjoandaustria\/wp-content\/uploads\/usu216\/2024\/12\/1733073717918-300x169.jpg 300w, https:\/\/agora.xtec.cat\/insjoandaustria\/wp-content\/uploads\/usu216\/2024\/12\/1733073717918-1024x576.jpg 1024w, https:\/\/agora.xtec.cat\/insjoandaustria\/wp-content\/uploads\/usu216\/2024\/12\/1733073717918-768x432.jpg 768w, https:\/\/agora.xtec.cat\/insjoandaustria\/wp-content\/uploads\/usu216\/2024\/12\/1733073717918-1536x864.jpg 1536w, https:\/\/agora.xtec.cat\/insjoandaustria\/wp-content\/uploads\/usu216\/2024\/12\/1733073717918-2048x1153.jpg 2048w\" sizes=\"auto, (max-width: 250px) 100vw, 250px\" \/><\/a><\/p>\n","protected":false},"excerpt":{"rendered":"<p><a href=\"https:\/\/agora.xtec.cat\/insjoandaustria\/wp-content\/uploads\/usu216\/2024\/12\/1733073717864-scaled.jpg\"><\/a><br \/>\nAquest divendres l\u2019alumnat de ci\u00e8ncies de 1r i 2n de BATX han pogut assistir a la xerrada \u00abMirem a trav\u00e9s del microscopi qu\u00e8 podem aprendre dels llevats\u00bb,\u00a0a c\u00e0rrec de la investigadora de la UPF Marta Puig.\u00a0<br \/>\nAl llarg de la xerrada ens ha explicat el&hellip;  <a href=\"https:\/\/agora.xtec.cat\/insjoandaustria\/general\/setmana-de-la-ciencia-5-mirem-a-traves-del-microscopi\/\" title=\"Read Setmana de la Ci\u00e8ncia (5): Mirem a trav\u00e9s del microscopi\">Llegeix m\u00e9s\u00bb<\/a><\/p>\n","protected":false},"author":806,"featured_media":11349,"comment_status":"closed","ping_status":"closed","sticky":false,"template":"","format":"standard","meta":{"_bbp_topic_count":0,"_bbp_reply_count":0,"_bbp_total_topic_count":0,"_bbp_total_reply_count":0,"_bbp_voice_count":0,"_bbp_anonymous_reply_count":0,"_bbp_topic_count_hidden":0,"_bbp_reply_count_hidden":0,"_bbp_forum_subforum_count":0,"footnotes":""},"categories":[8,87,1,29],"tags":[],"class_list":["post-11346","post","type-post","status-publish","format-standard","has-post-thumbnail","hentry","category-batxillerat","category-bio-geo","category-general","category-portada"],"post_mailing_queue_ids":[],"_links":{"self":[{"href":"https:\/\/agora.xtec.cat\/insjoandaustria\/wp-json\/wp\/v2\/posts\/11346","targetHints":{"allow":["GET"]}}],"collection":[{"href":"https:\/\/agora.xtec.cat\/insjoandaustria\/wp-json\/wp\/v2\/posts"}],"about":[{"href":"https:\/\/agora.xtec.cat\/insjoandaustria\/wp-json\/wp\/v2\/types\/post"}],"author":[{"embeddable":true,"href":"https:\/\/agora.xtec.cat\/insjoandaustria\/wp-json\/wp\/v2\/users\/806"}],"replies":[{"embeddable":true,"href":"https:\/\/agora.xtec.cat\/insjoandaustria\/wp-json\/wp\/v2\/comments?post=11346"}],"version-history":[{"count":2,"href":"https:\/\/agora.xtec.cat\/insjoandaustria\/wp-json\/wp\/v2\/posts\/11346\/revisions"}],"predecessor-version":[{"id":11381,"href":"https:\/\/agora.xtec.cat\/insjoandaustria\/wp-json\/wp\/v2\/posts\/11346\/revisions\/11381"}],"wp:featuredmedia":[{"embeddable":true,"href":"https:\/\/agora.xtec.cat\/insjoandaustria\/wp-json\/wp\/v2\/media\/11349"}],"wp:attachment":[{"href":"https:\/\/agora.xtec.cat\/insjoandaustria\/wp-json\/wp\/v2\/media?parent=11346"}],"wp:term":[{"taxonomy":"category","embeddable":true,"href":"https:\/\/agora.xtec.cat\/insjoandaustria\/wp-json\/wp\/v2\/categories?post=11346"},{"taxonomy":"post_tag","embeddable":true,"href":"https:\/\/agora.xtec.cat\/insjoandaustria\/wp-json\/wp\/v2\/tags?post=11346"}],"curies":[{"name":"wp","href":"https:\/\/api.w.org\/{rel}","templated":true}]}}