{"id":11238,"date":"2024-11-20T17:19:22","date_gmt":"2024-11-20T16:19:22","guid":{"rendered":"https:\/\/agora.xtec.cat\/insjoandaustria\/?p=11238"},"modified":"2024-11-22T13:19:40","modified_gmt":"2024-11-22T12:19:40","slug":"moltes-gracies","status":"publish","type":"post","link":"https:\/\/agora.xtec.cat\/insjoandaustria\/general\/moltes-gracies\/","title":{"rendered":"MOLTES GR\u00c0CIES!"},"content":{"rendered":"<p>&nbsp;<\/p>\n<p><a href=\"https:\/\/agora.xtec.cat\/insjoandaustria\/wp-content\/uploads\/usu216\/2024\/11\/20241120_165650.jpg\"><img loading=\"lazy\" decoding=\"async\" class=\"alignnone size-full wp-image-11239\" src=\"https:\/\/agora.xtec.cat\/insjoandaustria\/wp-content\/uploads\/usu216\/2024\/11\/20241120_165650.jpg\" alt=\"\" width=\"677\" height=\"576\" srcset=\"https:\/\/agora.xtec.cat\/insjoandaustria\/wp-content\/uploads\/usu216\/2024\/11\/20241120_165650.jpg 677w, https:\/\/agora.xtec.cat\/insjoandaustria\/wp-content\/uploads\/usu216\/2024\/11\/20241120_165650-300x255.jpg 300w\" sizes=\"auto, (max-width: 677px) 100vw, 677px\" \/><\/a><\/p>\n<p>21 pacients m\u00e9s que l&#8217;any passat es podran beneficiar de les donacions de sang d&#8217;aquest any (per a les altres dades de l&#8217;any passat mireu <a href=\"https:\/\/agora.xtec.cat\/insjoandaustria\/general\/des-del-banc-de-sang-moltes-gracies\/\">aqu\u00ed<\/a>). Ens sentim contents d&#8217;una societat m\u00e9s generosa i solid\u00e0ria. <span style=\"font-weight: 400;\">Despr\u00e9s de tots els esfor\u00e7os per preparar la campanya, podem dir que la donaci\u00f3 de sang ha estat un \u00e8xit.<\/span><\/p>\n<p><span style=\"font-weight: 400;\">Els alumnes de 4t han pogut gaudir d\u2019una jornada de voluntariat fent de promotors de la campanya i atenent els donants abans i despr\u00e9s de la donaci\u00f3. Al llarg de la tarda<\/span><span style=\"font-weight: 400;\"> 61 persones s\u2019han apropat al centre c\u00edvic per donar sang.<\/span><\/p>\n<p><span style=\"font-weight: 400;\">Volen donar-vos les gr\u00e0cies, alumnat, fam\u00edlies i professorat per la vostra implicaci\u00f3. Agra\u00efm tamb\u00e9 al Centre c\u00edvic l&#8217;haver-nos cedit el seu espai.<\/span><\/p>\n<p>Moltes&#8230; moltes gr\u00e0cies!<\/p>\n","protected":false},"excerpt":{"rendered":"<p>&nbsp;<br \/>\n<a href=\"https:\/\/agora.xtec.cat\/insjoandaustria\/wp-content\/uploads\/usu216\/2024\/11\/20241120_165650.jpg\"><\/a><br \/>\n21 pacients m\u00e9s que l&#8217;any passat es podran beneficiar de les donacions de sang d&#8217;aquest any (per a les altres dades de l&#8217;any passat mireu <a href=\"https:\/\/agora.xtec.cat\/insjoandaustria\/general\/des-del-banc-de-sang-moltes-gracies\/\">aqu\u00ed<\/a>). Ens sentim contents d&#8217;una societat m\u00e9s generosa i solid\u00e0ria. Despr\u00e9s de tots els esfor\u00e7os per preparar la&hellip;  <a href=\"https:\/\/agora.xtec.cat\/insjoandaustria\/general\/moltes-gracies\/\" title=\"Read MOLTES GR\u00c0CIES!\">Llegeix m\u00e9s\u00bb<\/a><\/p>\n","protected":false},"author":913,"featured_media":11239,"comment_status":"closed","ping_status":"closed","sticky":false,"template":"","format":"standard","meta":{"_bbp_topic_count":0,"_bbp_reply_count":0,"_bbp_total_topic_count":0,"_bbp_total_reply_count":0,"_bbp_voice_count":0,"_bbp_anonymous_reply_count":0,"_bbp_topic_count_hidden":0,"_bbp_reply_count_hidden":0,"_bbp_forum_subforum_count":0,"footnotes":""},"categories":[1,29,70,448],"tags":[],"class_list":["post-11238","post","type-post","status-publish","format-standard","has-post-thumbnail","hentry","category-general","category-portada","category-projectes","category-projecteseso"],"post_mailing_queue_ids":[],"_links":{"self":[{"href":"https:\/\/agora.xtec.cat\/insjoandaustria\/wp-json\/wp\/v2\/posts\/11238","targetHints":{"allow":["GET"]}}],"collection":[{"href":"https:\/\/agora.xtec.cat\/insjoandaustria\/wp-json\/wp\/v2\/posts"}],"about":[{"href":"https:\/\/agora.xtec.cat\/insjoandaustria\/wp-json\/wp\/v2\/types\/post"}],"author":[{"embeddable":true,"href":"https:\/\/agora.xtec.cat\/insjoandaustria\/wp-json\/wp\/v2\/users\/913"}],"replies":[{"embeddable":true,"href":"https:\/\/agora.xtec.cat\/insjoandaustria\/wp-json\/wp\/v2\/comments?post=11238"}],"version-history":[{"count":5,"href":"https:\/\/agora.xtec.cat\/insjoandaustria\/wp-json\/wp\/v2\/posts\/11238\/revisions"}],"predecessor-version":[{"id":11280,"href":"https:\/\/agora.xtec.cat\/insjoandaustria\/wp-json\/wp\/v2\/posts\/11238\/revisions\/11280"}],"wp:featuredmedia":[{"embeddable":true,"href":"https:\/\/agora.xtec.cat\/insjoandaustria\/wp-json\/wp\/v2\/media\/11239"}],"wp:attachment":[{"href":"https:\/\/agora.xtec.cat\/insjoandaustria\/wp-json\/wp\/v2\/media?parent=11238"}],"wp:term":[{"taxonomy":"category","embeddable":true,"href":"https:\/\/agora.xtec.cat\/insjoandaustria\/wp-json\/wp\/v2\/categories?post=11238"},{"taxonomy":"post_tag","embeddable":true,"href":"https:\/\/agora.xtec.cat\/insjoandaustria\/wp-json\/wp\/v2\/tags?post=11238"}],"curies":[{"name":"wp","href":"https:\/\/api.w.org\/{rel}","templated":true}]}}