{"id":11227,"date":"2024-11-19T12:10:42","date_gmt":"2024-11-19T11:10:42","guid":{"rendered":"https:\/\/agora.xtec.cat\/insjoandaustria\/?p=11227"},"modified":"2024-11-19T12:26:24","modified_gmt":"2024-11-19T11:26:24","slug":"visita-al-parc-tecnologic-de-nou-barris","status":"publish","type":"post","link":"https:\/\/agora.xtec.cat\/insjoandaustria\/general\/visita-al-parc-tecnologic-de-nou-barris\/","title":{"rendered":"Visita al Parc Tecnol\u00f2gic de Nou Barris"},"content":{"rendered":"<p><a href=\"https:\/\/agora.xtec.cat\/insjoandaustria\/wp-content\/uploads\/usu216\/2024\/11\/IMG_20241113_114015-scaled.jpg\"><img loading=\"lazy\" decoding=\"async\" class=\"aligncenter wp-image-11228\" src=\"https:\/\/agora.xtec.cat\/insjoandaustria\/wp-content\/uploads\/usu216\/2024\/11\/IMG_20241113_114015-300x225.jpg\" alt=\"\" width=\"350\" height=\"263\" srcset=\"https:\/\/agora.xtec.cat\/insjoandaustria\/wp-content\/uploads\/usu216\/2024\/11\/IMG_20241113_114015-300x225.jpg 300w, https:\/\/agora.xtec.cat\/insjoandaustria\/wp-content\/uploads\/usu216\/2024\/11\/IMG_20241113_114015-1024x768.jpg 1024w, https:\/\/agora.xtec.cat\/insjoandaustria\/wp-content\/uploads\/usu216\/2024\/11\/IMG_20241113_114015-768x576.jpg 768w, https:\/\/agora.xtec.cat\/insjoandaustria\/wp-content\/uploads\/usu216\/2024\/11\/IMG_20241113_114015-1536x1152.jpg 1536w, https:\/\/agora.xtec.cat\/insjoandaustria\/wp-content\/uploads\/usu216\/2024\/11\/IMG_20241113_114015-2048x1536.jpg 2048w, https:\/\/agora.xtec.cat\/insjoandaustria\/wp-content\/uploads\/usu216\/2024\/11\/IMG_20241113_114015-200x150.jpg 200w\" sizes=\"auto, (max-width: 350px) 100vw, 350px\" \/><\/a><\/p>\n<p>El passat dimecres 13 de novembre l&#8217;alumnat de Tecnologia i Enginyeria de primer de Batxillerat van realitzar\u00a0 una visita a l&#8217;Ateneu de fabricaci\u00f3 del Parc Tecnol\u00f2gic de Nou Barris, on van prendre contacte amb les noves tecnologies de fabricaci\u00f3: impressi\u00f3 3D i Tall l\u00e0ser.<\/p>\n","protected":false},"excerpt":{"rendered":"<p><a href=\"https:\/\/agora.xtec.cat\/insjoandaustria\/wp-content\/uploads\/usu216\/2024\/11\/IMG_20241113_114015-scaled.jpg\"><\/a><br \/>\nEl passat dimecres 13 de novembre l&#8217;alumnat de Tecnologia i Enginyeria de primer de Batxillerat van realitzar\u00a0 una visita a l&#8217;Ateneu de fabricaci\u00f3 del Parc Tecnol\u00f2gic de Nou Barris, on van prendre contacte amb les noves tecnologies de fabricaci\u00f3: impressi\u00f3 3D i Tall l\u00e0ser.<\/p>\n","protected":false},"author":806,"featured_media":11228,"comment_status":"closed","ping_status":"closed","sticky":false,"template":"","format":"standard","meta":{"_bbp_topic_count":0,"_bbp_reply_count":0,"_bbp_total_topic_count":0,"_bbp_total_reply_count":0,"_bbp_voice_count":0,"_bbp_anonymous_reply_count":0,"_bbp_topic_count_hidden":0,"_bbp_reply_count_hidden":0,"_bbp_forum_subforum_count":0,"footnotes":""},"categories":[8,84,1,29,452],"tags":[],"class_list":["post-11227","post","type-post","status-publish","format-standard","has-post-thumbnail","hentry","category-batxillerat","category-departaments","category-general","category-portada","category-tecnologia"],"post_mailing_queue_ids":[],"_links":{"self":[{"href":"https:\/\/agora.xtec.cat\/insjoandaustria\/wp-json\/wp\/v2\/posts\/11227","targetHints":{"allow":["GET"]}}],"collection":[{"href":"https:\/\/agora.xtec.cat\/insjoandaustria\/wp-json\/wp\/v2\/posts"}],"about":[{"href":"https:\/\/agora.xtec.cat\/insjoandaustria\/wp-json\/wp\/v2\/types\/post"}],"author":[{"embeddable":true,"href":"https:\/\/agora.xtec.cat\/insjoandaustria\/wp-json\/wp\/v2\/users\/806"}],"replies":[{"embeddable":true,"href":"https:\/\/agora.xtec.cat\/insjoandaustria\/wp-json\/wp\/v2\/comments?post=11227"}],"version-history":[{"count":6,"href":"https:\/\/agora.xtec.cat\/insjoandaustria\/wp-json\/wp\/v2\/posts\/11227\/revisions"}],"predecessor-version":[{"id":11237,"href":"https:\/\/agora.xtec.cat\/insjoandaustria\/wp-json\/wp\/v2\/posts\/11227\/revisions\/11237"}],"wp:featuredmedia":[{"embeddable":true,"href":"https:\/\/agora.xtec.cat\/insjoandaustria\/wp-json\/wp\/v2\/media\/11228"}],"wp:attachment":[{"href":"https:\/\/agora.xtec.cat\/insjoandaustria\/wp-json\/wp\/v2\/media?parent=11227"}],"wp:term":[{"taxonomy":"category","embeddable":true,"href":"https:\/\/agora.xtec.cat\/insjoandaustria\/wp-json\/wp\/v2\/categories?post=11227"},{"taxonomy":"post_tag","embeddable":true,"href":"https:\/\/agora.xtec.cat\/insjoandaustria\/wp-json\/wp\/v2\/tags?post=11227"}],"curies":[{"name":"wp","href":"https:\/\/api.w.org\/{rel}","templated":true}]}}