{"id":11223,"date":"2024-11-18T17:17:12","date_gmt":"2024-11-18T16:17:12","guid":{"rendered":"https:\/\/agora.xtec.cat\/insjoandaustria\/?p=11223"},"modified":"2024-11-19T12:22:47","modified_gmt":"2024-11-19T11:22:47","slug":"primers-auxilis-a-e-f","status":"publish","type":"post","link":"https:\/\/agora.xtec.cat\/insjoandaustria\/general\/primers-auxilis-a-e-f\/","title":{"rendered":"Primers auxilis a E.F."},"content":{"rendered":"<p><a href=\"https:\/\/agora.xtec.cat\/insjoandaustria\/wp-content\/uploads\/usu216\/2024\/11\/IMG_9561-2-min-scaled.jpg\"><img loading=\"lazy\" decoding=\"async\" class=\"wp-image-11220 alignnone\" src=\"https:\/\/agora.xtec.cat\/insjoandaustria\/wp-content\/uploads\/usu216\/2024\/11\/IMG_9561-2-min-768x1024.jpg\" alt=\"\" width=\"256\" height=\"342\" \/><\/a><\/p>\n<p>Des de l&#8217;assignatura d&#8217;educaci\u00f3 f\u00edsica, els alumnes de 4t d&#8217;ESO estan treballant els primers auxilis i el suport vital b\u00e0sic.<\/p>\n<p>Aquestes sessions estan orientades a ensenyar les normes d&#8217;actuaci\u00f3 essencials en situacions d&#8217;emerg\u00e8ncia i aix\u00ed fomentar la preparaci\u00f3 i la seguretat davant de possibles incidents.<\/p>\n<p>Els alumnes van posar en pr\u00e0ctica dues maniobres b\u00e0siques: la posici\u00f3 lateral de seguretat (PLS), que \u00e9s clau per garantir la protecci\u00f3 de la via a\u00e8ria en persones inconscients, i la maniobra de front-ment\u00f3, una t\u00e8cnica fonamental per assegurar una correcta obertura de la via a\u00e8ria.<\/p>\n<p>Aquestes activitats no nom\u00e9s reforcen coneixements te\u00f2rics, sin\u00f3 que tamb\u00e9 capaciten els estudiants per actuar amb responsabilitat i rapidesa en situacions reals. Es tracta d&#8217;una formaci\u00f3 imprescindible per a la seva vida i la de les persones que els envolten!<\/p>\n","protected":false},"excerpt":{"rendered":"<p><a href=\"https:\/\/agora.xtec.cat\/insjoandaustria\/wp-content\/uploads\/usu216\/2024\/11\/IMG_9561-2-min-scaled.jpg\"><\/a><br \/>\nDes de l&#8217;assignatura d&#8217;educaci\u00f3 f\u00edsica, els alumnes de 4t d&#8217;ESO estan treballant els primers auxilis i el suport vital b\u00e0sic.<br \/>\nAquestes sessions estan orientades a ensenyar les normes d&#8217;actuaci\u00f3 essencials en situacions d&#8217;emerg\u00e8ncia i aix\u00ed fomentar la preparaci\u00f3 i la seguretat davant de possibles incidents.<br \/>\nEls&hellip;  <a href=\"https:\/\/agora.xtec.cat\/insjoandaustria\/general\/primers-auxilis-a-e-f\/\" title=\"Read Primers auxilis a E.F.\">Llegeix m\u00e9s\u00bb<\/a><\/p>\n","protected":false},"author":913,"featured_media":11225,"comment_status":"closed","ping_status":"closed","sticky":false,"template":"","format":"standard","meta":{"_bbp_topic_count":0,"_bbp_reply_count":0,"_bbp_total_topic_count":0,"_bbp_total_reply_count":0,"_bbp_voice_count":0,"_bbp_anonymous_reply_count":0,"_bbp_topic_count_hidden":0,"_bbp_reply_count_hidden":0,"_bbp_forum_subforum_count":0,"footnotes":""},"categories":[3,1,29,70],"tags":[],"class_list":["post-11223","post","type-post","status-publish","format-standard","has-post-thumbnail","hentry","category-eso","category-general","category-portada","category-projectes"],"post_mailing_queue_ids":[],"_links":{"self":[{"href":"https:\/\/agora.xtec.cat\/insjoandaustria\/wp-json\/wp\/v2\/posts\/11223","targetHints":{"allow":["GET"]}}],"collection":[{"href":"https:\/\/agora.xtec.cat\/insjoandaustria\/wp-json\/wp\/v2\/posts"}],"about":[{"href":"https:\/\/agora.xtec.cat\/insjoandaustria\/wp-json\/wp\/v2\/types\/post"}],"author":[{"embeddable":true,"href":"https:\/\/agora.xtec.cat\/insjoandaustria\/wp-json\/wp\/v2\/users\/913"}],"replies":[{"embeddable":true,"href":"https:\/\/agora.xtec.cat\/insjoandaustria\/wp-json\/wp\/v2\/comments?post=11223"}],"version-history":[{"count":3,"href":"https:\/\/agora.xtec.cat\/insjoandaustria\/wp-json\/wp\/v2\/posts\/11223\/revisions"}],"predecessor-version":[{"id":11233,"href":"https:\/\/agora.xtec.cat\/insjoandaustria\/wp-json\/wp\/v2\/posts\/11223\/revisions\/11233"}],"wp:featuredmedia":[{"embeddable":true,"href":"https:\/\/agora.xtec.cat\/insjoandaustria\/wp-json\/wp\/v2\/media\/11225"}],"wp:attachment":[{"href":"https:\/\/agora.xtec.cat\/insjoandaustria\/wp-json\/wp\/v2\/media?parent=11223"}],"wp:term":[{"taxonomy":"category","embeddable":true,"href":"https:\/\/agora.xtec.cat\/insjoandaustria\/wp-json\/wp\/v2\/categories?post=11223"},{"taxonomy":"post_tag","embeddable":true,"href":"https:\/\/agora.xtec.cat\/insjoandaustria\/wp-json\/wp\/v2\/tags?post=11223"}],"curies":[{"name":"wp","href":"https:\/\/api.w.org\/{rel}","templated":true}]}}