{"id":11207,"date":"2024-11-15T13:12:39","date_gmt":"2024-11-15T12:12:39","guid":{"rendered":"https:\/\/agora.xtec.cat\/insjoandaustria\/?p=11207"},"modified":"2024-11-15T13:12:39","modified_gmt":"2024-11-15T12:12:39","slug":"gran-recapte-suma-thi","status":"publish","type":"post","link":"https:\/\/agora.xtec.cat\/insjoandaustria\/general\/gran-recapte-suma-thi\/","title":{"rendered":"Gran Recapte. Suma-t&#8217;hi!"},"content":{"rendered":"<p><a href=\"https:\/\/agora.xtec.cat\/insjoandaustria\/wp-content\/uploads\/usu216\/2024\/11\/Larana-News-2.jpg\"><img loading=\"lazy\" decoding=\"async\" class=\"alignnone size-large wp-image-11208\" src=\"https:\/\/agora.xtec.cat\/insjoandaustria\/wp-content\/uploads\/usu216\/2024\/11\/Larana-News-2-724x1024.jpg\" alt=\"\" width=\"724\" height=\"1024\" srcset=\"https:\/\/agora.xtec.cat\/insjoandaustria\/wp-content\/uploads\/usu216\/2024\/11\/Larana-News-2-724x1024.jpg 724w, https:\/\/agora.xtec.cat\/insjoandaustria\/wp-content\/uploads\/usu216\/2024\/11\/Larana-News-2-212x300.jpg 212w, https:\/\/agora.xtec.cat\/insjoandaustria\/wp-content\/uploads\/usu216\/2024\/11\/Larana-News-2-768x1086.jpg 768w, https:\/\/agora.xtec.cat\/insjoandaustria\/wp-content\/uploads\/usu216\/2024\/11\/Larana-News-2-1086x1536.jpg 1086w, https:\/\/agora.xtec.cat\/insjoandaustria\/wp-content\/uploads\/usu216\/2024\/11\/Larana-News-2-1448x2048.jpg 1448w, https:\/\/agora.xtec.cat\/insjoandaustria\/wp-content\/uploads\/usu216\/2024\/11\/Larana-News-2.jpg 1587w\" sizes=\"auto, (max-width: 724px) 100vw, 724px\" \/><\/a><\/p>\n<p><strong>El Gran Recapte d\u2019Aliments a l\u2019institut Joan d\u2019\u00c0ustria<\/strong><\/p>\n<p style=\"text-align: justify;\">Del 18 al 22 de novembre a l\u2019institut Joan d&#8217;\u00c0ustria es fa la recollida d\u2019aliments. L\u2019objectiu del Gran Recapte d\u2019Aliments des del 2009 \u00e9s recollir i recuperar aliments per a persones en situaci\u00f3 de vulnerabilitat i perqu\u00e8 la gent s\u2019adoni sobre la necessitat de lluitar contra el malbaratament alimentari. Es poden portar tota mena d\u2019aliments que es puguin conservar com: cereals, sucs, arr\u00f2s, pasta, llet, galetes, etc.<\/p>\n<p style=\"text-align: justify;\">L\u2019any passat es van aconseguir 5,86 milions d\u2019euros,1.500 tones d\u2019aliments i amb 20.000 persones volunt\u00e0ries. Des del l&#8217;institut, volem aportar el nostre gra de sorra i aix\u00ed millorar el recapte de l\u2019any passat. Necessitem la vostra ajuda, recordeu del 18 al 22 de novembre!!<\/p>\n","protected":false},"excerpt":{"rendered":"<p><a href=\"https:\/\/agora.xtec.cat\/insjoandaustria\/wp-content\/uploads\/usu216\/2024\/11\/Larana-News-2.jpg\"><\/a><br \/>\nEl Gran Recapte d\u2019Aliments a l\u2019institut Joan d\u2019\u00c0ustria<br \/>\nDel 18 al 22 de novembre a l\u2019institut Joan d&#8217;\u00c0ustria es fa la recollida d\u2019aliments. L\u2019objectiu del Gran Recapte d\u2019Aliments des del 2009 \u00e9s recollir i recuperar aliments per a persones en situaci\u00f3 de vulnerabilitat i perqu\u00e8&hellip;  <a href=\"https:\/\/agora.xtec.cat\/insjoandaustria\/general\/gran-recapte-suma-thi\/\" title=\"Read Gran Recapte. Suma-t&#8217;hi!\">Llegeix m\u00e9s\u00bb<\/a><\/p>\n","protected":false},"author":913,"featured_media":11208,"comment_status":"closed","ping_status":"closed","sticky":false,"template":"","format":"standard","meta":{"_bbp_topic_count":0,"_bbp_reply_count":0,"_bbp_total_topic_count":0,"_bbp_total_reply_count":0,"_bbp_voice_count":0,"_bbp_anonymous_reply_count":0,"_bbp_topic_count_hidden":0,"_bbp_reply_count_hidden":0,"_bbp_forum_subforum_count":0,"footnotes":""},"categories":[8,3,1,29,70],"tags":[],"class_list":["post-11207","post","type-post","status-publish","format-standard","has-post-thumbnail","hentry","category-batxillerat","category-eso","category-general","category-portada","category-projectes"],"post_mailing_queue_ids":[],"_links":{"self":[{"href":"https:\/\/agora.xtec.cat\/insjoandaustria\/wp-json\/wp\/v2\/posts\/11207","targetHints":{"allow":["GET"]}}],"collection":[{"href":"https:\/\/agora.xtec.cat\/insjoandaustria\/wp-json\/wp\/v2\/posts"}],"about":[{"href":"https:\/\/agora.xtec.cat\/insjoandaustria\/wp-json\/wp\/v2\/types\/post"}],"author":[{"embeddable":true,"href":"https:\/\/agora.xtec.cat\/insjoandaustria\/wp-json\/wp\/v2\/users\/913"}],"replies":[{"embeddable":true,"href":"https:\/\/agora.xtec.cat\/insjoandaustria\/wp-json\/wp\/v2\/comments?post=11207"}],"version-history":[{"count":2,"href":"https:\/\/agora.xtec.cat\/insjoandaustria\/wp-json\/wp\/v2\/posts\/11207\/revisions"}],"predecessor-version":[{"id":11210,"href":"https:\/\/agora.xtec.cat\/insjoandaustria\/wp-json\/wp\/v2\/posts\/11207\/revisions\/11210"}],"wp:featuredmedia":[{"embeddable":true,"href":"https:\/\/agora.xtec.cat\/insjoandaustria\/wp-json\/wp\/v2\/media\/11208"}],"wp:attachment":[{"href":"https:\/\/agora.xtec.cat\/insjoandaustria\/wp-json\/wp\/v2\/media?parent=11207"}],"wp:term":[{"taxonomy":"category","embeddable":true,"href":"https:\/\/agora.xtec.cat\/insjoandaustria\/wp-json\/wp\/v2\/categories?post=11207"},{"taxonomy":"post_tag","embeddable":true,"href":"https:\/\/agora.xtec.cat\/insjoandaustria\/wp-json\/wp\/v2\/tags?post=11207"}],"curies":[{"name":"wp","href":"https:\/\/api.w.org\/{rel}","templated":true}]}}