{"id":11149,"date":"2024-11-12T11:17:22","date_gmt":"2024-11-12T10:17:22","guid":{"rendered":"https:\/\/agora.xtec.cat\/insjoandaustria\/?p=11149"},"modified":"2024-11-12T11:29:24","modified_gmt":"2024-11-12T10:29:24","slug":"setmana-de-la-ciencia","status":"publish","type":"post","link":"https:\/\/agora.xtec.cat\/insjoandaustria\/general\/setmana-de-la-ciencia\/","title":{"rendered":"SETMANA DE LA CI\u00c8NCIA"},"content":{"rendered":"<p style=\"text-align: justify;\"><a href=\"https:\/\/agora.xtec.cat\/insjoandaustria\/wp-content\/uploads\/usu216\/2024\/11\/Setmana-de-la-Ciencia.png\"><img loading=\"lazy\" decoding=\"async\" class=\"alignnone size-full wp-image-11125\" src=\"https:\/\/agora.xtec.cat\/insjoandaustria\/wp-content\/uploads\/usu216\/2024\/11\/Setmana-de-la-Ciencia.png\" alt=\"\" width=\"344\" height=\"412\" srcset=\"https:\/\/agora.xtec.cat\/insjoandaustria\/wp-content\/uploads\/usu216\/2024\/11\/Setmana-de-la-Ciencia.png 344w, https:\/\/agora.xtec.cat\/insjoandaustria\/wp-content\/uploads\/usu216\/2024\/11\/Setmana-de-la-Ciencia-250x300.png 250w\" sizes=\"auto, (max-width: 344px) 100vw, 344px\" \/><\/a><\/p>\n<p>COMENCEM LES ACTIVITATS DE LA SETMANA DE LA CI\u00c8NCIA!<\/p>\n<p style=\"text-align: justify;\"><span style=\"font-weight: 400;\">El fil conductor de l\u2019edici\u00f3 d\u2019enguany ser\u00e0 <\/span><b>l\u2019\u00e8tica en la ci\u00e8ncia i la tecnologia<\/b><span style=\"font-weight: 400;\">. Les descobertes cient\u00edfiques i les innovacions tecnol\u00f2giques tenen un gran impacte en la societat. Aquest fet planteja la necessitat de considerar els l\u00edmits \u00e8tics en la recerca i la seva aplicaci\u00f3 en \u00e0mbits com, per exemple, la biotecnologia, la intel\u00b7lig\u00e8ncia artificial i tamb\u00e9 els recursos naturals, com ara l\u2019energia o l\u2019aigua, entre d\u2019altres.<\/span><\/p>\n","protected":false},"excerpt":{"rendered":"<p><a href=\"https:\/\/agora.xtec.cat\/insjoandaustria\/wp-content\/uploads\/usu216\/2024\/11\/Setmana-de-la-Ciencia.png\"><\/a><br \/>\nCOMENCEM LES ACTIVITATS DE LA SETMANA DE LA CI\u00c8NCIA!<br \/>\nEl fil conductor de l\u2019edici\u00f3 d\u2019enguany ser\u00e0 l\u2019\u00e8tica en la ci\u00e8ncia i la tecnologia. Les descobertes cient\u00edfiques i les innovacions tecnol\u00f2giques tenen un gran impacte en la societat. Aquest fet planteja la necessitat de considerar els&hellip;  <a href=\"https:\/\/agora.xtec.cat\/insjoandaustria\/general\/setmana-de-la-ciencia\/\" title=\"Read SETMANA DE LA CI\u00c8NCIA\">Llegeix m\u00e9s\u00bb<\/a><\/p>\n","protected":false},"author":913,"featured_media":11125,"comment_status":"closed","ping_status":"closed","sticky":false,"template":"","format":"standard","meta":{"_bbp_topic_count":0,"_bbp_reply_count":0,"_bbp_total_topic_count":0,"_bbp_total_reply_count":0,"_bbp_voice_count":0,"_bbp_anonymous_reply_count":0,"_bbp_topic_count_hidden":0,"_bbp_reply_count_hidden":0,"_bbp_forum_subforum_count":0,"footnotes":""},"categories":[8,3,1,29,70],"tags":[],"class_list":["post-11149","post","type-post","status-publish","format-standard","has-post-thumbnail","hentry","category-batxillerat","category-eso","category-general","category-portada","category-projectes"],"post_mailing_queue_ids":[],"_links":{"self":[{"href":"https:\/\/agora.xtec.cat\/insjoandaustria\/wp-json\/wp\/v2\/posts\/11149","targetHints":{"allow":["GET"]}}],"collection":[{"href":"https:\/\/agora.xtec.cat\/insjoandaustria\/wp-json\/wp\/v2\/posts"}],"about":[{"href":"https:\/\/agora.xtec.cat\/insjoandaustria\/wp-json\/wp\/v2\/types\/post"}],"author":[{"embeddable":true,"href":"https:\/\/agora.xtec.cat\/insjoandaustria\/wp-json\/wp\/v2\/users\/913"}],"replies":[{"embeddable":true,"href":"https:\/\/agora.xtec.cat\/insjoandaustria\/wp-json\/wp\/v2\/comments?post=11149"}],"version-history":[{"count":4,"href":"https:\/\/agora.xtec.cat\/insjoandaustria\/wp-json\/wp\/v2\/posts\/11149\/revisions"}],"predecessor-version":[{"id":11153,"href":"https:\/\/agora.xtec.cat\/insjoandaustria\/wp-json\/wp\/v2\/posts\/11149\/revisions\/11153"}],"wp:featuredmedia":[{"embeddable":true,"href":"https:\/\/agora.xtec.cat\/insjoandaustria\/wp-json\/wp\/v2\/media\/11125"}],"wp:attachment":[{"href":"https:\/\/agora.xtec.cat\/insjoandaustria\/wp-json\/wp\/v2\/media?parent=11149"}],"wp:term":[{"taxonomy":"category","embeddable":true,"href":"https:\/\/agora.xtec.cat\/insjoandaustria\/wp-json\/wp\/v2\/categories?post=11149"},{"taxonomy":"post_tag","embeddable":true,"href":"https:\/\/agora.xtec.cat\/insjoandaustria\/wp-json\/wp\/v2\/tags?post=11149"}],"curies":[{"name":"wp","href":"https:\/\/api.w.org\/{rel}","templated":true}]}}