{"id":11115,"date":"2024-11-11T09:46:47","date_gmt":"2024-11-11T08:46:47","guid":{"rendered":"https:\/\/agora.xtec.cat\/insjoandaustria\/?p=11115"},"modified":"2024-11-11T09:49:56","modified_gmt":"2024-11-11T08:49:56","slug":"un-minut-de-record","status":"publish","type":"post","link":"https:\/\/agora.xtec.cat\/insjoandaustria\/general\/un-minut-de-record\/","title":{"rendered":"Un minut de record"},"content":{"rendered":"<p><a href=\"https:\/\/agora.xtec.cat\/insjoandaustria\/wp-content\/uploads\/usu216\/2024\/11\/image0.jpeg\"><img loading=\"lazy\" decoding=\"async\" class=\"aligncenter wp-image-11116\" src=\"https:\/\/agora.xtec.cat\/insjoandaustria\/wp-content\/uploads\/usu216\/2024\/11\/image0-300x225.jpeg\" alt=\"\" width=\"450\" height=\"338\" srcset=\"https:\/\/agora.xtec.cat\/insjoandaustria\/wp-content\/uploads\/usu216\/2024\/11\/image0-300x225.jpeg 300w, https:\/\/agora.xtec.cat\/insjoandaustria\/wp-content\/uploads\/usu216\/2024\/11\/image0-200x150.jpeg 200w, https:\/\/agora.xtec.cat\/insjoandaustria\/wp-content\/uploads\/usu216\/2024\/11\/image0.jpeg 640w\" sizes=\"auto, (max-width: 450px) 100vw, 450px\" \/><\/a><\/p>\n<p>Aquests dies passats hem viscut una de les cat\u00e0strofes naturals m\u00e9s grans del nostre segle que ha afectat moltes poblacions de les comarques valencianes <span style=\"font-family: inherit; font-size: 1em;\">de l&#8217;Horta Sud, la Ribera Alta, la Foia de Bunyol i la Plana d&#8217;Utiel; i tamb\u00e9 en menor mesura a Castella la Manxa i a Andalusia, entre d&#8217;altres. Hem pogut seguir a la premsa i a les not\u00edcies en general les conseq\u00fc\u00e8ncies devastadores de l&#8217;aigua que han provocat morts, desapareguts i una poblaci\u00f3 que s&#8217;ha quedat sense bens.<\/span><\/p>\n<p>L&#8217;altra cara de la situaci\u00f3 \u00e9s la gent que s&#8217;ha abocat a ajudar-los ja sigui amb el seu temps i esfor\u00e7 o amb diners. Al nostre institut, el divendres 8, vam tenir un record solidari amb els afectats en un minut de silenci abans del pati, un moment que vam compartir amb l&#8217;Institut Infanta Isabel d&#8217;Arag\u00f3, a la pla\u00e7a Angeleta Ferrer.<\/p>\n<p><a href=\"https:\/\/agora.xtec.cat\/insjoandaustria\/wp-content\/uploads\/usu216\/2024\/11\/image1.jpeg\"><img loading=\"lazy\" decoding=\"async\" class=\"wp-image-11117 aligncenter\" src=\"https:\/\/agora.xtec.cat\/insjoandaustria\/wp-content\/uploads\/usu216\/2024\/11\/image1-300x225.jpeg\" alt=\"\" width=\"450\" height=\"338\" srcset=\"https:\/\/agora.xtec.cat\/insjoandaustria\/wp-content\/uploads\/usu216\/2024\/11\/image1-300x225.jpeg 300w, https:\/\/agora.xtec.cat\/insjoandaustria\/wp-content\/uploads\/usu216\/2024\/11\/image1-200x150.jpeg 200w, https:\/\/agora.xtec.cat\/insjoandaustria\/wp-content\/uploads\/usu216\/2024\/11\/image1.jpeg 640w\" sizes=\"auto, (max-width: 450px) 100vw, 450px\" \/><\/a><\/p>\n","protected":false},"excerpt":{"rendered":"<p><a href=\"https:\/\/agora.xtec.cat\/insjoandaustria\/wp-content\/uploads\/usu216\/2024\/11\/image0.jpeg\"><\/a><br \/>\nAquests dies passats hem viscut una de les cat\u00e0strofes naturals m\u00e9s grans del nostre segle que ha afectat moltes poblacions de les comarques valencianes de l&#8217;Horta Sud, la Ribera Alta, la Foia de Bunyol i la Plana d&#8217;Utiel; i tamb\u00e9 en menor mesura a&hellip;  <a href=\"https:\/\/agora.xtec.cat\/insjoandaustria\/general\/un-minut-de-record\/\" title=\"Read Un minut de record\">Llegeix m\u00e9s\u00bb<\/a><\/p>\n","protected":false},"author":806,"featured_media":11116,"comment_status":"closed","ping_status":"closed","sticky":false,"template":"","format":"standard","meta":{"_bbp_topic_count":0,"_bbp_reply_count":0,"_bbp_total_topic_count":0,"_bbp_total_reply_count":0,"_bbp_voice_count":0,"_bbp_anonymous_reply_count":0,"_bbp_topic_count_hidden":0,"_bbp_reply_count_hidden":0,"_bbp_forum_subforum_count":0,"footnotes":""},"categories":[8,3,1,29],"tags":[],"class_list":["post-11115","post","type-post","status-publish","format-standard","has-post-thumbnail","hentry","category-batxillerat","category-eso","category-general","category-portada"],"post_mailing_queue_ids":[],"_links":{"self":[{"href":"https:\/\/agora.xtec.cat\/insjoandaustria\/wp-json\/wp\/v2\/posts\/11115","targetHints":{"allow":["GET"]}}],"collection":[{"href":"https:\/\/agora.xtec.cat\/insjoandaustria\/wp-json\/wp\/v2\/posts"}],"about":[{"href":"https:\/\/agora.xtec.cat\/insjoandaustria\/wp-json\/wp\/v2\/types\/post"}],"author":[{"embeddable":true,"href":"https:\/\/agora.xtec.cat\/insjoandaustria\/wp-json\/wp\/v2\/users\/806"}],"replies":[{"embeddable":true,"href":"https:\/\/agora.xtec.cat\/insjoandaustria\/wp-json\/wp\/v2\/comments?post=11115"}],"version-history":[{"count":6,"href":"https:\/\/agora.xtec.cat\/insjoandaustria\/wp-json\/wp\/v2\/posts\/11115\/revisions"}],"predecessor-version":[{"id":11123,"href":"https:\/\/agora.xtec.cat\/insjoandaustria\/wp-json\/wp\/v2\/posts\/11115\/revisions\/11123"}],"wp:featuredmedia":[{"embeddable":true,"href":"https:\/\/agora.xtec.cat\/insjoandaustria\/wp-json\/wp\/v2\/media\/11116"}],"wp:attachment":[{"href":"https:\/\/agora.xtec.cat\/insjoandaustria\/wp-json\/wp\/v2\/media?parent=11115"}],"wp:term":[{"taxonomy":"category","embeddable":true,"href":"https:\/\/agora.xtec.cat\/insjoandaustria\/wp-json\/wp\/v2\/categories?post=11115"},{"taxonomy":"post_tag","embeddable":true,"href":"https:\/\/agora.xtec.cat\/insjoandaustria\/wp-json\/wp\/v2\/tags?post=11115"}],"curies":[{"name":"wp","href":"https:\/\/api.w.org\/{rel}","templated":true}]}}