{"id":11042,"date":"2024-10-29T08:37:20","date_gmt":"2024-10-29T07:37:20","guid":{"rendered":"https:\/\/agora.xtec.cat\/insjoandaustria\/?p=11042"},"modified":"2024-10-29T08:40:38","modified_gmt":"2024-10-29T07:40:38","slug":"sortida-1r-deso","status":"publish","type":"post","link":"https:\/\/agora.xtec.cat\/insjoandaustria\/general\/sortida-1r-deso\/","title":{"rendered":"1r d&#8217;ESO sortim a Torrent de Can Coll"},"content":{"rendered":"<p><a href=\"https:\/\/agora.xtec.cat\/insjoandaustria\/wp-content\/uploads\/usu216\/2024\/10\/908F2DFF-67AD-4459-964D-F8CF23B3CDD6-scaled.jpg\"><br \/>\n<\/a><img loading=\"lazy\" decoding=\"async\" class=\"wp-image-11039 aligncenter\" src=\"https:\/\/agora.xtec.cat\/insjoandaustria\/wp-content\/uploads\/usu216\/2024\/10\/908F2DFF-67AD-4459-964D-F8CF23B3CDD6-169x300.jpg\" alt=\"\" width=\"300\" height=\"533\" srcset=\"https:\/\/agora.xtec.cat\/insjoandaustria\/wp-content\/uploads\/usu216\/2024\/10\/908F2DFF-67AD-4459-964D-F8CF23B3CDD6-169x300.jpg 169w, https:\/\/agora.xtec.cat\/insjoandaustria\/wp-content\/uploads\/usu216\/2024\/10\/908F2DFF-67AD-4459-964D-F8CF23B3CDD6-576x1024.jpg 576w, https:\/\/agora.xtec.cat\/insjoandaustria\/wp-content\/uploads\/usu216\/2024\/10\/908F2DFF-67AD-4459-964D-F8CF23B3CDD6-768x1365.jpg 768w, https:\/\/agora.xtec.cat\/insjoandaustria\/wp-content\/uploads\/usu216\/2024\/10\/908F2DFF-67AD-4459-964D-F8CF23B3CDD6-864x1536.jpg 864w, https:\/\/agora.xtec.cat\/insjoandaustria\/wp-content\/uploads\/usu216\/2024\/10\/908F2DFF-67AD-4459-964D-F8CF23B3CDD6-1152x2048.jpg 1152w, https:\/\/agora.xtec.cat\/insjoandaustria\/wp-content\/uploads\/usu216\/2024\/10\/908F2DFF-67AD-4459-964D-F8CF23B3CDD6-scaled.jpg 1440w\" sizes=\"auto, (max-width: 300px) 100vw, 300px\" \/><\/p>\n<p>El proppassat dijous 24 d&#8217;octubre l&#8217;alumnat de 1r d&#8217;ESO vam sortir a l&#8217;\u00c0rea de lleure Torrent de Can Coll, a Cerdanyola del Vall\u00e8s. L&#8217;objectiu va ser conviure per tal de cohesionar el grup al mateix temps que gaud\u00edem de la natura. Una caminada circular d&#8217;uns 10 quil\u00f2metres pel Parc de Collserola ens va ser un bon motiu per con\u00e8ixer una mica m\u00e9s el nostre espai natural.<\/p>\n<p><a href=\"https:\/\/agora.xtec.cat\/insjoandaustria\/wp-content\/uploads\/usu216\/2024\/10\/IMG_2172-scaled.jpg\"><img loading=\"lazy\" decoding=\"async\" class=\"wp-image-11040 aligncenter\" src=\"https:\/\/agora.xtec.cat\/insjoandaustria\/wp-content\/uploads\/usu216\/2024\/10\/IMG_2172-169x300.jpg\" alt=\"\" width=\"300\" height=\"533\" srcset=\"https:\/\/agora.xtec.cat\/insjoandaustria\/wp-content\/uploads\/usu216\/2024\/10\/IMG_2172-169x300.jpg 169w, https:\/\/agora.xtec.cat\/insjoandaustria\/wp-content\/uploads\/usu216\/2024\/10\/IMG_2172-576x1024.jpg 576w, https:\/\/agora.xtec.cat\/insjoandaustria\/wp-content\/uploads\/usu216\/2024\/10\/IMG_2172-768x1365.jpg 768w, https:\/\/agora.xtec.cat\/insjoandaustria\/wp-content\/uploads\/usu216\/2024\/10\/IMG_2172-864x1536.jpg 864w, https:\/\/agora.xtec.cat\/insjoandaustria\/wp-content\/uploads\/usu216\/2024\/10\/IMG_2172-1152x2048.jpg 1152w, https:\/\/agora.xtec.cat\/insjoandaustria\/wp-content\/uploads\/usu216\/2024\/10\/IMG_2172-scaled.jpg 1440w\" sizes=\"auto, (max-width: 300px) 100vw, 300px\" \/><\/a><\/p>\n","protected":false},"excerpt":{"rendered":"<p><a href=\"https:\/\/agora.xtec.cat\/insjoandaustria\/wp-content\/uploads\/usu216\/2024\/10\/908F2DFF-67AD-4459-964D-F8CF23B3CDD6-scaled.jpg\"><br \/>\n<\/a><br \/>\nEl proppassat dijous 24 d&#8217;octubre l&#8217;alumnat de 1r d&#8217;ESO vam sortir a l&#8217;\u00c0rea de lleure Torrent de Can Coll, a Cerdanyola del Vall\u00e8s. L&#8217;objectiu va ser conviure per tal de cohesionar el grup al mateix temps que gaud\u00edem de la natura. Una caminada circular&hellip;  <a href=\"https:\/\/agora.xtec.cat\/insjoandaustria\/general\/sortida-1r-deso\/\" title=\"Read 1r d&#8217;ESO sortim a Torrent de Can Coll\">Llegeix m\u00e9s\u00bb<\/a><\/p>\n","protected":false},"author":806,"featured_media":11039,"comment_status":"closed","ping_status":"closed","sticky":false,"template":"","format":"standard","meta":{"_bbp_topic_count":0,"_bbp_reply_count":0,"_bbp_total_topic_count":0,"_bbp_total_reply_count":0,"_bbp_voice_count":0,"_bbp_anonymous_reply_count":0,"_bbp_topic_count_hidden":0,"_bbp_reply_count_hidden":0,"_bbp_forum_subforum_count":0,"footnotes":""},"categories":[3,4,1,29],"tags":[],"class_list":["post-11042","post","type-post","status-publish","format-standard","has-post-thumbnail","hentry","category-eso","category-eso-1","category-general","category-portada"],"post_mailing_queue_ids":[],"_links":{"self":[{"href":"https:\/\/agora.xtec.cat\/insjoandaustria\/wp-json\/wp\/v2\/posts\/11042","targetHints":{"allow":["GET"]}}],"collection":[{"href":"https:\/\/agora.xtec.cat\/insjoandaustria\/wp-json\/wp\/v2\/posts"}],"about":[{"href":"https:\/\/agora.xtec.cat\/insjoandaustria\/wp-json\/wp\/v2\/types\/post"}],"author":[{"embeddable":true,"href":"https:\/\/agora.xtec.cat\/insjoandaustria\/wp-json\/wp\/v2\/users\/806"}],"replies":[{"embeddable":true,"href":"https:\/\/agora.xtec.cat\/insjoandaustria\/wp-json\/wp\/v2\/comments?post=11042"}],"version-history":[{"count":5,"href":"https:\/\/agora.xtec.cat\/insjoandaustria\/wp-json\/wp\/v2\/posts\/11042\/revisions"}],"predecessor-version":[{"id":11048,"href":"https:\/\/agora.xtec.cat\/insjoandaustria\/wp-json\/wp\/v2\/posts\/11042\/revisions\/11048"}],"wp:featuredmedia":[{"embeddable":true,"href":"https:\/\/agora.xtec.cat\/insjoandaustria\/wp-json\/wp\/v2\/media\/11039"}],"wp:attachment":[{"href":"https:\/\/agora.xtec.cat\/insjoandaustria\/wp-json\/wp\/v2\/media?parent=11042"}],"wp:term":[{"taxonomy":"category","embeddable":true,"href":"https:\/\/agora.xtec.cat\/insjoandaustria\/wp-json\/wp\/v2\/categories?post=11042"},{"taxonomy":"post_tag","embeddable":true,"href":"https:\/\/agora.xtec.cat\/insjoandaustria\/wp-json\/wp\/v2\/tags?post=11042"}],"curies":[{"name":"wp","href":"https:\/\/api.w.org\/{rel}","templated":true}]}}