{"id":11030,"date":"2024-10-20T14:35:55","date_gmt":"2024-10-20T12:35:55","guid":{"rendered":"https:\/\/agora.xtec.cat\/insjoandaustria\/?p=11030"},"modified":"2024-10-20T14:38:19","modified_gmt":"2024-10-20T12:38:19","slug":"els-de-4t-deso-al-laberint-dhorta","status":"publish","type":"post","link":"https:\/\/agora.xtec.cat\/insjoandaustria\/general\/els-de-4t-deso-al-laberint-dhorta\/","title":{"rendered":"Els de 4t d&#8217;ESO al Laberint d&#8217;Horta"},"content":{"rendered":"<p><a href=\"https:\/\/agora.xtec.cat\/insjoandaustria\/wp-content\/uploads\/usu216\/2024\/10\/IMG_20241017_102619308_HDR-scaled.jpg\"><img loading=\"lazy\" decoding=\"async\" class=\"wp-image-11031 aligncenter\" src=\"https:\/\/agora.xtec.cat\/insjoandaustria\/wp-content\/uploads\/usu216\/2024\/10\/IMG_20241017_102619308_HDR-300x226.jpg\" alt=\"\" width=\"425\" height=\"320\" srcset=\"https:\/\/agora.xtec.cat\/insjoandaustria\/wp-content\/uploads\/usu216\/2024\/10\/IMG_20241017_102619308_HDR-300x226.jpg 300w, https:\/\/agora.xtec.cat\/insjoandaustria\/wp-content\/uploads\/usu216\/2024\/10\/IMG_20241017_102619308_HDR-1024x771.jpg 1024w, https:\/\/agora.xtec.cat\/insjoandaustria\/wp-content\/uploads\/usu216\/2024\/10\/IMG_20241017_102619308_HDR-768x578.jpg 768w, https:\/\/agora.xtec.cat\/insjoandaustria\/wp-content\/uploads\/usu216\/2024\/10\/IMG_20241017_102619308_HDR-1536x1157.jpg 1536w, https:\/\/agora.xtec.cat\/insjoandaustria\/wp-content\/uploads\/usu216\/2024\/10\/IMG_20241017_102619308_HDR-2048x1542.jpg 2048w, https:\/\/agora.xtec.cat\/insjoandaustria\/wp-content\/uploads\/usu216\/2024\/10\/IMG_20241017_102619308_HDR-200x150.jpg 200w\" sizes=\"auto, (max-width: 425px) 100vw, 425px\" \/><\/a><\/p>\n<p>Des de tutoria de 4t d&#8217;ESO tamb\u00e9 es plantej\u00e0 una sortida per conviure i cohesionar el grup. El dia fou el dijous 17 i el lloc triat fou el Laberint d&#8217;Horta, un indret que permet\u00e9 de realitzar una gimcana fotogr\u00e0fica en qu\u00e8 l&#8217;alumnat pogu\u00e9 recon\u00e8ixer els principals indrets hist\u00f2rics art\u00edstics a l&#8217;ensems que els permet\u00e9 de posar nom a una part de la flora aut\u00f2ctona.<\/p>\n<p>Tot i que result\u00e0 un dia un p\u00e8l accidentat i amb una mica de pluja, acab\u00e0 sent una jornada molt interessant que acompl\u00ed els objectius proposats.<\/p>\n<p><a href=\"https:\/\/agora.xtec.cat\/insjoandaustria\/wp-content\/uploads\/usu216\/2024\/10\/IMG_20241017_103244795_HDR_Easy-Resize.com_.jpg\"><img loading=\"lazy\" decoding=\"async\" class=\"wp-image-11033 aligncenter\" src=\"https:\/\/agora.xtec.cat\/insjoandaustria\/wp-content\/uploads\/usu216\/2024\/10\/IMG_20241017_103244795_HDR_Easy-Resize.com_-300x226.jpg\" alt=\"\" width=\"400\" height=\"301\" srcset=\"https:\/\/agora.xtec.cat\/insjoandaustria\/wp-content\/uploads\/usu216\/2024\/10\/IMG_20241017_103244795_HDR_Easy-Resize.com_-300x226.jpg 300w, https:\/\/agora.xtec.cat\/insjoandaustria\/wp-content\/uploads\/usu216\/2024\/10\/IMG_20241017_103244795_HDR_Easy-Resize.com_-1024x771.jpg 1024w, https:\/\/agora.xtec.cat\/insjoandaustria\/wp-content\/uploads\/usu216\/2024\/10\/IMG_20241017_103244795_HDR_Easy-Resize.com_-768x578.jpg 768w, https:\/\/agora.xtec.cat\/insjoandaustria\/wp-content\/uploads\/usu216\/2024\/10\/IMG_20241017_103244795_HDR_Easy-Resize.com_-200x150.jpg 200w, https:\/\/agora.xtec.cat\/insjoandaustria\/wp-content\/uploads\/usu216\/2024\/10\/IMG_20241017_103244795_HDR_Easy-Resize.com_.jpg 1280w\" sizes=\"auto, (max-width: 400px) 100vw, 400px\" \/><\/a><\/p>\n<p><a href=\"https:\/\/agora.xtec.cat\/insjoandaustria\/wp-content\/uploads\/usu216\/2024\/10\/IMG_20241017_103309407_HDR_Easy-Resize.com_.jpg\"><img loading=\"lazy\" decoding=\"async\" class=\"wp-image-11032 aligncenter\" src=\"https:\/\/agora.xtec.cat\/insjoandaustria\/wp-content\/uploads\/usu216\/2024\/10\/IMG_20241017_103309407_HDR_Easy-Resize.com_-300x226.jpg\" alt=\"\" width=\"400\" height=\"301\" srcset=\"https:\/\/agora.xtec.cat\/insjoandaustria\/wp-content\/uploads\/usu216\/2024\/10\/IMG_20241017_103309407_HDR_Easy-Resize.com_-300x226.jpg 300w, https:\/\/agora.xtec.cat\/insjoandaustria\/wp-content\/uploads\/usu216\/2024\/10\/IMG_20241017_103309407_HDR_Easy-Resize.com_-1024x771.jpg 1024w, https:\/\/agora.xtec.cat\/insjoandaustria\/wp-content\/uploads\/usu216\/2024\/10\/IMG_20241017_103309407_HDR_Easy-Resize.com_-768x578.jpg 768w, https:\/\/agora.xtec.cat\/insjoandaustria\/wp-content\/uploads\/usu216\/2024\/10\/IMG_20241017_103309407_HDR_Easy-Resize.com_-200x150.jpg 200w, https:\/\/agora.xtec.cat\/insjoandaustria\/wp-content\/uploads\/usu216\/2024\/10\/IMG_20241017_103309407_HDR_Easy-Resize.com_.jpg 1280w\" sizes=\"auto, (max-width: 400px) 100vw, 400px\" \/><\/a><\/p>\n","protected":false},"excerpt":{"rendered":"<p><a href=\"https:\/\/agora.xtec.cat\/insjoandaustria\/wp-content\/uploads\/usu216\/2024\/10\/IMG_20241017_102619308_HDR-scaled.jpg\"><\/a><br \/>\nDes de tutoria de 4t d&#8217;ESO tamb\u00e9 es plantej\u00e0 una sortida per conviure i cohesionar el grup. El dia fou el dijous 17 i el lloc triat fou el Laberint d&#8217;Horta, un indret que permet\u00e9 de realitzar una gimcana fotogr\u00e0fica en qu\u00e8 l&#8217;alumnat pogu\u00e9&hellip;  <a href=\"https:\/\/agora.xtec.cat\/insjoandaustria\/general\/els-de-4t-deso-al-laberint-dhorta\/\" title=\"Read Els de 4t d&#8217;ESO al Laberint d&#8217;Horta\">Llegeix m\u00e9s\u00bb<\/a><\/p>\n","protected":false},"author":806,"featured_media":11031,"comment_status":"closed","ping_status":"closed","sticky":false,"template":"","format":"standard","meta":{"_bbp_topic_count":0,"_bbp_reply_count":0,"_bbp_total_topic_count":0,"_bbp_total_reply_count":0,"_bbp_voice_count":0,"_bbp_anonymous_reply_count":0,"_bbp_topic_count_hidden":0,"_bbp_reply_count_hidden":0,"_bbp_forum_subforum_count":0,"footnotes":""},"categories":[3,7,1,29],"tags":[],"class_list":["post-11030","post","type-post","status-publish","format-standard","has-post-thumbnail","hentry","category-eso","category-eso-4","category-general","category-portada"],"post_mailing_queue_ids":[],"_links":{"self":[{"href":"https:\/\/agora.xtec.cat\/insjoandaustria\/wp-json\/wp\/v2\/posts\/11030","targetHints":{"allow":["GET"]}}],"collection":[{"href":"https:\/\/agora.xtec.cat\/insjoandaustria\/wp-json\/wp\/v2\/posts"}],"about":[{"href":"https:\/\/agora.xtec.cat\/insjoandaustria\/wp-json\/wp\/v2\/types\/post"}],"author":[{"embeddable":true,"href":"https:\/\/agora.xtec.cat\/insjoandaustria\/wp-json\/wp\/v2\/users\/806"}],"replies":[{"embeddable":true,"href":"https:\/\/agora.xtec.cat\/insjoandaustria\/wp-json\/wp\/v2\/comments?post=11030"}],"version-history":[{"count":5,"href":"https:\/\/agora.xtec.cat\/insjoandaustria\/wp-json\/wp\/v2\/posts\/11030\/revisions"}],"predecessor-version":[{"id":11038,"href":"https:\/\/agora.xtec.cat\/insjoandaustria\/wp-json\/wp\/v2\/posts\/11030\/revisions\/11038"}],"wp:featuredmedia":[{"embeddable":true,"href":"https:\/\/agora.xtec.cat\/insjoandaustria\/wp-json\/wp\/v2\/media\/11031"}],"wp:attachment":[{"href":"https:\/\/agora.xtec.cat\/insjoandaustria\/wp-json\/wp\/v2\/media?parent=11030"}],"wp:term":[{"taxonomy":"category","embeddable":true,"href":"https:\/\/agora.xtec.cat\/insjoandaustria\/wp-json\/wp\/v2\/categories?post=11030"},{"taxonomy":"post_tag","embeddable":true,"href":"https:\/\/agora.xtec.cat\/insjoandaustria\/wp-json\/wp\/v2\/tags?post=11030"}],"curies":[{"name":"wp","href":"https:\/\/api.w.org\/{rel}","templated":true}]}}