{"id":10921,"date":"2024-09-30T16:12:43","date_gmt":"2024-09-30T14:12:43","guid":{"rendered":"https:\/\/agora.xtec.cat\/insjoandaustria\/?p=10921"},"modified":"2024-09-30T16:21:06","modified_gmt":"2024-09-30T14:21:06","slug":"ja-els-tenim-aqui","status":"publish","type":"post","link":"https:\/\/agora.xtec.cat\/insjoandaustria\/general\/ja-els-tenim-aqui\/","title":{"rendered":"Ja els tenim aqu\u00ed!"},"content":{"rendered":"<p><a href=\"https:\/\/agora.xtec.cat\/insjoandaustria\/wp-content\/uploads\/usu216\/2024\/09\/IMG-20240926-WA0009.jpg\"><img loading=\"lazy\" decoding=\"async\" class=\"aligncenter wp-image-10922\" src=\"https:\/\/agora.xtec.cat\/insjoandaustria\/wp-content\/uploads\/usu216\/2024\/09\/IMG-20240926-WA0009-1024x583.jpg\" alt=\"\" width=\"400\" height=\"228\" srcset=\"https:\/\/agora.xtec.cat\/insjoandaustria\/wp-content\/uploads\/usu216\/2024\/09\/IMG-20240926-WA0009-1024x583.jpg 1024w, https:\/\/agora.xtec.cat\/insjoandaustria\/wp-content\/uploads\/usu216\/2024\/09\/IMG-20240926-WA0009-300x171.jpg 300w, https:\/\/agora.xtec.cat\/insjoandaustria\/wp-content\/uploads\/usu216\/2024\/09\/IMG-20240926-WA0009-768x438.jpg 768w, https:\/\/agora.xtec.cat\/insjoandaustria\/wp-content\/uploads\/usu216\/2024\/09\/IMG-20240926-WA0009-1536x875.jpg 1536w, https:\/\/agora.xtec.cat\/insjoandaustria\/wp-content\/uploads\/usu216\/2024\/09\/IMG-20240926-WA0009.jpg 1650w\" sizes=\"auto, (max-width: 400px) 100vw, 400px\" \/><\/a><\/p>\n<p style=\"text-align: center;\">M\u00f2bils guardats als armariets i preparats per afavorir al m\u00e0xim la concentraci\u00f3!<\/p>\n<p>Aviat estaran ja a totes les aules perqu\u00e8 l&#8217;alumnat pugui estar atent a les classes en les orientacions del professorat i en els treballs que s&#8217;hi realitzen. Esperem que l&#8217;alumnat aprofiti el fet de venir sense m\u00f2bil a l&#8217;institut i, si de cas, de guardar-los en els armariets.<\/p>\n<p><a href=\"https:\/\/agora.xtec.cat\/insjoandaustria\/wp-content\/uploads\/usu216\/2024\/09\/IMG-20240926-WA00121.jpg\"><img loading=\"lazy\" decoding=\"async\" class=\"wp-image-10923 aligncenter\" src=\"https:\/\/agora.xtec.cat\/insjoandaustria\/wp-content\/uploads\/usu216\/2024\/09\/IMG-20240926-WA00121-300x175.jpg\" alt=\"\" width=\"400\" height=\"234\" srcset=\"https:\/\/agora.xtec.cat\/insjoandaustria\/wp-content\/uploads\/usu216\/2024\/09\/IMG-20240926-WA00121-300x175.jpg 300w, https:\/\/agora.xtec.cat\/insjoandaustria\/wp-content\/uploads\/usu216\/2024\/09\/IMG-20240926-WA00121-1024x599.jpg 1024w, https:\/\/agora.xtec.cat\/insjoandaustria\/wp-content\/uploads\/usu216\/2024\/09\/IMG-20240926-WA00121-768x449.jpg 768w, https:\/\/agora.xtec.cat\/insjoandaustria\/wp-content\/uploads\/usu216\/2024\/09\/IMG-20240926-WA00121-1536x898.jpg 1536w, https:\/\/agora.xtec.cat\/insjoandaustria\/wp-content\/uploads\/usu216\/2024\/09\/IMG-20240926-WA00121.jpg 1676w\" sizes=\"auto, (max-width: 400px) 100vw, 400px\" \/><\/a><\/p>\n<p>&nbsp;<\/p>\n","protected":false},"excerpt":{"rendered":"<p><a href=\"https:\/\/agora.xtec.cat\/insjoandaustria\/wp-content\/uploads\/usu216\/2024\/09\/IMG-20240926-WA0009.jpg\"><\/a><br \/>\nM\u00f2bils guardats als armariets i preparats per afavorir al m\u00e0xim la concentraci\u00f3!<br \/>\nAviat estaran ja a totes les aules perqu\u00e8 l&#8217;alumnat pugui estar atent a les classes en les orientacions del professorat i en els treballs que s&#8217;hi realitzen. Esperem que l&#8217;alumnat aprofiti el fet&hellip;  <a href=\"https:\/\/agora.xtec.cat\/insjoandaustria\/general\/ja-els-tenim-aqui\/\" title=\"Read Ja els tenim aqu\u00ed!\">Llegeix m\u00e9s\u00bb<\/a><\/p>\n","protected":false},"author":806,"featured_media":10922,"comment_status":"closed","ping_status":"closed","sticky":false,"template":"","format":"standard","meta":{"_bbp_topic_count":0,"_bbp_reply_count":0,"_bbp_total_topic_count":0,"_bbp_total_reply_count":0,"_bbp_voice_count":0,"_bbp_anonymous_reply_count":0,"_bbp_topic_count_hidden":0,"_bbp_reply_count_hidden":0,"_bbp_forum_subforum_count":0,"footnotes":""},"categories":[8,3,1,29],"tags":[],"class_list":["post-10921","post","type-post","status-publish","format-standard","has-post-thumbnail","hentry","category-batxillerat","category-eso","category-general","category-portada"],"post_mailing_queue_ids":[],"_links":{"self":[{"href":"https:\/\/agora.xtec.cat\/insjoandaustria\/wp-json\/wp\/v2\/posts\/10921","targetHints":{"allow":["GET"]}}],"collection":[{"href":"https:\/\/agora.xtec.cat\/insjoandaustria\/wp-json\/wp\/v2\/posts"}],"about":[{"href":"https:\/\/agora.xtec.cat\/insjoandaustria\/wp-json\/wp\/v2\/types\/post"}],"author":[{"embeddable":true,"href":"https:\/\/agora.xtec.cat\/insjoandaustria\/wp-json\/wp\/v2\/users\/806"}],"replies":[{"embeddable":true,"href":"https:\/\/agora.xtec.cat\/insjoandaustria\/wp-json\/wp\/v2\/comments?post=10921"}],"version-history":[{"count":5,"href":"https:\/\/agora.xtec.cat\/insjoandaustria\/wp-json\/wp\/v2\/posts\/10921\/revisions"}],"predecessor-version":[{"id":10940,"href":"https:\/\/agora.xtec.cat\/insjoandaustria\/wp-json\/wp\/v2\/posts\/10921\/revisions\/10940"}],"wp:featuredmedia":[{"embeddable":true,"href":"https:\/\/agora.xtec.cat\/insjoandaustria\/wp-json\/wp\/v2\/media\/10922"}],"wp:attachment":[{"href":"https:\/\/agora.xtec.cat\/insjoandaustria\/wp-json\/wp\/v2\/media?parent=10921"}],"wp:term":[{"taxonomy":"category","embeddable":true,"href":"https:\/\/agora.xtec.cat\/insjoandaustria\/wp-json\/wp\/v2\/categories?post=10921"},{"taxonomy":"post_tag","embeddable":true,"href":"https:\/\/agora.xtec.cat\/insjoandaustria\/wp-json\/wp\/v2\/tags?post=10921"}],"curies":[{"name":"wp","href":"https:\/\/api.w.org\/{rel}","templated":true}]}}