{"id":10910,"date":"2024-09-18T09:54:41","date_gmt":"2024-09-18T07:54:41","guid":{"rendered":"https:\/\/agora.xtec.cat\/insjoandaustria\/?p=10910"},"modified":"2024-09-25T09:52:58","modified_gmt":"2024-09-25T07:52:58","slug":"aula-dacollida-i-aula-dacollida-accelerada","status":"publish","type":"post","link":"https:\/\/agora.xtec.cat\/insjoandaustria\/general\/aula-dacollida-i-aula-dacollida-accelerada\/","title":{"rendered":"Aula d&#8217;Acollida i Aula d&#8217;Acollida Accelerada"},"content":{"rendered":"<p><a href=\"https:\/\/agora.xtec.cat\/insjoandaustria\/wp-content\/uploads\/usu216\/2024\/09\/1726643234114-scaled.jpg\"><img loading=\"lazy\" decoding=\"async\" class=\"size-medium wp-image-10912 aligncenter\" src=\"https:\/\/agora.xtec.cat\/insjoandaustria\/wp-content\/uploads\/usu216\/2024\/09\/1726643234114-300x225.jpg\" alt=\"\" width=\"300\" height=\"225\" srcset=\"https:\/\/agora.xtec.cat\/insjoandaustria\/wp-content\/uploads\/usu216\/2024\/09\/1726643234114-300x225.jpg 300w, https:\/\/agora.xtec.cat\/insjoandaustria\/wp-content\/uploads\/usu216\/2024\/09\/1726643234114-1024x769.jpg 1024w, https:\/\/agora.xtec.cat\/insjoandaustria\/wp-content\/uploads\/usu216\/2024\/09\/1726643234114-768x577.jpg 768w, https:\/\/agora.xtec.cat\/insjoandaustria\/wp-content\/uploads\/usu216\/2024\/09\/1726643234114-1536x1153.jpg 1536w, https:\/\/agora.xtec.cat\/insjoandaustria\/wp-content\/uploads\/usu216\/2024\/09\/1726643234114-2048x1538.jpg 2048w, https:\/\/agora.xtec.cat\/insjoandaustria\/wp-content\/uploads\/usu216\/2024\/09\/1726643234114-200x150.jpg 200w\" sizes=\"auto, (max-width: 300px) 100vw, 300px\" \/><\/a><\/p>\n<p>Aquest any, al centre, comptem amb una Aula d&#8217;Acollida que es preocupar\u00e0 de tot l&#8217;alumnat que s&#8217;ha incorporat al sistema educatiu catal\u00e0 a partir del 2022. Se&#8217;ls ajudar\u00e0 i acompanyar\u00e0 perqu\u00e8 puguin cr\u00e9ixer en el coneixement de la llengua catalana.<\/p>\n<p>Com l&#8217;any passat, aquest curs tamb\u00e9 compta amb una Aula d&#8217;Acollida Accelerada en la qual es van incorporant l&#8217;alumnat de llengua no rom\u00e0nica. Arribaran a ser una vintena d&#8217;alumnes que seran ben rebuts a l&#8217;institut.<\/p>\n<p>Molt bon cam\u00ed a tots!<\/p>\n<p><a href=\"https:\/\/agora.xtec.cat\/insjoandaustria\/wp-content\/uploads\/usu216\/2024\/09\/1726643291217-scaled.jpg\"><br \/>\n<img loading=\"lazy\" decoding=\"async\" class=\"size-medium wp-image-10911 aligncenter\" src=\"https:\/\/agora.xtec.cat\/insjoandaustria\/wp-content\/uploads\/usu216\/2024\/09\/1726643291217-300x225.jpg\" alt=\"\" width=\"300\" height=\"225\" srcset=\"https:\/\/agora.xtec.cat\/insjoandaustria\/wp-content\/uploads\/usu216\/2024\/09\/1726643291217-300x225.jpg 300w, https:\/\/agora.xtec.cat\/insjoandaustria\/wp-content\/uploads\/usu216\/2024\/09\/1726643291217-1024x769.jpg 1024w, https:\/\/agora.xtec.cat\/insjoandaustria\/wp-content\/uploads\/usu216\/2024\/09\/1726643291217-768x577.jpg 768w, https:\/\/agora.xtec.cat\/insjoandaustria\/wp-content\/uploads\/usu216\/2024\/09\/1726643291217-1536x1153.jpg 1536w, https:\/\/agora.xtec.cat\/insjoandaustria\/wp-content\/uploads\/usu216\/2024\/09\/1726643291217-2048x1538.jpg 2048w, https:\/\/agora.xtec.cat\/insjoandaustria\/wp-content\/uploads\/usu216\/2024\/09\/1726643291217-200x150.jpg 200w\" sizes=\"auto, (max-width: 300px) 100vw, 300px\" \/><\/a><\/p>\n<p>&nbsp;<\/p>\n","protected":false},"excerpt":{"rendered":"<p><a href=\"https:\/\/agora.xtec.cat\/insjoandaustria\/wp-content\/uploads\/usu216\/2024\/09\/1726643234114-scaled.jpg\"><\/a><br \/>\nAquest any, al centre, comptem amb una Aula d&#8217;Acollida que es preocupar\u00e0 de tot l&#8217;alumnat que s&#8217;ha incorporat al sistema educatiu catal\u00e0 a partir del 2022. Se&#8217;ls ajudar\u00e0 i acompanyar\u00e0 perqu\u00e8 puguin cr\u00e9ixer en el coneixement de la llengua catalana.<br \/>\nCom l&#8217;any passat, aquest curs&hellip;  <a href=\"https:\/\/agora.xtec.cat\/insjoandaustria\/general\/aula-dacollida-i-aula-dacollida-accelerada\/\" title=\"Read Aula d&#8217;Acollida i Aula d&#8217;Acollida Accelerada\">Llegeix m\u00e9s\u00bb<\/a><\/p>\n","protected":false},"author":806,"featured_media":10912,"comment_status":"closed","ping_status":"closed","sticky":false,"template":"","format":"standard","meta":{"_bbp_topic_count":0,"_bbp_reply_count":0,"_bbp_total_topic_count":0,"_bbp_total_reply_count":0,"_bbp_voice_count":0,"_bbp_anonymous_reply_count":0,"_bbp_topic_count_hidden":0,"_bbp_reply_count_hidden":0,"_bbp_forum_subforum_count":0,"footnotes":""},"categories":[450,1,449,29],"tags":[],"class_list":["post-10910","post","type-post","status-publish","format-standard","has-post-thumbnail","hentry","category-aules-dacollida","category-general","category-llengua-i-literatura-catalanes","category-portada"],"post_mailing_queue_ids":[],"_links":{"self":[{"href":"https:\/\/agora.xtec.cat\/insjoandaustria\/wp-json\/wp\/v2\/posts\/10910","targetHints":{"allow":["GET"]}}],"collection":[{"href":"https:\/\/agora.xtec.cat\/insjoandaustria\/wp-json\/wp\/v2\/posts"}],"about":[{"href":"https:\/\/agora.xtec.cat\/insjoandaustria\/wp-json\/wp\/v2\/types\/post"}],"author":[{"embeddable":true,"href":"https:\/\/agora.xtec.cat\/insjoandaustria\/wp-json\/wp\/v2\/users\/806"}],"replies":[{"embeddable":true,"href":"https:\/\/agora.xtec.cat\/insjoandaustria\/wp-json\/wp\/v2\/comments?post=10910"}],"version-history":[{"count":3,"href":"https:\/\/agora.xtec.cat\/insjoandaustria\/wp-json\/wp\/v2\/posts\/10910\/revisions"}],"predecessor-version":[{"id":10915,"href":"https:\/\/agora.xtec.cat\/insjoandaustria\/wp-json\/wp\/v2\/posts\/10910\/revisions\/10915"}],"wp:featuredmedia":[{"embeddable":true,"href":"https:\/\/agora.xtec.cat\/insjoandaustria\/wp-json\/wp\/v2\/media\/10912"}],"wp:attachment":[{"href":"https:\/\/agora.xtec.cat\/insjoandaustria\/wp-json\/wp\/v2\/media?parent=10910"}],"wp:term":[{"taxonomy":"category","embeddable":true,"href":"https:\/\/agora.xtec.cat\/insjoandaustria\/wp-json\/wp\/v2\/categories?post=10910"},{"taxonomy":"post_tag","embeddable":true,"href":"https:\/\/agora.xtec.cat\/insjoandaustria\/wp-json\/wp\/v2\/tags?post=10910"}],"curies":[{"name":"wp","href":"https:\/\/api.w.org\/{rel}","templated":true}]}}