{"id":10695,"date":"2024-06-06T13:09:41","date_gmt":"2024-06-06T11:09:41","guid":{"rendered":"https:\/\/agora.xtec.cat\/insjoandaustria\/?p=10695"},"modified":"2024-06-06T13:25:03","modified_gmt":"2024-06-06T11:25:03","slug":"aquarelles-a-laire-lliure","status":"publish","type":"post","link":"https:\/\/agora.xtec.cat\/insjoandaustria\/general\/aquarelles-a-laire-lliure\/","title":{"rendered":"Aquarel\u00b7les a l&#8217;aire lliure"},"content":{"rendered":"<div><\/div>\n<div><a href=\"https:\/\/agora.xtec.cat\/insjoandaustria\/wp-content\/uploads\/usu216\/2024\/06\/20240603_121418.jpg\"><img loading=\"lazy\" decoding=\"async\" class=\"aligncenter wp-image-10700\" src=\"https:\/\/agora.xtec.cat\/insjoandaustria\/wp-content\/uploads\/usu216\/2024\/06\/20240603_121418-211x300.jpg\" alt=\"\" width=\"317\" height=\"450\" srcset=\"https:\/\/agora.xtec.cat\/insjoandaustria\/wp-content\/uploads\/usu216\/2024\/06\/20240603_121418-211x300.jpg 211w, https:\/\/agora.xtec.cat\/insjoandaustria\/wp-content\/uploads\/usu216\/2024\/06\/20240603_121418-722x1024.jpg 722w, https:\/\/agora.xtec.cat\/insjoandaustria\/wp-content\/uploads\/usu216\/2024\/06\/20240603_121418-768x1089.jpg 768w, https:\/\/agora.xtec.cat\/insjoandaustria\/wp-content\/uploads\/usu216\/2024\/06\/20240603_121418-1083x1536.jpg 1083w, https:\/\/agora.xtec.cat\/insjoandaustria\/wp-content\/uploads\/usu216\/2024\/06\/20240603_121418-1444x2048.jpg 1444w, https:\/\/agora.xtec.cat\/insjoandaustria\/wp-content\/uploads\/usu216\/2024\/06\/20240603_121418.jpg 1579w\" sizes=\"auto, (max-width: 317px) 100vw, 317px\" \/><\/a><\/div>\n<div><\/div>\n<blockquote>\n<div><\/div>\n<div class=\"gmail_attr\">Arriba el bon temps i els alumnes de l&#8217;optativa de 1r d&#8217;ESO <span style=\"font-family: Arial, sans-serif;\">\u00abCom ser un explorador del m\u00f3n<\/span><span style=\"font-family: Arial, sans-serif;\">\u00bb tornen a sortir de l&#8217;aula per dibuixar i pintar els voltants del centre. En aquesta ocasi\u00f3 s&#8217;han situat davant de Centre C\u00edvic de Sant Mart\u00ed, un espai proper, agradable i tranquil que els permet gaudir de la t\u00e8cnica de l&#8217;aquarel\u00b7la.<\/span><\/div>\n<\/blockquote>\n<div style=\"text-align: center;\"><a href=\"https:\/\/agora.xtec.cat\/insjoandaustria\/wp-content\/uploads\/usu216\/2024\/06\/20240603_123041.jpg\"><img loading=\"lazy\" decoding=\"async\" class=\"alignnone wp-image-10703\" src=\"https:\/\/agora.xtec.cat\/insjoandaustria\/wp-content\/uploads\/usu216\/2024\/06\/20240603_123041-209x300.jpg\" alt=\"\" width=\"250\" height=\"359\" srcset=\"https:\/\/agora.xtec.cat\/insjoandaustria\/wp-content\/uploads\/usu216\/2024\/06\/20240603_123041-209x300.jpg 209w, https:\/\/agora.xtec.cat\/insjoandaustria\/wp-content\/uploads\/usu216\/2024\/06\/20240603_123041-713x1024.jpg 713w, https:\/\/agora.xtec.cat\/insjoandaustria\/wp-content\/uploads\/usu216\/2024\/06\/20240603_123041-768x1103.jpg 768w, https:\/\/agora.xtec.cat\/insjoandaustria\/wp-content\/uploads\/usu216\/2024\/06\/20240603_123041-1069x1536.jpg 1069w, https:\/\/agora.xtec.cat\/insjoandaustria\/wp-content\/uploads\/usu216\/2024\/06\/20240603_123041-1425x2048.jpg 1425w, https:\/\/agora.xtec.cat\/insjoandaustria\/wp-content\/uploads\/usu216\/2024\/06\/20240603_123041.jpg 1543w\" sizes=\"auto, (max-width: 250px) 100vw, 250px\" \/><\/a> <a href=\"https:\/\/agora.xtec.cat\/insjoandaustria\/wp-content\/uploads\/usu216\/2024\/06\/20240603_123028.jpg\"><img loading=\"lazy\" decoding=\"async\" class=\"alignnone wp-image-10702\" src=\"https:\/\/agora.xtec.cat\/insjoandaustria\/wp-content\/uploads\/usu216\/2024\/06\/20240603_123028-211x300.jpg\" alt=\"\" width=\"250\" height=\"356\" srcset=\"https:\/\/agora.xtec.cat\/insjoandaustria\/wp-content\/uploads\/usu216\/2024\/06\/20240603_123028-211x300.jpg 211w, https:\/\/agora.xtec.cat\/insjoandaustria\/wp-content\/uploads\/usu216\/2024\/06\/20240603_123028-720x1024.jpg 720w, https:\/\/agora.xtec.cat\/insjoandaustria\/wp-content\/uploads\/usu216\/2024\/06\/20240603_123028-768x1093.jpg 768w, https:\/\/agora.xtec.cat\/insjoandaustria\/wp-content\/uploads\/usu216\/2024\/06\/20240603_123028-1080x1536.jpg 1080w, https:\/\/agora.xtec.cat\/insjoandaustria\/wp-content\/uploads\/usu216\/2024\/06\/20240603_123028-1440x2048.jpg 1440w, https:\/\/agora.xtec.cat\/insjoandaustria\/wp-content\/uploads\/usu216\/2024\/06\/20240603_123028.jpg 1590w\" sizes=\"auto, (max-width: 250px) 100vw, 250px\" \/><\/a> <a href=\"https:\/\/agora.xtec.cat\/insjoandaustria\/wp-content\/uploads\/usu216\/2024\/06\/20240603_121556.jpg\"><img loading=\"lazy\" decoding=\"async\" class=\"alignnone wp-image-10701\" src=\"https:\/\/agora.xtec.cat\/insjoandaustria\/wp-content\/uploads\/usu216\/2024\/06\/20240603_121556-213x300.jpg\" alt=\"\" width=\"250\" height=\"352\" srcset=\"https:\/\/agora.xtec.cat\/insjoandaustria\/wp-content\/uploads\/usu216\/2024\/06\/20240603_121556-213x300.jpg 213w, https:\/\/agora.xtec.cat\/insjoandaustria\/wp-content\/uploads\/usu216\/2024\/06\/20240603_121556-727x1024.jpg 727w, https:\/\/agora.xtec.cat\/insjoandaustria\/wp-content\/uploads\/usu216\/2024\/06\/20240603_121556-768x1081.jpg 768w, https:\/\/agora.xtec.cat\/insjoandaustria\/wp-content\/uploads\/usu216\/2024\/06\/20240603_121556-1091x1536.jpg 1091w, https:\/\/agora.xtec.cat\/insjoandaustria\/wp-content\/uploads\/usu216\/2024\/06\/20240603_121556-1454x2048.jpg 1454w, https:\/\/agora.xtec.cat\/insjoandaustria\/wp-content\/uploads\/usu216\/2024\/06\/20240603_121556.jpg 1649w\" sizes=\"auto, (max-width: 250px) 100vw, 250px\" \/><\/a><\/div>\n<div><\/div>\n<div><\/div>\n<div><a href=\"https:\/\/agora.xtec.cat\/insjoandaustria\/wp-content\/uploads\/usu216\/2024\/06\/20240603_115406.jpg\"><img loading=\"lazy\" decoding=\"async\" class=\"aligncenter wp-image-10699\" src=\"https:\/\/agora.xtec.cat\/insjoandaustria\/wp-content\/uploads\/usu216\/2024\/06\/20240603_115406-205x300.jpg\" alt=\"\" width=\"250\" height=\"365\" srcset=\"https:\/\/agora.xtec.cat\/insjoandaustria\/wp-content\/uploads\/usu216\/2024\/06\/20240603_115406-205x300.jpg 205w, https:\/\/agora.xtec.cat\/insjoandaustria\/wp-content\/uploads\/usu216\/2024\/06\/20240603_115406-701x1024.jpg 701w, https:\/\/agora.xtec.cat\/insjoandaustria\/wp-content\/uploads\/usu216\/2024\/06\/20240603_115406-768x1122.jpg 768w, https:\/\/agora.xtec.cat\/insjoandaustria\/wp-content\/uploads\/usu216\/2024\/06\/20240603_115406-1052x1536.jpg 1052w, https:\/\/agora.xtec.cat\/insjoandaustria\/wp-content\/uploads\/usu216\/2024\/06\/20240603_115406-1402x2048.jpg 1402w, https:\/\/agora.xtec.cat\/insjoandaustria\/wp-content\/uploads\/usu216\/2024\/06\/20240603_115406.jpg 1615w\" sizes=\"auto, (max-width: 250px) 100vw, 250px\" \/><\/a><\/div>\n<div><\/div>\n<div><\/div>\n<div><\/div>\n<div><\/div>\n<div><\/div>\n<blockquote>\n<div><img loading=\"lazy\" decoding=\"async\" class=\"wp-image-10706 aligncenter\" src=\"https:\/\/agora.xtec.cat\/insjoandaustria\/wp-content\/uploads\/usu216\/2024\/06\/ext3-300x135.jpg\" alt=\"\" width=\"450\" height=\"202\" srcset=\"https:\/\/agora.xtec.cat\/insjoandaustria\/wp-content\/uploads\/usu216\/2024\/06\/ext3-300x135.jpg 300w, https:\/\/agora.xtec.cat\/insjoandaustria\/wp-content\/uploads\/usu216\/2024\/06\/ext3-1024x461.jpg 1024w, https:\/\/agora.xtec.cat\/insjoandaustria\/wp-content\/uploads\/usu216\/2024\/06\/ext3-768x346.jpg 768w, https:\/\/agora.xtec.cat\/insjoandaustria\/wp-content\/uploads\/usu216\/2024\/06\/ext3-1536x691.jpg 1536w, https:\/\/agora.xtec.cat\/insjoandaustria\/wp-content\/uploads\/usu216\/2024\/06\/ext3-2048x922.jpg 2048w\" sizes=\"auto, (max-width: 450px) 100vw, 450px\" \/><\/div>\n<\/blockquote>\n<div><img loading=\"lazy\" decoding=\"async\" class=\"wp-image-10705 aligncenter\" src=\"https:\/\/agora.xtec.cat\/insjoandaustria\/wp-content\/uploads\/usu216\/2024\/06\/ext2-scaled-e1717671561568-135x300.jpg\" alt=\"\" width=\"250\" height=\"556\" srcset=\"https:\/\/agora.xtec.cat\/insjoandaustria\/wp-content\/uploads\/usu216\/2024\/06\/ext2-scaled-e1717671561568-135x300.jpg 135w, https:\/\/agora.xtec.cat\/insjoandaustria\/wp-content\/uploads\/usu216\/2024\/06\/ext2-scaled-e1717671561568-461x1024.jpg 461w, https:\/\/agora.xtec.cat\/insjoandaustria\/wp-content\/uploads\/usu216\/2024\/06\/ext2-scaled-e1717671561568-768x1707.jpg 768w, https:\/\/agora.xtec.cat\/insjoandaustria\/wp-content\/uploads\/usu216\/2024\/06\/ext2-scaled-e1717671561568-691x1536.jpg 691w, https:\/\/agora.xtec.cat\/insjoandaustria\/wp-content\/uploads\/usu216\/2024\/06\/ext2-scaled-e1717671561568-922x2048.jpg 922w, https:\/\/agora.xtec.cat\/insjoandaustria\/wp-content\/uploads\/usu216\/2024\/06\/ext2-scaled-e1717671561568.jpg 1152w\" sizes=\"auto, (max-width: 250px) 100vw, 250px\" \/><\/div>\n<div><\/div>\n<blockquote>\n<div><a href=\"https:\/\/agora.xtec.cat\/insjoandaustria\/wp-content\/uploads\/usu216\/2024\/06\/Ext1-scaled-e1717671608649.jpg\"><img loading=\"lazy\" decoding=\"async\" class=\"wp-image-10704 aligncenter\" src=\"https:\/\/agora.xtec.cat\/insjoandaustria\/wp-content\/uploads\/usu216\/2024\/06\/Ext1-scaled-e1717671608649-135x300.jpg\" alt=\"\" width=\"250\" height=\"556\" srcset=\"https:\/\/agora.xtec.cat\/insjoandaustria\/wp-content\/uploads\/usu216\/2024\/06\/Ext1-scaled-e1717671608649-135x300.jpg 135w, https:\/\/agora.xtec.cat\/insjoandaustria\/wp-content\/uploads\/usu216\/2024\/06\/Ext1-scaled-e1717671608649-461x1024.jpg 461w, https:\/\/agora.xtec.cat\/insjoandaustria\/wp-content\/uploads\/usu216\/2024\/06\/Ext1-scaled-e1717671608649-768x1707.jpg 768w, https:\/\/agora.xtec.cat\/insjoandaustria\/wp-content\/uploads\/usu216\/2024\/06\/Ext1-scaled-e1717671608649-691x1536.jpg 691w, https:\/\/agora.xtec.cat\/insjoandaustria\/wp-content\/uploads\/usu216\/2024\/06\/Ext1-scaled-e1717671608649-922x2048.jpg 922w, https:\/\/agora.xtec.cat\/insjoandaustria\/wp-content\/uploads\/usu216\/2024\/06\/Ext1-scaled-e1717671608649.jpg 1152w\" sizes=\"auto, (max-width: 250px) 100vw, 250px\" \/><\/a><\/div>\n<\/blockquote>\n","protected":false},"excerpt":{"rendered":"<p><a href=\"https:\/\/agora.xtec.cat\/insjoandaustria\/wp-content\/uploads\/usu216\/2024\/06\/20240603_121418.jpg\"><\/a><\/p>\n<p>Arriba el bon temps i els alumnes de l&#8217;optativa de 1r d&#8217;ESO \u00abCom ser un explorador del m\u00f3n\u00bb tornen a sortir de l&#8217;aula per dibuixar i pintar els voltants del centre. En aquesta ocasi\u00f3 s&#8217;han situat davant de Centre C\u00edvic de Sant Mart\u00ed, un&hellip;  <a href=\"https:\/\/agora.xtec.cat\/insjoandaustria\/general\/aquarelles-a-laire-lliure\/\" title=\"Read Aquarel\u00b7les a l&#8217;aire lliure\">Llegeix m\u00e9s\u00bb<\/a><\/p>\n","protected":false},"author":806,"featured_media":10700,"comment_status":"closed","ping_status":"closed","sticky":false,"template":"","format":"standard","meta":{"_bbp_topic_count":0,"_bbp_reply_count":0,"_bbp_total_topic_count":0,"_bbp_total_reply_count":0,"_bbp_voice_count":0,"_bbp_anonymous_reply_count":0,"_bbp_topic_count_hidden":0,"_bbp_reply_count_hidden":0,"_bbp_forum_subforum_count":0,"footnotes":""},"categories":[3,4,1,29],"tags":[],"class_list":["post-10695","post","type-post","status-publish","format-standard","has-post-thumbnail","hentry","category-eso","category-eso-1","category-general","category-portada"],"post_mailing_queue_ids":[],"_links":{"self":[{"href":"https:\/\/agora.xtec.cat\/insjoandaustria\/wp-json\/wp\/v2\/posts\/10695","targetHints":{"allow":["GET"]}}],"collection":[{"href":"https:\/\/agora.xtec.cat\/insjoandaustria\/wp-json\/wp\/v2\/posts"}],"about":[{"href":"https:\/\/agora.xtec.cat\/insjoandaustria\/wp-json\/wp\/v2\/types\/post"}],"author":[{"embeddable":true,"href":"https:\/\/agora.xtec.cat\/insjoandaustria\/wp-json\/wp\/v2\/users\/806"}],"replies":[{"embeddable":true,"href":"https:\/\/agora.xtec.cat\/insjoandaustria\/wp-json\/wp\/v2\/comments?post=10695"}],"version-history":[{"count":6,"href":"https:\/\/agora.xtec.cat\/insjoandaustria\/wp-json\/wp\/v2\/posts\/10695\/revisions"}],"predecessor-version":[{"id":10716,"href":"https:\/\/agora.xtec.cat\/insjoandaustria\/wp-json\/wp\/v2\/posts\/10695\/revisions\/10716"}],"wp:featuredmedia":[{"embeddable":true,"href":"https:\/\/agora.xtec.cat\/insjoandaustria\/wp-json\/wp\/v2\/media\/10700"}],"wp:attachment":[{"href":"https:\/\/agora.xtec.cat\/insjoandaustria\/wp-json\/wp\/v2\/media?parent=10695"}],"wp:term":[{"taxonomy":"category","embeddable":true,"href":"https:\/\/agora.xtec.cat\/insjoandaustria\/wp-json\/wp\/v2\/categories?post=10695"},{"taxonomy":"post_tag","embeddable":true,"href":"https:\/\/agora.xtec.cat\/insjoandaustria\/wp-json\/wp\/v2\/tags?post=10695"}],"curies":[{"name":"wp","href":"https:\/\/api.w.org\/{rel}","templated":true}]}}