{"id":10669,"date":"2024-05-27T10:20:42","date_gmt":"2024-05-27T08:20:42","guid":{"rendered":"https:\/\/agora.xtec.cat\/insjoandaustria\/?p=10669"},"modified":"2024-06-21T12:31:00","modified_gmt":"2024-06-21T10:31:00","slug":"sortida-a-port-aventura","status":"publish","type":"post","link":"https:\/\/agora.xtec.cat\/insjoandaustria\/general\/sortida-a-port-aventura\/","title":{"rendered":"Sortida a Port Aventura"},"content":{"rendered":"<p><a href=\"https:\/\/agora.xtec.cat\/insjoandaustria\/wp-content\/uploads\/usu216\/2024\/05\/IMG_20240523_103335927_Easy-Resize.com_.jpg\"><img loading=\"lazy\" decoding=\"async\" class=\"wp-image-10670 aligncenter\" src=\"https:\/\/agora.xtec.cat\/insjoandaustria\/wp-content\/uploads\/usu216\/2024\/05\/IMG_20240523_103335927_Easy-Resize.com_-300x226.jpg\" alt=\"\" width=\"450\" height=\"339\" srcset=\"https:\/\/agora.xtec.cat\/insjoandaustria\/wp-content\/uploads\/usu216\/2024\/05\/IMG_20240523_103335927_Easy-Resize.com_-300x226.jpg 300w, https:\/\/agora.xtec.cat\/insjoandaustria\/wp-content\/uploads\/usu216\/2024\/05\/IMG_20240523_103335927_Easy-Resize.com_-1024x771.jpg 1024w, https:\/\/agora.xtec.cat\/insjoandaustria\/wp-content\/uploads\/usu216\/2024\/05\/IMG_20240523_103335927_Easy-Resize.com_-768x578.jpg 768w, https:\/\/agora.xtec.cat\/insjoandaustria\/wp-content\/uploads\/usu216\/2024\/05\/IMG_20240523_103335927_Easy-Resize.com_-200x150.jpg 200w, https:\/\/agora.xtec.cat\/insjoandaustria\/wp-content\/uploads\/usu216\/2024\/05\/IMG_20240523_103335927_Easy-Resize.com_.jpg 1280w\" sizes=\"auto, (max-width: 450px) 100vw, 450px\" \/><\/a><\/p>\n<p>El dijous 23 de maig l&#8217;alumnat de 1r i 2n d&#8217;ESO tingueren un dia de gaudi i d&#8217;il\u00b7lusi\u00f3 en qu\u00e8 pogueren pujar a atraccions a Port Aventura i gaudir de la conviv\u00e8ncia en un \u00e0mbit molt diferent a l&#8217;escolar. El 29 de maig hi anaren 3r, 4t d&#8217;ESO i Batxillerat. Van ser, per tant, uns dies l\u00fadics en qu\u00e8 s&#8217;ho passaren molt b\u00e9 i aix\u00ed, l&#8217;endem\u00e0, comen\u00e7ar el trajecte final del curs acad\u00e8mic.<\/p>\n<p style=\"text-align: center;\"><a href=\"https:\/\/agora.xtec.cat\/insjoandaustria\/wp-content\/uploads\/usu216\/2024\/05\/Copia-de-IMG_20240529_132627-scaled.jpg\"><img loading=\"lazy\" decoding=\"async\" class=\"alignnone wp-image-10789\" src=\"https:\/\/agora.xtec.cat\/insjoandaustria\/wp-content\/uploads\/usu216\/2024\/05\/Copia-de-IMG_20240529_132627-225x300.jpg\" alt=\"\" width=\"225\" height=\"300\" srcset=\"https:\/\/agora.xtec.cat\/insjoandaustria\/wp-content\/uploads\/usu216\/2024\/05\/Copia-de-IMG_20240529_132627-225x300.jpg 225w, https:\/\/agora.xtec.cat\/insjoandaustria\/wp-content\/uploads\/usu216\/2024\/05\/Copia-de-IMG_20240529_132627-768x1024.jpg 768w, https:\/\/agora.xtec.cat\/insjoandaustria\/wp-content\/uploads\/usu216\/2024\/05\/Copia-de-IMG_20240529_132627-1152x1536.jpg 1152w, https:\/\/agora.xtec.cat\/insjoandaustria\/wp-content\/uploads\/usu216\/2024\/05\/Copia-de-IMG_20240529_132627-1536x2048.jpg 1536w, https:\/\/agora.xtec.cat\/insjoandaustria\/wp-content\/uploads\/usu216\/2024\/05\/Copia-de-IMG_20240529_132627-scaled.jpg 1920w\" sizes=\"auto, (max-width: 225px) 100vw, 225px\" \/><\/a> <a href=\"https:\/\/agora.xtec.cat\/insjoandaustria\/wp-content\/uploads\/usu216\/2024\/05\/Copia-de-IMG_20240529_133335-1-scaled.jpg\"><img loading=\"lazy\" decoding=\"async\" class=\"alignnone size-medium wp-image-10790\" src=\"https:\/\/agora.xtec.cat\/insjoandaustria\/wp-content\/uploads\/usu216\/2024\/05\/Copia-de-IMG_20240529_133335-1-225x300.jpg\" alt=\"\" width=\"225\" height=\"300\" srcset=\"https:\/\/agora.xtec.cat\/insjoandaustria\/wp-content\/uploads\/usu216\/2024\/05\/Copia-de-IMG_20240529_133335-1-225x300.jpg 225w, https:\/\/agora.xtec.cat\/insjoandaustria\/wp-content\/uploads\/usu216\/2024\/05\/Copia-de-IMG_20240529_133335-1-768x1024.jpg 768w, https:\/\/agora.xtec.cat\/insjoandaustria\/wp-content\/uploads\/usu216\/2024\/05\/Copia-de-IMG_20240529_133335-1-1152x1536.jpg 1152w, https:\/\/agora.xtec.cat\/insjoandaustria\/wp-content\/uploads\/usu216\/2024\/05\/Copia-de-IMG_20240529_133335-1-1536x2048.jpg 1536w, https:\/\/agora.xtec.cat\/insjoandaustria\/wp-content\/uploads\/usu216\/2024\/05\/Copia-de-IMG_20240529_133335-1-scaled.jpg 1920w\" sizes=\"auto, (max-width: 225px) 100vw, 225px\" \/><\/a> <a href=\"https:\/\/agora.xtec.cat\/insjoandaustria\/wp-content\/uploads\/usu216\/2024\/05\/Copia-de-IMG_20240529_134006-scaled.jpg\"><img loading=\"lazy\" decoding=\"async\" class=\"alignnone size-medium wp-image-10791\" src=\"https:\/\/agora.xtec.cat\/insjoandaustria\/wp-content\/uploads\/usu216\/2024\/05\/Copia-de-IMG_20240529_134006-225x300.jpg\" alt=\"\" width=\"225\" height=\"300\" srcset=\"https:\/\/agora.xtec.cat\/insjoandaustria\/wp-content\/uploads\/usu216\/2024\/05\/Copia-de-IMG_20240529_134006-225x300.jpg 225w, https:\/\/agora.xtec.cat\/insjoandaustria\/wp-content\/uploads\/usu216\/2024\/05\/Copia-de-IMG_20240529_134006-768x1024.jpg 768w, https:\/\/agora.xtec.cat\/insjoandaustria\/wp-content\/uploads\/usu216\/2024\/05\/Copia-de-IMG_20240529_134006-1152x1536.jpg 1152w, https:\/\/agora.xtec.cat\/insjoandaustria\/wp-content\/uploads\/usu216\/2024\/05\/Copia-de-IMG_20240529_134006-1536x2048.jpg 1536w, https:\/\/agora.xtec.cat\/insjoandaustria\/wp-content\/uploads\/usu216\/2024\/05\/Copia-de-IMG_20240529_134006-scaled.jpg 1920w\" sizes=\"auto, (max-width: 225px) 100vw, 225px\" \/><\/a> <a href=\"https:\/\/agora.xtec.cat\/insjoandaustria\/wp-content\/uploads\/usu216\/2024\/05\/Copia-de-IMG_20240529_134317-scaled.jpg\"><img loading=\"lazy\" decoding=\"async\" class=\"alignnone size-medium wp-image-10792\" src=\"https:\/\/agora.xtec.cat\/insjoandaustria\/wp-content\/uploads\/usu216\/2024\/05\/Copia-de-IMG_20240529_134317-225x300.jpg\" alt=\"\" width=\"225\" height=\"300\" srcset=\"https:\/\/agora.xtec.cat\/insjoandaustria\/wp-content\/uploads\/usu216\/2024\/05\/Copia-de-IMG_20240529_134317-225x300.jpg 225w, https:\/\/agora.xtec.cat\/insjoandaustria\/wp-content\/uploads\/usu216\/2024\/05\/Copia-de-IMG_20240529_134317-768x1024.jpg 768w, https:\/\/agora.xtec.cat\/insjoandaustria\/wp-content\/uploads\/usu216\/2024\/05\/Copia-de-IMG_20240529_134317-1152x1536.jpg 1152w, https:\/\/agora.xtec.cat\/insjoandaustria\/wp-content\/uploads\/usu216\/2024\/05\/Copia-de-IMG_20240529_134317-1536x2048.jpg 1536w, https:\/\/agora.xtec.cat\/insjoandaustria\/wp-content\/uploads\/usu216\/2024\/05\/Copia-de-IMG_20240529_134317-scaled.jpg 1920w\" sizes=\"auto, (max-width: 225px) 100vw, 225px\" \/><\/a> <a href=\"https:\/\/agora.xtec.cat\/insjoandaustria\/wp-content\/uploads\/usu216\/2024\/05\/Copia-de-IMG_20240529_145030-scaled.jpg\"><img loading=\"lazy\" decoding=\"async\" class=\"alignnone size-medium wp-image-10793\" src=\"https:\/\/agora.xtec.cat\/insjoandaustria\/wp-content\/uploads\/usu216\/2024\/05\/Copia-de-IMG_20240529_145030-225x300.jpg\" alt=\"\" width=\"225\" height=\"300\" srcset=\"https:\/\/agora.xtec.cat\/insjoandaustria\/wp-content\/uploads\/usu216\/2024\/05\/Copia-de-IMG_20240529_145030-225x300.jpg 225w, https:\/\/agora.xtec.cat\/insjoandaustria\/wp-content\/uploads\/usu216\/2024\/05\/Copia-de-IMG_20240529_145030-768x1024.jpg 768w, https:\/\/agora.xtec.cat\/insjoandaustria\/wp-content\/uploads\/usu216\/2024\/05\/Copia-de-IMG_20240529_145030-1152x1536.jpg 1152w, https:\/\/agora.xtec.cat\/insjoandaustria\/wp-content\/uploads\/usu216\/2024\/05\/Copia-de-IMG_20240529_145030-1536x2048.jpg 1536w, https:\/\/agora.xtec.cat\/insjoandaustria\/wp-content\/uploads\/usu216\/2024\/05\/Copia-de-IMG_20240529_145030-scaled.jpg 1920w\" sizes=\"auto, (max-width: 225px) 100vw, 225px\" \/><\/a> <a href=\"https:\/\/agora.xtec.cat\/insjoandaustria\/wp-content\/uploads\/usu216\/2024\/05\/Copia-de-IMG_20240529_161938-scaled.jpg\"><img loading=\"lazy\" decoding=\"async\" class=\"alignnone size-medium wp-image-10794\" src=\"https:\/\/agora.xtec.cat\/insjoandaustria\/wp-content\/uploads\/usu216\/2024\/05\/Copia-de-IMG_20240529_161938-225x300.jpg\" alt=\"\" width=\"225\" height=\"300\" srcset=\"https:\/\/agora.xtec.cat\/insjoandaustria\/wp-content\/uploads\/usu216\/2024\/05\/Copia-de-IMG_20240529_161938-225x300.jpg 225w, https:\/\/agora.xtec.cat\/insjoandaustria\/wp-content\/uploads\/usu216\/2024\/05\/Copia-de-IMG_20240529_161938-768x1024.jpg 768w, https:\/\/agora.xtec.cat\/insjoandaustria\/wp-content\/uploads\/usu216\/2024\/05\/Copia-de-IMG_20240529_161938-1152x1536.jpg 1152w, https:\/\/agora.xtec.cat\/insjoandaustria\/wp-content\/uploads\/usu216\/2024\/05\/Copia-de-IMG_20240529_161938-1536x2048.jpg 1536w, https:\/\/agora.xtec.cat\/insjoandaustria\/wp-content\/uploads\/usu216\/2024\/05\/Copia-de-IMG_20240529_161938-scaled.jpg 1920w\" sizes=\"auto, (max-width: 225px) 100vw, 225px\" \/><\/a><\/p>\n","protected":false},"excerpt":{"rendered":"<p><a href=\"https:\/\/agora.xtec.cat\/insjoandaustria\/wp-content\/uploads\/usu216\/2024\/05\/IMG_20240523_103335927_Easy-Resize.com_.jpg\"><\/a><br \/>\nEl dijous 23 de maig l&#8217;alumnat de 1r i 2n d&#8217;ESO tingueren un dia de gaudi i d&#8217;il\u00b7lusi\u00f3 en qu\u00e8 pogueren pujar a atraccions a Port Aventura i gaudir de la conviv\u00e8ncia en un \u00e0mbit molt diferent a l&#8217;escolar. El 29 de maig hi&hellip;  <a href=\"https:\/\/agora.xtec.cat\/insjoandaustria\/general\/sortida-a-port-aventura\/\" title=\"Read Sortida a Port Aventura\">Llegeix m\u00e9s\u00bb<\/a><\/p>\n","protected":false},"author":806,"featured_media":10670,"comment_status":"closed","ping_status":"closed","sticky":false,"template":"","format":"standard","meta":{"_bbp_topic_count":0,"_bbp_reply_count":0,"_bbp_total_topic_count":0,"_bbp_total_reply_count":0,"_bbp_voice_count":0,"_bbp_anonymous_reply_count":0,"_bbp_topic_count_hidden":0,"_bbp_reply_count_hidden":0,"_bbp_forum_subforum_count":0,"footnotes":""},"categories":[8,3,1,29],"tags":[],"class_list":["post-10669","post","type-post","status-publish","format-standard","has-post-thumbnail","hentry","category-batxillerat","category-eso","category-general","category-portada"],"post_mailing_queue_ids":[],"_links":{"self":[{"href":"https:\/\/agora.xtec.cat\/insjoandaustria\/wp-json\/wp\/v2\/posts\/10669","targetHints":{"allow":["GET"]}}],"collection":[{"href":"https:\/\/agora.xtec.cat\/insjoandaustria\/wp-json\/wp\/v2\/posts"}],"about":[{"href":"https:\/\/agora.xtec.cat\/insjoandaustria\/wp-json\/wp\/v2\/types\/post"}],"author":[{"embeddable":true,"href":"https:\/\/agora.xtec.cat\/insjoandaustria\/wp-json\/wp\/v2\/users\/806"}],"replies":[{"embeddable":true,"href":"https:\/\/agora.xtec.cat\/insjoandaustria\/wp-json\/wp\/v2\/comments?post=10669"}],"version-history":[{"count":4,"href":"https:\/\/agora.xtec.cat\/insjoandaustria\/wp-json\/wp\/v2\/posts\/10669\/revisions"}],"predecessor-version":[{"id":10795,"href":"https:\/\/agora.xtec.cat\/insjoandaustria\/wp-json\/wp\/v2\/posts\/10669\/revisions\/10795"}],"wp:featuredmedia":[{"embeddable":true,"href":"https:\/\/agora.xtec.cat\/insjoandaustria\/wp-json\/wp\/v2\/media\/10670"}],"wp:attachment":[{"href":"https:\/\/agora.xtec.cat\/insjoandaustria\/wp-json\/wp\/v2\/media?parent=10669"}],"wp:term":[{"taxonomy":"category","embeddable":true,"href":"https:\/\/agora.xtec.cat\/insjoandaustria\/wp-json\/wp\/v2\/categories?post=10669"},{"taxonomy":"post_tag","embeddable":true,"href":"https:\/\/agora.xtec.cat\/insjoandaustria\/wp-json\/wp\/v2\/tags?post=10669"}],"curies":[{"name":"wp","href":"https:\/\/api.w.org\/{rel}","templated":true}]}}