{"id":10612,"date":"2024-05-15T11:56:21","date_gmt":"2024-05-15T09:56:21","guid":{"rendered":"https:\/\/agora.xtec.cat\/insjoandaustria\/?p=10612"},"modified":"2024-05-15T11:58:50","modified_gmt":"2024-05-15T09:58:50","slug":"fem-despies","status":"publish","type":"post","link":"https:\/\/agora.xtec.cat\/insjoandaustria\/general\/fem-despies\/","title":{"rendered":"Fem d&#8217;espies"},"content":{"rendered":"<p><a href=\"https:\/\/agora.xtec.cat\/insjoandaustria\/wp-content\/uploads\/usu216\/2024\/05\/20240508_115404_Easy-Resize.com_.jpg\"><img loading=\"lazy\" decoding=\"async\" class=\"aligncenter wp-image-10613\" src=\"https:\/\/agora.xtec.cat\/insjoandaustria\/wp-content\/uploads\/usu216\/2024\/05\/20240508_115404_Easy-Resize.com_-300x225.jpg\" alt=\"\" width=\"450\" height=\"338\" srcset=\"https:\/\/agora.xtec.cat\/insjoandaustria\/wp-content\/uploads\/usu216\/2024\/05\/20240508_115404_Easy-Resize.com_-300x225.jpg 300w, https:\/\/agora.xtec.cat\/insjoandaustria\/wp-content\/uploads\/usu216\/2024\/05\/20240508_115404_Easy-Resize.com_-1024x768.jpg 1024w, https:\/\/agora.xtec.cat\/insjoandaustria\/wp-content\/uploads\/usu216\/2024\/05\/20240508_115404_Easy-Resize.com_-768x576.jpg 768w, https:\/\/agora.xtec.cat\/insjoandaustria\/wp-content\/uploads\/usu216\/2024\/05\/20240508_115404_Easy-Resize.com_-200x150.jpg 200w, https:\/\/agora.xtec.cat\/insjoandaustria\/wp-content\/uploads\/usu216\/2024\/05\/20240508_115404_Easy-Resize.com_.jpg 1280w\" sizes=\"auto, (max-width: 450px) 100vw, 450px\" \/><\/a><\/p>\n<p dir=\"ltr\">L&#8217;alumnat de primer de batxillerat del centre va poder gaudir de la xerrada, amb el conseg\u00fcent taller, de la veu i la m\u00e0 de\u00a0 l\u2019expert en criptologia \u00d2scar Font, amb la seva aut\u00e8ntica m\u00e0quina Enigma de la II Guerra Mundial. Font ens ha explicat en qu\u00e8 consisteix la criptologia i la relaci\u00f3 amb les matem\u00e0tiques, com funciona la m\u00e0quina Enigma i qui era Alan Turing. Ens ha parlat de com Turing, amb les matem\u00e0tiques, van contribuir a escur\u00e7ar dos anys la guerra i, en conseq\u00fc\u00e8ncia, evitar milions de v\u00edctimes m\u00e9s. Posteriorment s&#8217;ha realitzat un taller pr\u00e0ctic sobre codis secrets i criptografia. Aqu\u00ed a sota en podeu veure fotografies.<\/p>\n<p><a href=\"https:\/\/agora.xtec.cat\/insjoandaustria\/wp-content\/uploads\/usu216\/2024\/05\/20240508_114052_Easy-Resize.com_.jpg\"><img loading=\"lazy\" decoding=\"async\" class=\"wp-image-10616 aligncenter\" src=\"https:\/\/agora.xtec.cat\/insjoandaustria\/wp-content\/uploads\/usu216\/2024\/05\/20240508_114052_Easy-Resize.com_-300x225.jpg\" alt=\"\" width=\"450\" height=\"338\" srcset=\"https:\/\/agora.xtec.cat\/insjoandaustria\/wp-content\/uploads\/usu216\/2024\/05\/20240508_114052_Easy-Resize.com_-300x225.jpg 300w, https:\/\/agora.xtec.cat\/insjoandaustria\/wp-content\/uploads\/usu216\/2024\/05\/20240508_114052_Easy-Resize.com_-1024x768.jpg 1024w, https:\/\/agora.xtec.cat\/insjoandaustria\/wp-content\/uploads\/usu216\/2024\/05\/20240508_114052_Easy-Resize.com_-768x576.jpg 768w, https:\/\/agora.xtec.cat\/insjoandaustria\/wp-content\/uploads\/usu216\/2024\/05\/20240508_114052_Easy-Resize.com_-200x150.jpg 200w, https:\/\/agora.xtec.cat\/insjoandaustria\/wp-content\/uploads\/usu216\/2024\/05\/20240508_114052_Easy-Resize.com_.jpg 1280w\" sizes=\"auto, (max-width: 450px) 100vw, 450px\" \/><\/a><\/p>\n<p><a href=\"https:\/\/agora.xtec.cat\/insjoandaustria\/wp-content\/uploads\/usu216\/2024\/05\/20240508_115438_Easy-Resize.com_.jpg\"><img loading=\"lazy\" decoding=\"async\" class=\"alignnone size-medium wp-image-10614\" src=\"https:\/\/agora.xtec.cat\/insjoandaustria\/wp-content\/uploads\/usu216\/2024\/05\/20240508_115438_Easy-Resize.com_-300x225.jpg\" alt=\"\" width=\"300\" height=\"225\" srcset=\"https:\/\/agora.xtec.cat\/insjoandaustria\/wp-content\/uploads\/usu216\/2024\/05\/20240508_115438_Easy-Resize.com_-300x225.jpg 300w, https:\/\/agora.xtec.cat\/insjoandaustria\/wp-content\/uploads\/usu216\/2024\/05\/20240508_115438_Easy-Resize.com_-1024x768.jpg 1024w, https:\/\/agora.xtec.cat\/insjoandaustria\/wp-content\/uploads\/usu216\/2024\/05\/20240508_115438_Easy-Resize.com_-768x576.jpg 768w, https:\/\/agora.xtec.cat\/insjoandaustria\/wp-content\/uploads\/usu216\/2024\/05\/20240508_115438_Easy-Resize.com_-200x150.jpg 200w, https:\/\/agora.xtec.cat\/insjoandaustria\/wp-content\/uploads\/usu216\/2024\/05\/20240508_115438_Easy-Resize.com_.jpg 1280w\" sizes=\"auto, (max-width: 300px) 100vw, 300px\" \/><\/a> <a href=\"https:\/\/agora.xtec.cat\/insjoandaustria\/wp-content\/uploads\/usu216\/2024\/05\/20240508_115445_Easy-Resize.com_.jpg\"><img loading=\"lazy\" decoding=\"async\" class=\"alignnone size-medium wp-image-10615\" src=\"https:\/\/agora.xtec.cat\/insjoandaustria\/wp-content\/uploads\/usu216\/2024\/05\/20240508_115445_Easy-Resize.com_-300x225.jpg\" alt=\"\" width=\"300\" height=\"225\" srcset=\"https:\/\/agora.xtec.cat\/insjoandaustria\/wp-content\/uploads\/usu216\/2024\/05\/20240508_115445_Easy-Resize.com_-300x225.jpg 300w, https:\/\/agora.xtec.cat\/insjoandaustria\/wp-content\/uploads\/usu216\/2024\/05\/20240508_115445_Easy-Resize.com_-1024x768.jpg 1024w, https:\/\/agora.xtec.cat\/insjoandaustria\/wp-content\/uploads\/usu216\/2024\/05\/20240508_115445_Easy-Resize.com_-768x576.jpg 768w, https:\/\/agora.xtec.cat\/insjoandaustria\/wp-content\/uploads\/usu216\/2024\/05\/20240508_115445_Easy-Resize.com_-200x150.jpg 200w, https:\/\/agora.xtec.cat\/insjoandaustria\/wp-content\/uploads\/usu216\/2024\/05\/20240508_115445_Easy-Resize.com_.jpg 1280w\" sizes=\"auto, (max-width: 300px) 100vw, 300px\" \/><\/a> <a href=\"https:\/\/agora.xtec.cat\/insjoandaustria\/wp-content\/uploads\/usu216\/2024\/05\/20240508_115145_Easy-Resize.com_.jpg\"><img loading=\"lazy\" decoding=\"async\" class=\"alignnone size-medium wp-image-10617\" src=\"https:\/\/agora.xtec.cat\/insjoandaustria\/wp-content\/uploads\/usu216\/2024\/05\/20240508_115145_Easy-Resize.com_-225x300.jpg\" alt=\"\" width=\"225\" height=\"300\" srcset=\"https:\/\/agora.xtec.cat\/insjoandaustria\/wp-content\/uploads\/usu216\/2024\/05\/20240508_115145_Easy-Resize.com_-225x300.jpg 225w, https:\/\/agora.xtec.cat\/insjoandaustria\/wp-content\/uploads\/usu216\/2024\/05\/20240508_115145_Easy-Resize.com_-768x1024.jpg 768w, https:\/\/agora.xtec.cat\/insjoandaustria\/wp-content\/uploads\/usu216\/2024\/05\/20240508_115145_Easy-Resize.com_.jpg 960w\" sizes=\"auto, (max-width: 225px) 100vw, 225px\" \/><\/a> <a href=\"https:\/\/agora.xtec.cat\/insjoandaustria\/wp-content\/uploads\/usu216\/2024\/05\/20240508_115234_Easy-Resize.com_.jpg\"><img loading=\"lazy\" decoding=\"async\" class=\"size-medium wp-image-10618 aligncenter\" src=\"https:\/\/agora.xtec.cat\/insjoandaustria\/wp-content\/uploads\/usu216\/2024\/05\/20240508_115234_Easy-Resize.com_-300x225.jpg\" alt=\"\" width=\"300\" height=\"225\" srcset=\"https:\/\/agora.xtec.cat\/insjoandaustria\/wp-content\/uploads\/usu216\/2024\/05\/20240508_115234_Easy-Resize.com_-300x225.jpg 300w, https:\/\/agora.xtec.cat\/insjoandaustria\/wp-content\/uploads\/usu216\/2024\/05\/20240508_115234_Easy-Resize.com_-1024x768.jpg 1024w, https:\/\/agora.xtec.cat\/insjoandaustria\/wp-content\/uploads\/usu216\/2024\/05\/20240508_115234_Easy-Resize.com_-768x576.jpg 768w, https:\/\/agora.xtec.cat\/insjoandaustria\/wp-content\/uploads\/usu216\/2024\/05\/20240508_115234_Easy-Resize.com_-200x150.jpg 200w, https:\/\/agora.xtec.cat\/insjoandaustria\/wp-content\/uploads\/usu216\/2024\/05\/20240508_115234_Easy-Resize.com_.jpg 1280w\" sizes=\"auto, (max-width: 300px) 100vw, 300px\" \/><\/a><\/p>\n<p>&nbsp;<\/p>\n<p>&nbsp;<\/p>\n","protected":false},"excerpt":{"rendered":"<p><a href=\"https:\/\/agora.xtec.cat\/insjoandaustria\/wp-content\/uploads\/usu216\/2024\/05\/20240508_115404_Easy-Resize.com_.jpg\"><\/a><br \/>\nL&#8217;alumnat de primer de batxillerat del centre va poder gaudir de la xerrada, amb el conseg\u00fcent taller, de la veu i la m\u00e0 de\u00a0 l\u2019expert en criptologia \u00d2scar Font, amb la seva aut\u00e8ntica m\u00e0quina Enigma de la II Guerra Mundial. Font ens ha explicat&hellip;  <a href=\"https:\/\/agora.xtec.cat\/insjoandaustria\/general\/fem-despies\/\" title=\"Read Fem d&#8217;espies\">Llegeix m\u00e9s\u00bb<\/a><\/p>\n","protected":false},"author":806,"featured_media":10613,"comment_status":"closed","ping_status":"closed","sticky":false,"template":"","format":"standard","meta":{"_bbp_topic_count":0,"_bbp_reply_count":0,"_bbp_total_topic_count":0,"_bbp_total_reply_count":0,"_bbp_voice_count":0,"_bbp_anonymous_reply_count":0,"_bbp_topic_count_hidden":0,"_bbp_reply_count_hidden":0,"_bbp_forum_subforum_count":0,"footnotes":""},"categories":[8,1,29],"tags":[],"class_list":["post-10612","post","type-post","status-publish","format-standard","has-post-thumbnail","hentry","category-batxillerat","category-general","category-portada"],"post_mailing_queue_ids":[],"_links":{"self":[{"href":"https:\/\/agora.xtec.cat\/insjoandaustria\/wp-json\/wp\/v2\/posts\/10612","targetHints":{"allow":["GET"]}}],"collection":[{"href":"https:\/\/agora.xtec.cat\/insjoandaustria\/wp-json\/wp\/v2\/posts"}],"about":[{"href":"https:\/\/agora.xtec.cat\/insjoandaustria\/wp-json\/wp\/v2\/types\/post"}],"author":[{"embeddable":true,"href":"https:\/\/agora.xtec.cat\/insjoandaustria\/wp-json\/wp\/v2\/users\/806"}],"replies":[{"embeddable":true,"href":"https:\/\/agora.xtec.cat\/insjoandaustria\/wp-json\/wp\/v2\/comments?post=10612"}],"version-history":[{"count":3,"href":"https:\/\/agora.xtec.cat\/insjoandaustria\/wp-json\/wp\/v2\/posts\/10612\/revisions"}],"predecessor-version":[{"id":10621,"href":"https:\/\/agora.xtec.cat\/insjoandaustria\/wp-json\/wp\/v2\/posts\/10612\/revisions\/10621"}],"wp:featuredmedia":[{"embeddable":true,"href":"https:\/\/agora.xtec.cat\/insjoandaustria\/wp-json\/wp\/v2\/media\/10613"}],"wp:attachment":[{"href":"https:\/\/agora.xtec.cat\/insjoandaustria\/wp-json\/wp\/v2\/media?parent=10612"}],"wp:term":[{"taxonomy":"category","embeddable":true,"href":"https:\/\/agora.xtec.cat\/insjoandaustria\/wp-json\/wp\/v2\/categories?post=10612"},{"taxonomy":"post_tag","embeddable":true,"href":"https:\/\/agora.xtec.cat\/insjoandaustria\/wp-json\/wp\/v2\/tags?post=10612"}],"curies":[{"name":"wp","href":"https:\/\/api.w.org\/{rel}","templated":true}]}}