{"id":10553,"date":"2024-04-29T09:58:30","date_gmt":"2024-04-29T07:58:30","guid":{"rendered":"https:\/\/agora.xtec.cat\/insjoandaustria\/?p=10553"},"modified":"2024-04-29T10:15:56","modified_gmt":"2024-04-29T08:15:56","slug":"mostra-de-recerca-jove","status":"publish","type":"post","link":"https:\/\/agora.xtec.cat\/insjoandaustria\/general\/mostra-de-recerca-jove\/","title":{"rendered":"Mostra de Recerca Jove"},"content":{"rendered":"<p><a href=\"https:\/\/agora.xtec.cat\/insjoandaustria\/wp-content\/uploads\/usu216\/2024\/04\/IMG-20240428-WA0003.jpg\"><img loading=\"lazy\" decoding=\"async\" class=\"wp-image-10558 aligncenter\" src=\"https:\/\/agora.xtec.cat\/insjoandaustria\/wp-content\/uploads\/usu216\/2024\/04\/IMG-20240428-WA0003-300x225.jpg\" alt=\"\" width=\"450\" height=\"338\" srcset=\"https:\/\/agora.xtec.cat\/insjoandaustria\/wp-content\/uploads\/usu216\/2024\/04\/IMG-20240428-WA0003-300x225.jpg 300w, https:\/\/agora.xtec.cat\/insjoandaustria\/wp-content\/uploads\/usu216\/2024\/04\/IMG-20240428-WA0003-1024x768.jpg 1024w, https:\/\/agora.xtec.cat\/insjoandaustria\/wp-content\/uploads\/usu216\/2024\/04\/IMG-20240428-WA0003-768x576.jpg 768w, https:\/\/agora.xtec.cat\/insjoandaustria\/wp-content\/uploads\/usu216\/2024\/04\/IMG-20240428-WA0003-1536x1152.jpg 1536w, https:\/\/agora.xtec.cat\/insjoandaustria\/wp-content\/uploads\/usu216\/2024\/04\/IMG-20240428-WA0003-200x150.jpg 200w, https:\/\/agora.xtec.cat\/insjoandaustria\/wp-content\/uploads\/usu216\/2024\/04\/IMG-20240428-WA0003.jpg 1600w\" sizes=\"auto, (max-width: 450px) 100vw, 450px\" \/><\/a><\/p>\n<p>La Mostra de Recerca Jove, organitzada pel Consorci d&#8217;Educaci\u00f3 de Barcelona, pret\u00e9n donar visibilitat al talent dels joves de Batxillerat que han elaborat treballs de recerca de gran qualitat.<\/p>\n<p>Aquest any se celebr\u00e0 el dia 11 d&#8217;abril de 2024 a l&#8217;Auditori de Sant Mart\u00ed i l&#8217;institut Joan d&#8217;\u00c0ustria es vei\u00e9 representat per l&#8217;alumna de 2n de Batxillerat, Faiza Mirza. Gr\u00e0cies i enhorabona Faiza per la teva feina i el teu saber fer!<\/p>\n<p><img loading=\"lazy\" decoding=\"async\" class=\"aligncenter wp-image-10559\" src=\"https:\/\/agora.xtec.cat\/insjoandaustria\/wp-content\/uploads\/usu216\/2024\/04\/IMG-20240428-WA0001-300x225.jpg\" alt=\"\" width=\"450\" height=\"338\" srcset=\"https:\/\/agora.xtec.cat\/insjoandaustria\/wp-content\/uploads\/usu216\/2024\/04\/IMG-20240428-WA0001-300x225.jpg 300w, https:\/\/agora.xtec.cat\/insjoandaustria\/wp-content\/uploads\/usu216\/2024\/04\/IMG-20240428-WA0001-1024x768.jpg 1024w, https:\/\/agora.xtec.cat\/insjoandaustria\/wp-content\/uploads\/usu216\/2024\/04\/IMG-20240428-WA0001-768x576.jpg 768w, https:\/\/agora.xtec.cat\/insjoandaustria\/wp-content\/uploads\/usu216\/2024\/04\/IMG-20240428-WA0001-1536x1152.jpg 1536w, https:\/\/agora.xtec.cat\/insjoandaustria\/wp-content\/uploads\/usu216\/2024\/04\/IMG-20240428-WA0001-200x150.jpg 200w, https:\/\/agora.xtec.cat\/insjoandaustria\/wp-content\/uploads\/usu216\/2024\/04\/IMG-20240428-WA0001.jpg 1600w\" sizes=\"auto, (max-width: 450px) 100vw, 450px\" \/><\/p>\n<p><a href=\"https:\/\/agora.xtec.cat\/insjoandaustria\/wp-content\/uploads\/usu216\/2024\/04\/IMG-20240428-WA0002.jpg\"><img loading=\"lazy\" decoding=\"async\" class=\"aligncenter wp-image-10560\" src=\"https:\/\/agora.xtec.cat\/insjoandaustria\/wp-content\/uploads\/usu216\/2024\/04\/IMG-20240428-WA0002-300x225.jpg\" alt=\"\" width=\"450\" height=\"338\" srcset=\"https:\/\/agora.xtec.cat\/insjoandaustria\/wp-content\/uploads\/usu216\/2024\/04\/IMG-20240428-WA0002-300x225.jpg 300w, https:\/\/agora.xtec.cat\/insjoandaustria\/wp-content\/uploads\/usu216\/2024\/04\/IMG-20240428-WA0002-1024x768.jpg 1024w, https:\/\/agora.xtec.cat\/insjoandaustria\/wp-content\/uploads\/usu216\/2024\/04\/IMG-20240428-WA0002-768x576.jpg 768w, https:\/\/agora.xtec.cat\/insjoandaustria\/wp-content\/uploads\/usu216\/2024\/04\/IMG-20240428-WA0002-1536x1152.jpg 1536w, https:\/\/agora.xtec.cat\/insjoandaustria\/wp-content\/uploads\/usu216\/2024\/04\/IMG-20240428-WA0002-200x150.jpg 200w, https:\/\/agora.xtec.cat\/insjoandaustria\/wp-content\/uploads\/usu216\/2024\/04\/IMG-20240428-WA0002.jpg 1600w\" sizes=\"auto, (max-width: 450px) 100vw, 450px\" \/><\/a><\/p>\n","protected":false},"excerpt":{"rendered":"<p><a href=\"https:\/\/agora.xtec.cat\/insjoandaustria\/wp-content\/uploads\/usu216\/2024\/04\/IMG-20240428-WA0003.jpg\"><\/a><br \/>\nLa Mostra de Recerca Jove, organitzada pel Consorci d&#8217;Educaci\u00f3 de Barcelona, pret\u00e9n donar visibilitat al talent dels joves de Batxillerat que han elaborat treballs de recerca de gran qualitat.<br \/>\nAquest any se celebr\u00e0 el dia 11 d&#8217;abril de 2024 a l&#8217;Auditori de Sant Mart\u00ed i&hellip;  <a href=\"https:\/\/agora.xtec.cat\/insjoandaustria\/general\/mostra-de-recerca-jove\/\" title=\"Read Mostra de Recerca Jove\">Llegeix m\u00e9s\u00bb<\/a><\/p>\n","protected":false},"author":806,"featured_media":10558,"comment_status":"closed","ping_status":"closed","sticky":false,"template":"","format":"standard","meta":{"_bbp_topic_count":0,"_bbp_reply_count":0,"_bbp_total_topic_count":0,"_bbp_total_reply_count":0,"_bbp_voice_count":0,"_bbp_anonymous_reply_count":0,"_bbp_topic_count_hidden":0,"_bbp_reply_count_hidden":0,"_bbp_forum_subforum_count":0,"footnotes":""},"categories":[8,1,29],"tags":[],"class_list":["post-10553","post","type-post","status-publish","format-standard","has-post-thumbnail","hentry","category-batxillerat","category-general","category-portada"],"post_mailing_queue_ids":[],"_links":{"self":[{"href":"https:\/\/agora.xtec.cat\/insjoandaustria\/wp-json\/wp\/v2\/posts\/10553","targetHints":{"allow":["GET"]}}],"collection":[{"href":"https:\/\/agora.xtec.cat\/insjoandaustria\/wp-json\/wp\/v2\/posts"}],"about":[{"href":"https:\/\/agora.xtec.cat\/insjoandaustria\/wp-json\/wp\/v2\/types\/post"}],"author":[{"embeddable":true,"href":"https:\/\/agora.xtec.cat\/insjoandaustria\/wp-json\/wp\/v2\/users\/806"}],"replies":[{"embeddable":true,"href":"https:\/\/agora.xtec.cat\/insjoandaustria\/wp-json\/wp\/v2\/comments?post=10553"}],"version-history":[{"count":4,"href":"https:\/\/agora.xtec.cat\/insjoandaustria\/wp-json\/wp\/v2\/posts\/10553\/revisions"}],"predecessor-version":[{"id":10561,"href":"https:\/\/agora.xtec.cat\/insjoandaustria\/wp-json\/wp\/v2\/posts\/10553\/revisions\/10561"}],"wp:featuredmedia":[{"embeddable":true,"href":"https:\/\/agora.xtec.cat\/insjoandaustria\/wp-json\/wp\/v2\/media\/10558"}],"wp:attachment":[{"href":"https:\/\/agora.xtec.cat\/insjoandaustria\/wp-json\/wp\/v2\/media?parent=10553"}],"wp:term":[{"taxonomy":"category","embeddable":true,"href":"https:\/\/agora.xtec.cat\/insjoandaustria\/wp-json\/wp\/v2\/categories?post=10553"},{"taxonomy":"post_tag","embeddable":true,"href":"https:\/\/agora.xtec.cat\/insjoandaustria\/wp-json\/wp\/v2\/tags?post=10553"}],"curies":[{"name":"wp","href":"https:\/\/api.w.org\/{rel}","templated":true}]}}