{"id":10508,"date":"2024-04-25T12:23:37","date_gmt":"2024-04-25T10:23:37","guid":{"rendered":"https:\/\/agora.xtec.cat\/insjoandaustria\/?p=10508"},"modified":"2024-04-29T10:25:54","modified_gmt":"2024-04-29T08:25:54","slug":"les-candidatures-del-jda-al-delf","status":"publish","type":"post","link":"https:\/\/agora.xtec.cat\/insjoandaustria\/general\/les-candidatures-del-jda-al-delf\/","title":{"rendered":"Les candidatures del JdA al DELF"},"content":{"rendered":"<p><a href=\"https:\/\/agora.xtec.cat\/insjoandaustria\/wp-content\/uploads\/usu216\/2024\/04\/DELF_Alumnat_2023_24_Easy-Resize.com_.jpg\"><img loading=\"lazy\" decoding=\"async\" class=\"aligncenter wp-image-10506\" src=\"https:\/\/agora.xtec.cat\/insjoandaustria\/wp-content\/uploads\/usu216\/2024\/04\/DELF_Alumnat_2023_24_Easy-Resize.com_-300x225.jpg\" alt=\"\" width=\"600\" height=\"450\" srcset=\"https:\/\/agora.xtec.cat\/insjoandaustria\/wp-content\/uploads\/usu216\/2024\/04\/DELF_Alumnat_2023_24_Easy-Resize.com_-300x225.jpg 300w, https:\/\/agora.xtec.cat\/insjoandaustria\/wp-content\/uploads\/usu216\/2024\/04\/DELF_Alumnat_2023_24_Easy-Resize.com_-1024x768.jpg 1024w, https:\/\/agora.xtec.cat\/insjoandaustria\/wp-content\/uploads\/usu216\/2024\/04\/DELF_Alumnat_2023_24_Easy-Resize.com_-768x576.jpg 768w, https:\/\/agora.xtec.cat\/insjoandaustria\/wp-content\/uploads\/usu216\/2024\/04\/DELF_Alumnat_2023_24_Easy-Resize.com_-200x150.jpg 200w, https:\/\/agora.xtec.cat\/insjoandaustria\/wp-content\/uploads\/usu216\/2024\/04\/DELF_Alumnat_2023_24_Easy-Resize.com_.jpg 1280w\" sizes=\"auto, (max-width: 600px) 100vw, 600px\" \/><\/a><\/p>\n<blockquote><p>Heus ac\u00ed les candidates al <em>Dipl\u00f4me d&#8217;\u00c9tudes en Langue Fran\u00e7aise<\/em> (DELF) de l&#8217;institut Joan d&#8217;\u00c0ustria. El DELF es pot obtenir durant el 4t curs de l&#8217;ESO o a 1r de Batxillerat i \u00e9s completament voluntari. L&#8217;avantatge de poder aconseguir el diploma \u00e9s que aquest l&#8217;atorga el <i>Minist\u00e8re de l&#8217;\u00c9ducation Nationale et de la Jeunesse<\/i>; \u00e9s oficial i est\u00e0 reconegut arreu del m\u00f3n. La professora de Llengua Francesa del Departament de Lleng\u00fces Estrangeres s&#8217;ocupa de preparar, preinscriure i inscriure a l&#8217;alumnat a la prova del DELF.<\/p><\/blockquote>\n","protected":false},"excerpt":{"rendered":"<p><a href=\"https:\/\/agora.xtec.cat\/insjoandaustria\/wp-content\/uploads\/usu216\/2024\/04\/DELF_Alumnat_2023_24_Easy-Resize.com_.jpg\"><\/a><br \/>\nHeus ac\u00ed les candidates al Dipl\u00f4me d&#8217;\u00c9tudes en Langue Fran\u00e7aise (DELF) de l&#8217;institut Joan d&#8217;\u00c0ustria. El DELF es pot obtenir durant el 4t curs de l&#8217;ESO o a 1r de Batxillerat i \u00e9s completament voluntari. L&#8217;avantatge de poder aconseguir el diploma \u00e9s que aquest&hellip;  <a href=\"https:\/\/agora.xtec.cat\/insjoandaustria\/general\/les-candidatures-del-jda-al-delf\/\" title=\"Read Les candidatures del JdA al DELF\">Llegeix m\u00e9s\u00bb<\/a><\/p>\n","protected":false},"author":806,"featured_media":10506,"comment_status":"closed","ping_status":"closed","sticky":false,"template":"","format":"standard","meta":{"_bbp_topic_count":0,"_bbp_reply_count":0,"_bbp_total_topic_count":0,"_bbp_total_reply_count":0,"_bbp_voice_count":0,"_bbp_anonymous_reply_count":0,"_bbp_topic_count_hidden":0,"_bbp_reply_count_hidden":0,"_bbp_forum_subforum_count":0,"footnotes":""},"categories":[8,84,7,1,29],"tags":[],"class_list":["post-10508","post","type-post","status-publish","format-standard","has-post-thumbnail","hentry","category-batxillerat","category-departaments","category-eso-4","category-general","category-portada"],"post_mailing_queue_ids":[],"_links":{"self":[{"href":"https:\/\/agora.xtec.cat\/insjoandaustria\/wp-json\/wp\/v2\/posts\/10508","targetHints":{"allow":["GET"]}}],"collection":[{"href":"https:\/\/agora.xtec.cat\/insjoandaustria\/wp-json\/wp\/v2\/posts"}],"about":[{"href":"https:\/\/agora.xtec.cat\/insjoandaustria\/wp-json\/wp\/v2\/types\/post"}],"author":[{"embeddable":true,"href":"https:\/\/agora.xtec.cat\/insjoandaustria\/wp-json\/wp\/v2\/users\/806"}],"replies":[{"embeddable":true,"href":"https:\/\/agora.xtec.cat\/insjoandaustria\/wp-json\/wp\/v2\/comments?post=10508"}],"version-history":[{"count":5,"href":"https:\/\/agora.xtec.cat\/insjoandaustria\/wp-json\/wp\/v2\/posts\/10508\/revisions"}],"predecessor-version":[{"id":10565,"href":"https:\/\/agora.xtec.cat\/insjoandaustria\/wp-json\/wp\/v2\/posts\/10508\/revisions\/10565"}],"wp:featuredmedia":[{"embeddable":true,"href":"https:\/\/agora.xtec.cat\/insjoandaustria\/wp-json\/wp\/v2\/media\/10506"}],"wp:attachment":[{"href":"https:\/\/agora.xtec.cat\/insjoandaustria\/wp-json\/wp\/v2\/media?parent=10508"}],"wp:term":[{"taxonomy":"category","embeddable":true,"href":"https:\/\/agora.xtec.cat\/insjoandaustria\/wp-json\/wp\/v2\/categories?post=10508"},{"taxonomy":"post_tag","embeddable":true,"href":"https:\/\/agora.xtec.cat\/insjoandaustria\/wp-json\/wp\/v2\/tags?post=10508"}],"curies":[{"name":"wp","href":"https:\/\/api.w.org\/{rel}","templated":true}]}}