{"id":10489,"date":"2024-04-25T10:34:21","date_gmt":"2024-04-25T08:34:21","guid":{"rendered":"https:\/\/agora.xtec.cat\/insjoandaustria\/?p=10489"},"modified":"2024-04-25T10:42:49","modified_gmt":"2024-04-25T08:42:49","slug":"si-encara-no-heu-fet-el-sant-jordi","status":"publish","type":"post","link":"https:\/\/agora.xtec.cat\/insjoandaustria\/general\/si-encara-no-heu-fet-el-sant-jordi\/","title":{"rendered":"Si per Sant Jordi no us ha conven\u00e7ut cap llibre"},"content":{"rendered":"<p><a href=\"https:\/\/agora.xtec.cat\/insjoandaustria\/wp-content\/uploads\/usu216\/2024\/04\/Gracieta.jpg\"><img loading=\"lazy\" decoding=\"async\" class=\"aligncenter wp-image-10490\" src=\"https:\/\/agora.xtec.cat\/insjoandaustria\/wp-content\/uploads\/usu216\/2024\/04\/Gracieta-185x300.jpg\" alt=\"\" width=\"370\" height=\"600\" srcset=\"https:\/\/agora.xtec.cat\/insjoandaustria\/wp-content\/uploads\/usu216\/2024\/04\/Gracieta-185x300.jpg 185w, https:\/\/agora.xtec.cat\/insjoandaustria\/wp-content\/uploads\/usu216\/2024\/04\/Gracieta.jpg 386w\" sizes=\"auto, (max-width: 370px) 100vw, 370px\" \/><\/a><\/p>\n<blockquote><p>Si heu voltat aquest sant Jordi i no us heu decidit per cap llibre; si no us ha fet el pes cap dels recomanats pels mitjans de comunicaci\u00f3 i, en canvi, us ho voleu passar b\u00e9 llegint, des de l&#8217;institut us en volem fer una recomanaci\u00f3: amb el llibre <em>Gracieta, per servir-la<\/em> trobareu una petita joia que inclou els ingredients que busc\u00e0veu. A m\u00e9s, estareu llegint una novel\u00b7la de la professora de llengua i literatura catalanes de l&#8217;Institut, M\u00f2nica Soler. Us deixem <span style=\"text-decoration: underline;\"><strong><a href=\"http:\/\/www.elpuntavui.cat\/cultura\/article\/19-cultura\/2407984-faig-ficcio-pero-em-preocupa-molt-la-versemblanca.html\">aqu\u00ed<\/a><\/strong><\/span> l&#8217;entrevista que es va publicar al diari catal\u00e0 <em>El Punt Avui<\/em> el proppassat 18 d&#8217;abril. Gaudiu del llibre! Enhorabona, M\u00f2nica!<\/p><\/blockquote>\n","protected":false},"excerpt":{"rendered":"<p><a href=\"https:\/\/agora.xtec.cat\/insjoandaustria\/wp-content\/uploads\/usu216\/2024\/04\/Gracieta.jpg\"><\/a><br \/>\nSi heu voltat aquest sant Jordi i no us heu decidit per cap llibre; si no us ha fet el pes cap dels recomanats pels mitjans de comunicaci\u00f3 i, en canvi, us ho voleu passar b\u00e9 llegint, des de l&#8217;institut us en volem fer&hellip;  <a href=\"https:\/\/agora.xtec.cat\/insjoandaustria\/general\/si-encara-no-heu-fet-el-sant-jordi\/\" title=\"Read Si per Sant Jordi no us ha conven\u00e7ut cap llibre\">Llegeix m\u00e9s\u00bb<\/a><\/p>\n","protected":false},"author":806,"featured_media":10490,"comment_status":"closed","ping_status":"closed","sticky":false,"template":"","format":"standard","meta":{"_bbp_topic_count":0,"_bbp_reply_count":0,"_bbp_total_topic_count":0,"_bbp_total_reply_count":0,"_bbp_voice_count":0,"_bbp_anonymous_reply_count":0,"_bbp_topic_count_hidden":0,"_bbp_reply_count_hidden":0,"_bbp_forum_subforum_count":0,"footnotes":""},"categories":[1,449,29],"tags":[],"class_list":["post-10489","post","type-post","status-publish","format-standard","has-post-thumbnail","hentry","category-general","category-llengua-i-literatura-catalanes","category-portada"],"post_mailing_queue_ids":[],"_links":{"self":[{"href":"https:\/\/agora.xtec.cat\/insjoandaustria\/wp-json\/wp\/v2\/posts\/10489","targetHints":{"allow":["GET"]}}],"collection":[{"href":"https:\/\/agora.xtec.cat\/insjoandaustria\/wp-json\/wp\/v2\/posts"}],"about":[{"href":"https:\/\/agora.xtec.cat\/insjoandaustria\/wp-json\/wp\/v2\/types\/post"}],"author":[{"embeddable":true,"href":"https:\/\/agora.xtec.cat\/insjoandaustria\/wp-json\/wp\/v2\/users\/806"}],"replies":[{"embeddable":true,"href":"https:\/\/agora.xtec.cat\/insjoandaustria\/wp-json\/wp\/v2\/comments?post=10489"}],"version-history":[{"count":6,"href":"https:\/\/agora.xtec.cat\/insjoandaustria\/wp-json\/wp\/v2\/posts\/10489\/revisions"}],"predecessor-version":[{"id":10498,"href":"https:\/\/agora.xtec.cat\/insjoandaustria\/wp-json\/wp\/v2\/posts\/10489\/revisions\/10498"}],"wp:featuredmedia":[{"embeddable":true,"href":"https:\/\/agora.xtec.cat\/insjoandaustria\/wp-json\/wp\/v2\/media\/10490"}],"wp:attachment":[{"href":"https:\/\/agora.xtec.cat\/insjoandaustria\/wp-json\/wp\/v2\/media?parent=10489"}],"wp:term":[{"taxonomy":"category","embeddable":true,"href":"https:\/\/agora.xtec.cat\/insjoandaustria\/wp-json\/wp\/v2\/categories?post=10489"},{"taxonomy":"post_tag","embeddable":true,"href":"https:\/\/agora.xtec.cat\/insjoandaustria\/wp-json\/wp\/v2\/tags?post=10489"}],"curies":[{"name":"wp","href":"https:\/\/api.w.org\/{rel}","templated":true}]}}