{"id":10419,"date":"2024-03-22T08:44:27","date_gmt":"2024-03-22T07:44:27","guid":{"rendered":"https:\/\/agora.xtec.cat\/insjoandaustria\/?p=10419"},"modified":"2024-03-22T10:35:44","modified_gmt":"2024-03-22T09:35:44","slug":"saint-patricks-celebration","status":"publish","type":"post","link":"https:\/\/agora.xtec.cat\/insjoandaustria\/general\/saint-patricks-celebration\/","title":{"rendered":"Saint Patrick&#8217;s celebration"},"content":{"rendered":"<p><a href=\"https:\/\/agora.xtec.cat\/insjoandaustria\/wp-content\/uploads\/usu216\/2024\/03\/20240315_122442-scaled.jpg\"><img loading=\"lazy\" decoding=\"async\" class=\"wp-image-10420 aligncenter\" src=\"https:\/\/agora.xtec.cat\/insjoandaustria\/wp-content\/uploads\/usu216\/2024\/03\/20240315_122442-300x139.jpg\" alt=\"\" width=\"500\" height=\"231\" srcset=\"https:\/\/agora.xtec.cat\/insjoandaustria\/wp-content\/uploads\/usu216\/2024\/03\/20240315_122442-300x139.jpg 300w, https:\/\/agora.xtec.cat\/insjoandaustria\/wp-content\/uploads\/usu216\/2024\/03\/20240315_122442-1024x473.jpg 1024w, https:\/\/agora.xtec.cat\/insjoandaustria\/wp-content\/uploads\/usu216\/2024\/03\/20240315_122442-768x355.jpg 768w, https:\/\/agora.xtec.cat\/insjoandaustria\/wp-content\/uploads\/usu216\/2024\/03\/20240315_122442-1536x710.jpg 1536w, https:\/\/agora.xtec.cat\/insjoandaustria\/wp-content\/uploads\/usu216\/2024\/03\/20240315_122442-2048x947.jpg 2048w\" sizes=\"auto, (max-width: 500px) 100vw, 500px\" \/><\/a><\/p>\n<p>El\u00a0 15 de mar\u00e7 vam celebrar Saint Patrick. Tot i que la festivitat s&#8217;esqueia el diumenge 17 de mar\u00e7, els nostres alumnes de 3r d&#8217;ESO van fer una activitat el divendres en qu\u00e8 van aprendre sobre aquesta festivitat i la cultura irlandesa. Es van fer cants i balls irlandesos. Tamb\u00e9 a l&#8217;institut van poder confeccionar un <span style=\"font-family: Arial, sans-serif;\">\u00abshamrock<\/span><span style=\"font-family: Arial, sans-serif;\">\u00bb,<\/span> t\u00edpic de la cultura irlandesa, que vam poder lluir a la roba tot el divendres.<\/p>\n<p><a href=\"https:\/\/agora.xtec.cat\/insjoandaustria\/wp-content\/uploads\/usu216\/2024\/03\/20240315_121234-scaled.jpg\"><img loading=\"lazy\" decoding=\"async\" class=\"wp-image-10421 aligncenter\" src=\"https:\/\/agora.xtec.cat\/insjoandaustria\/wp-content\/uploads\/usu216\/2024\/03\/20240315_121234-300x139.jpg\" alt=\"\" width=\"500\" height=\"231\" srcset=\"https:\/\/agora.xtec.cat\/insjoandaustria\/wp-content\/uploads\/usu216\/2024\/03\/20240315_121234-300x139.jpg 300w, https:\/\/agora.xtec.cat\/insjoandaustria\/wp-content\/uploads\/usu216\/2024\/03\/20240315_121234-1024x473.jpg 1024w, https:\/\/agora.xtec.cat\/insjoandaustria\/wp-content\/uploads\/usu216\/2024\/03\/20240315_121234-768x355.jpg 768w, https:\/\/agora.xtec.cat\/insjoandaustria\/wp-content\/uploads\/usu216\/2024\/03\/20240315_121234-1536x710.jpg 1536w, https:\/\/agora.xtec.cat\/insjoandaustria\/wp-content\/uploads\/usu216\/2024\/03\/20240315_121234-2048x947.jpg 2048w\" sizes=\"auto, (max-width: 500px) 100vw, 500px\" \/><\/a><\/p>\n<p><a href=\"https:\/\/agora.xtec.cat\/insjoandaustria\/wp-content\/uploads\/usu216\/2024\/03\/20240315_121209-scaled.jpg\"><img loading=\"lazy\" decoding=\"async\" class=\"aligncenter wp-image-10426\" src=\"https:\/\/agora.xtec.cat\/insjoandaustria\/wp-content\/uploads\/usu216\/2024\/03\/20240315_121209-300x139.jpg\" alt=\"\" width=\"500\" height=\"231\" srcset=\"https:\/\/agora.xtec.cat\/insjoandaustria\/wp-content\/uploads\/usu216\/2024\/03\/20240315_121209-300x139.jpg 300w, https:\/\/agora.xtec.cat\/insjoandaustria\/wp-content\/uploads\/usu216\/2024\/03\/20240315_121209-1024x473.jpg 1024w, https:\/\/agora.xtec.cat\/insjoandaustria\/wp-content\/uploads\/usu216\/2024\/03\/20240315_121209-768x355.jpg 768w, https:\/\/agora.xtec.cat\/insjoandaustria\/wp-content\/uploads\/usu216\/2024\/03\/20240315_121209-1536x710.jpg 1536w, https:\/\/agora.xtec.cat\/insjoandaustria\/wp-content\/uploads\/usu216\/2024\/03\/20240315_121209-2048x947.jpg 2048w\" sizes=\"auto, (max-width: 500px) 100vw, 500px\" \/><\/a><\/p>\n<p>&nbsp;<\/p>\n","protected":false},"excerpt":{"rendered":"<p><a href=\"https:\/\/agora.xtec.cat\/insjoandaustria\/wp-content\/uploads\/usu216\/2024\/03\/20240315_122442-scaled.jpg\"><\/a><br \/>\nEl\u00a0 15 de mar\u00e7 vam celebrar Saint Patrick. Tot i que la festivitat s&#8217;esqueia el diumenge 17 de mar\u00e7, els nostres alumnes de 3r d&#8217;ESO van fer una activitat el divendres en qu\u00e8 van aprendre sobre aquesta festivitat i la cultura irlandesa. Es van&hellip;  <a href=\"https:\/\/agora.xtec.cat\/insjoandaustria\/general\/saint-patricks-celebration\/\" title=\"Read Saint Patrick&#8217;s celebration\">Llegeix m\u00e9s\u00bb<\/a><\/p>\n","protected":false},"author":806,"featured_media":10420,"comment_status":"closed","ping_status":"closed","sticky":false,"template":"","format":"standard","meta":{"_bbp_topic_count":0,"_bbp_reply_count":0,"_bbp_total_topic_count":0,"_bbp_total_reply_count":0,"_bbp_voice_count":0,"_bbp_anonymous_reply_count":0,"_bbp_topic_count_hidden":0,"_bbp_reply_count_hidden":0,"_bbp_forum_subforum_count":0,"footnotes":""},"categories":[42,6,1,29],"tags":[],"class_list":["post-10419","post","type-post","status-publish","format-standard","has-post-thumbnail","hentry","category-angles","category-eso-3","category-general","category-portada"],"post_mailing_queue_ids":[],"_links":{"self":[{"href":"https:\/\/agora.xtec.cat\/insjoandaustria\/wp-json\/wp\/v2\/posts\/10419","targetHints":{"allow":["GET"]}}],"collection":[{"href":"https:\/\/agora.xtec.cat\/insjoandaustria\/wp-json\/wp\/v2\/posts"}],"about":[{"href":"https:\/\/agora.xtec.cat\/insjoandaustria\/wp-json\/wp\/v2\/types\/post"}],"author":[{"embeddable":true,"href":"https:\/\/agora.xtec.cat\/insjoandaustria\/wp-json\/wp\/v2\/users\/806"}],"replies":[{"embeddable":true,"href":"https:\/\/agora.xtec.cat\/insjoandaustria\/wp-json\/wp\/v2\/comments?post=10419"}],"version-history":[{"count":6,"href":"https:\/\/agora.xtec.cat\/insjoandaustria\/wp-json\/wp\/v2\/posts\/10419\/revisions"}],"predecessor-version":[{"id":10429,"href":"https:\/\/agora.xtec.cat\/insjoandaustria\/wp-json\/wp\/v2\/posts\/10419\/revisions\/10429"}],"wp:featuredmedia":[{"embeddable":true,"href":"https:\/\/agora.xtec.cat\/insjoandaustria\/wp-json\/wp\/v2\/media\/10420"}],"wp:attachment":[{"href":"https:\/\/agora.xtec.cat\/insjoandaustria\/wp-json\/wp\/v2\/media?parent=10419"}],"wp:term":[{"taxonomy":"category","embeddable":true,"href":"https:\/\/agora.xtec.cat\/insjoandaustria\/wp-json\/wp\/v2\/categories?post=10419"},{"taxonomy":"post_tag","embeddable":true,"href":"https:\/\/agora.xtec.cat\/insjoandaustria\/wp-json\/wp\/v2\/tags?post=10419"}],"curies":[{"name":"wp","href":"https:\/\/api.w.org\/{rel}","templated":true}]}}