{"id":10396,"date":"2024-03-13T12:23:41","date_gmt":"2024-03-13T11:23:41","guid":{"rendered":"https:\/\/agora.xtec.cat\/insjoandaustria\/?p=10396"},"modified":"2024-04-25T10:45:41","modified_gmt":"2024-04-25T08:45:41","slug":"portes-obertes-batxillerat","status":"publish","type":"post","link":"https:\/\/agora.xtec.cat\/insjoandaustria\/batxillerat\/portes-obertes-batxillerat\/","title":{"rendered":"Portes Obertes Batxillerat"},"content":{"rendered":"<p><a href=\"https:\/\/agora.xtec.cat\/insjoandaustria\/wp-content\/uploads\/usu216\/2024\/03\/batx.png\"><img loading=\"lazy\" decoding=\"async\" class=\"aligncenter size-large wp-image-10393\" src=\"https:\/\/agora.xtec.cat\/insjoandaustria\/wp-content\/uploads\/usu216\/2024\/03\/batx-1024x256.png\" alt=\"\" width=\"1024\" height=\"256\" srcset=\"https:\/\/agora.xtec.cat\/insjoandaustria\/wp-content\/uploads\/usu216\/2024\/03\/batx-1024x256.png 1024w, https:\/\/agora.xtec.cat\/insjoandaustria\/wp-content\/uploads\/usu216\/2024\/03\/batx-300x75.png 300w, https:\/\/agora.xtec.cat\/insjoandaustria\/wp-content\/uploads\/usu216\/2024\/03\/batx-768x192.png 768w, https:\/\/agora.xtec.cat\/insjoandaustria\/wp-content\/uploads\/usu216\/2024\/03\/batx-1536x384.png 1536w, https:\/\/agora.xtec.cat\/insjoandaustria\/wp-content\/uploads\/usu216\/2024\/03\/batx.png 1920w\" sizes=\"auto, (max-width: 1024px) 100vw, 1024px\" \/><\/a><\/p>\n<p>Benvolgudes fam\u00edlies,<\/p>\n<p>Us informem que properament celebrarem la jornada de portes obertes de l&#8217;institut Joan d&#8217;\u00c0ustria per a l&#8217;etapa de Batxillerat. Aquest esdeveniment tindr\u00e0 lloc el proper<strong> dijous 18 d&#8217;abril a les 18h.<\/strong><\/p>\n<p>Us convidem a assistir a aquesta jornada, en qu\u00e8 tindreu l&#8217;oportunitat de con\u00e8ixer m\u00e9s de prop el nostre centre educatiu, l&#8217;equip docent i les nostres instal\u00b7lacions.<\/p>\n<p>Gr\u00e0cies per la vostra atenci\u00f3 i confian\u00e7a.<\/p>\n","protected":false},"excerpt":{"rendered":"<p><a href=\"https:\/\/agora.xtec.cat\/insjoandaustria\/wp-content\/uploads\/usu216\/2024\/03\/batx.png\"><\/a><br \/>\nBenvolgudes fam\u00edlies,<br \/>\nUs informem que properament celebrarem la jornada de portes obertes de l&#8217;institut Joan d&#8217;\u00c0ustria per a l&#8217;etapa de Batxillerat. Aquest esdeveniment tindr\u00e0 lloc el proper dijous 18 d&#8217;abril a les 18h.<br \/>\nUs convidem a assistir a aquesta jornada, en qu\u00e8 tindreu l&#8217;oportunitat de con\u00e8ixer&hellip;  <a href=\"https:\/\/agora.xtec.cat\/insjoandaustria\/batxillerat\/portes-obertes-batxillerat\/\" title=\"Read Portes Obertes Batxillerat\">Llegeix m\u00e9s\u00bb<\/a><\/p>\n","protected":false},"author":876,"featured_media":10393,"comment_status":"closed","ping_status":"closed","sticky":false,"template":"","format":"standard","meta":{"_bbp_topic_count":0,"_bbp_reply_count":0,"_bbp_total_topic_count":0,"_bbp_total_reply_count":0,"_bbp_voice_count":0,"_bbp_anonymous_reply_count":0,"_bbp_topic_count_hidden":0,"_bbp_reply_count_hidden":0,"_bbp_forum_subforum_count":0,"footnotes":""},"categories":[8,29],"tags":[],"class_list":["post-10396","post","type-post","status-publish","format-standard","has-post-thumbnail","hentry","category-batxillerat","category-portada"],"post_mailing_queue_ids":[],"_links":{"self":[{"href":"https:\/\/agora.xtec.cat\/insjoandaustria\/wp-json\/wp\/v2\/posts\/10396","targetHints":{"allow":["GET"]}}],"collection":[{"href":"https:\/\/agora.xtec.cat\/insjoandaustria\/wp-json\/wp\/v2\/posts"}],"about":[{"href":"https:\/\/agora.xtec.cat\/insjoandaustria\/wp-json\/wp\/v2\/types\/post"}],"author":[{"embeddable":true,"href":"https:\/\/agora.xtec.cat\/insjoandaustria\/wp-json\/wp\/v2\/users\/876"}],"replies":[{"embeddable":true,"href":"https:\/\/agora.xtec.cat\/insjoandaustria\/wp-json\/wp\/v2\/comments?post=10396"}],"version-history":[{"count":3,"href":"https:\/\/agora.xtec.cat\/insjoandaustria\/wp-json\/wp\/v2\/posts\/10396\/revisions"}],"predecessor-version":[{"id":10412,"href":"https:\/\/agora.xtec.cat\/insjoandaustria\/wp-json\/wp\/v2\/posts\/10396\/revisions\/10412"}],"wp:featuredmedia":[{"embeddable":true,"href":"https:\/\/agora.xtec.cat\/insjoandaustria\/wp-json\/wp\/v2\/media\/10393"}],"wp:attachment":[{"href":"https:\/\/agora.xtec.cat\/insjoandaustria\/wp-json\/wp\/v2\/media?parent=10396"}],"wp:term":[{"taxonomy":"category","embeddable":true,"href":"https:\/\/agora.xtec.cat\/insjoandaustria\/wp-json\/wp\/v2\/categories?post=10396"},{"taxonomy":"post_tag","embeddable":true,"href":"https:\/\/agora.xtec.cat\/insjoandaustria\/wp-json\/wp\/v2\/tags?post=10396"}],"curies":[{"name":"wp","href":"https:\/\/api.w.org\/{rel}","templated":true}]}}