{"id":10392,"date":"2024-03-15T10:43:52","date_gmt":"2024-03-15T09:43:52","guid":{"rendered":"https:\/\/agora.xtec.cat\/insjoandaustria\/?p=10392"},"modified":"2024-03-15T10:52:09","modified_gmt":"2024-03-15T09:52:09","slug":"fira-dorientacio-a-4t-de-leso","status":"publish","type":"post","link":"https:\/\/agora.xtec.cat\/insjoandaustria\/eso\/eso-4\/fira-dorientacio-a-4t-de-leso\/","title":{"rendered":"Fira d&#8217;Orientaci\u00f3 a 4t de l&#8217;ESO"},"content":{"rendered":"<p>El dimarts 27 de febrer vam dur a terme amb l&#8217;alumnat de quart la Fira d&#8217;orientaci\u00f3, un projecte que es va iniciar des de la tornada de vacances de Nadal, amb la intenci\u00f3 de fomentar un espai d\u2019acompanyament entre iguals en aquest darrer curs abans de la presa de decisi\u00f3, i on les fam\u00edlies tamb\u00e9 hi podien participar.<br \/>\nD&#8217;aquesta manera afavorim una cultura col\u00b7laborativa perqu\u00e8 posa l\u2019\u00e8mfasi en el progr\u00e9s col\u00b7lectiu i no nom\u00e9s en el progr\u00e9s personal, treballant valors com la responsabilitat, l&#8217;alteritat i la generositat.<\/p>\n","protected":false},"excerpt":{"rendered":"<p>El dimarts 27 de febrer vam dur a terme amb l&#8217;alumnat de quart la Fira d&#8217;orientaci\u00f3, un projecte que es va iniciar des de la tornada de vacances de Nadal, amb la intenci\u00f3 de fomentar un espai d\u2019acompanyament entre iguals en aquest darrer curs abans&hellip;  <a href=\"https:\/\/agora.xtec.cat\/insjoandaustria\/eso\/eso-4\/fira-dorientacio-a-4t-de-leso\/\" title=\"Read Fira d&#8217;Orientaci\u00f3 a 4t de l&#8217;ESO\">Llegeix m\u00e9s\u00bb<\/a><\/p>\n","protected":false},"author":806,"featured_media":0,"comment_status":"closed","ping_status":"closed","sticky":false,"template":"","format":"standard","meta":{"_bbp_topic_count":0,"_bbp_reply_count":0,"_bbp_total_topic_count":0,"_bbp_total_reply_count":0,"_bbp_voice_count":0,"_bbp_anonymous_reply_count":0,"_bbp_topic_count_hidden":0,"_bbp_reply_count_hidden":0,"_bbp_forum_subforum_count":0,"footnotes":""},"categories":[7,29,70],"tags":[],"class_list":["post-10392","post","type-post","status-publish","format-standard","hentry","category-eso-4","category-portada","category-projectes"],"post_mailing_queue_ids":[],"_links":{"self":[{"href":"https:\/\/agora.xtec.cat\/insjoandaustria\/wp-json\/wp\/v2\/posts\/10392","targetHints":{"allow":["GET"]}}],"collection":[{"href":"https:\/\/agora.xtec.cat\/insjoandaustria\/wp-json\/wp\/v2\/posts"}],"about":[{"href":"https:\/\/agora.xtec.cat\/insjoandaustria\/wp-json\/wp\/v2\/types\/post"}],"author":[{"embeddable":true,"href":"https:\/\/agora.xtec.cat\/insjoandaustria\/wp-json\/wp\/v2\/users\/806"}],"replies":[{"embeddable":true,"href":"https:\/\/agora.xtec.cat\/insjoandaustria\/wp-json\/wp\/v2\/comments?post=10392"}],"version-history":[{"count":1,"href":"https:\/\/agora.xtec.cat\/insjoandaustria\/wp-json\/wp\/v2\/posts\/10392\/revisions"}],"predecessor-version":[{"id":10410,"href":"https:\/\/agora.xtec.cat\/insjoandaustria\/wp-json\/wp\/v2\/posts\/10392\/revisions\/10410"}],"wp:attachment":[{"href":"https:\/\/agora.xtec.cat\/insjoandaustria\/wp-json\/wp\/v2\/media?parent=10392"}],"wp:term":[{"taxonomy":"category","embeddable":true,"href":"https:\/\/agora.xtec.cat\/insjoandaustria\/wp-json\/wp\/v2\/categories?post=10392"},{"taxonomy":"post_tag","embeddable":true,"href":"https:\/\/agora.xtec.cat\/insjoandaustria\/wp-json\/wp\/v2\/tags?post=10392"}],"curies":[{"name":"wp","href":"https:\/\/api.w.org\/{rel}","templated":true}]}}