{"id":10385,"date":"2024-03-08T12:53:09","date_gmt":"2024-03-08T11:53:09","guid":{"rendered":"https:\/\/agora.xtec.cat\/insjoandaustria\/?p=10385"},"modified":"2024-03-08T12:57:24","modified_gmt":"2024-03-08T11:57:24","slug":"preinscripcions-eso","status":"publish","type":"post","link":"https:\/\/agora.xtec.cat\/insjoandaustria\/general\/preinscripcions-eso\/","title":{"rendered":"Preinscripcions ESO"},"content":{"rendered":"<p><a href=\"https:\/\/agora.xtec.cat\/insjoandaustria\/wp-content\/uploads\/usu216\/2024\/03\/banner.png\"><img loading=\"lazy\" decoding=\"async\" class=\"aligncenter size-large wp-image-10383\" src=\"https:\/\/agora.xtec.cat\/insjoandaustria\/wp-content\/uploads\/usu216\/2024\/03\/banner-1024x256.png\" alt=\"\" width=\"1024\" height=\"256\" srcset=\"https:\/\/agora.xtec.cat\/insjoandaustria\/wp-content\/uploads\/usu216\/2024\/03\/banner-1024x256.png 1024w, https:\/\/agora.xtec.cat\/insjoandaustria\/wp-content\/uploads\/usu216\/2024\/03\/banner-300x75.png 300w, https:\/\/agora.xtec.cat\/insjoandaustria\/wp-content\/uploads\/usu216\/2024\/03\/banner-768x192.png 768w, https:\/\/agora.xtec.cat\/insjoandaustria\/wp-content\/uploads\/usu216\/2024\/03\/banner-1536x384.png 1536w, https:\/\/agora.xtec.cat\/insjoandaustria\/wp-content\/uploads\/usu216\/2024\/03\/banner.png 1920w\" sizes=\"auto, (max-width: 1024px) 100vw, 1024px\" \/><\/a><\/p>\n<p>Apreciades fam\u00edlies,<\/p>\n<p>Us volem informar que <strong>avui s&#8217;obre el termini per a les sol\u00b7licituds de preinscripci\u00f3 a l&#8217;ESO<\/strong> per al proper curs acad\u00e8mic 2024-2025. Aquest per\u00edode estar\u00e0 obert des del <strong>8 fins al 20<\/strong> de mar\u00e7.<\/p>\n<p>Us facilitem l&#8217;<a href=\"https:\/\/educacio.gencat.cat\/ca\/tramits\/tramits-temes\/20483-obligatoris?moda=3\">enlla\u00e7 a la p\u00e0gina<\/a> corresponent on podreu realitzar la vostra sol\u00b7licitud i esperem sincerament que el nostre institut sigui una opci\u00f3 que tingueu en compte per a l&#8217;educaci\u00f3 dels vostres fills\/es.<\/p>\n<p>Moltes gr\u00e0cies per la vostra confian\u00e7a.<\/p>\n","protected":false},"excerpt":{"rendered":"<p><a href=\"https:\/\/agora.xtec.cat\/insjoandaustria\/wp-content\/uploads\/usu216\/2024\/03\/banner.png\"><\/a><br \/>\nApreciades fam\u00edlies,<br \/>\nUs volem informar que avui s&#8217;obre el termini per a les sol\u00b7licituds de preinscripci\u00f3 a l&#8217;ESO per al proper curs acad\u00e8mic 2024-2025. Aquest per\u00edode estar\u00e0 obert des del 8 fins al 20 de mar\u00e7.<br \/>\nUs facilitem l&#8217;<a href=\"https:\/\/educacio.gencat.cat\/ca\/tramits\/tramits-temes\/20483-obligatoris?moda=3\">enlla\u00e7 a la p\u00e0gina<\/a> corresponent on podreu&hellip;  <a href=\"https:\/\/agora.xtec.cat\/insjoandaustria\/general\/preinscripcions-eso\/\" title=\"Read Preinscripcions ESO\">Llegeix m\u00e9s\u00bb<\/a><\/p>\n","protected":false},"author":876,"featured_media":10388,"comment_status":"closed","ping_status":"closed","sticky":false,"template":"","format":"standard","meta":{"_bbp_topic_count":0,"_bbp_reply_count":0,"_bbp_total_topic_count":0,"_bbp_total_reply_count":0,"_bbp_voice_count":0,"_bbp_anonymous_reply_count":0,"_bbp_topic_count_hidden":0,"_bbp_reply_count_hidden":0,"_bbp_forum_subforum_count":0,"footnotes":""},"categories":[3,1,29],"tags":[],"class_list":["post-10385","post","type-post","status-publish","format-standard","has-post-thumbnail","hentry","category-eso","category-general","category-portada"],"post_mailing_queue_ids":[],"_links":{"self":[{"href":"https:\/\/agora.xtec.cat\/insjoandaustria\/wp-json\/wp\/v2\/posts\/10385","targetHints":{"allow":["GET"]}}],"collection":[{"href":"https:\/\/agora.xtec.cat\/insjoandaustria\/wp-json\/wp\/v2\/posts"}],"about":[{"href":"https:\/\/agora.xtec.cat\/insjoandaustria\/wp-json\/wp\/v2\/types\/post"}],"author":[{"embeddable":true,"href":"https:\/\/agora.xtec.cat\/insjoandaustria\/wp-json\/wp\/v2\/users\/876"}],"replies":[{"embeddable":true,"href":"https:\/\/agora.xtec.cat\/insjoandaustria\/wp-json\/wp\/v2\/comments?post=10385"}],"version-history":[{"count":2,"href":"https:\/\/agora.xtec.cat\/insjoandaustria\/wp-json\/wp\/v2\/posts\/10385\/revisions"}],"predecessor-version":[{"id":10389,"href":"https:\/\/agora.xtec.cat\/insjoandaustria\/wp-json\/wp\/v2\/posts\/10385\/revisions\/10389"}],"wp:featuredmedia":[{"embeddable":true,"href":"https:\/\/agora.xtec.cat\/insjoandaustria\/wp-json\/wp\/v2\/media\/10388"}],"wp:attachment":[{"href":"https:\/\/agora.xtec.cat\/insjoandaustria\/wp-json\/wp\/v2\/media?parent=10385"}],"wp:term":[{"taxonomy":"category","embeddable":true,"href":"https:\/\/agora.xtec.cat\/insjoandaustria\/wp-json\/wp\/v2\/categories?post=10385"},{"taxonomy":"post_tag","embeddable":true,"href":"https:\/\/agora.xtec.cat\/insjoandaustria\/wp-json\/wp\/v2\/tags?post=10385"}],"curies":[{"name":"wp","href":"https:\/\/api.w.org\/{rel}","templated":true}]}}