{"id":10374,"date":"2024-03-08T10:28:51","date_gmt":"2024-03-08T09:28:51","guid":{"rendered":"https:\/\/agora.xtec.cat\/insjoandaustria\/?p=10374"},"modified":"2024-03-09T14:38:00","modified_gmt":"2024-03-09T13:38:00","slug":"lescriptor-pep-coll-visita-el-jda","status":"publish","type":"post","link":"https:\/\/agora.xtec.cat\/insjoandaustria\/general\/lescriptor-pep-coll-visita-el-jda\/","title":{"rendered":"L&#8217;escriptor Pep Coll visita el JdA"},"content":{"rendered":"<p><a href=\"https:\/\/agora.xtec.cat\/insjoandaustria\/wp-content\/uploads\/usu216\/2024\/03\/1709887125607-scaled.jpg\"><img loading=\"lazy\" decoding=\"async\" class=\"aligncenter wp-image-10375\" src=\"https:\/\/agora.xtec.cat\/insjoandaustria\/wp-content\/uploads\/usu216\/2024\/03\/1709887125607-300x209.jpg\" alt=\"\" width=\"499\" height=\"348\" srcset=\"https:\/\/agora.xtec.cat\/insjoandaustria\/wp-content\/uploads\/usu216\/2024\/03\/1709887125607-300x209.jpg 300w, https:\/\/agora.xtec.cat\/insjoandaustria\/wp-content\/uploads\/usu216\/2024\/03\/1709887125607-1024x714.jpg 1024w, https:\/\/agora.xtec.cat\/insjoandaustria\/wp-content\/uploads\/usu216\/2024\/03\/1709887125607-768x535.jpg 768w, https:\/\/agora.xtec.cat\/insjoandaustria\/wp-content\/uploads\/usu216\/2024\/03\/1709887125607-1536x1071.jpg 1536w, https:\/\/agora.xtec.cat\/insjoandaustria\/wp-content\/uploads\/usu216\/2024\/03\/1709887125607-2048x1427.jpg 2048w\" sizes=\"auto, (max-width: 499px) 100vw, 499px\" \/><\/a><\/p>\n<p>Ahir, dia 7 de mar\u00e7, vam rebre la visita de l&#8217;escriptor del Pallars Juss\u00e0, Pep Coll. Autor \u00e0mpliament premiat en la literatura catalana amb el premi Sant Jordi, Sant Joan o Crexells, entre molts d&#8217;altres, tamb\u00e9 va ser guardonat amb el premi Gran Angular i el premi de la Cr\u00edtica Serra d&#8217;Or a la millor novel\u00b7la juvenil <em>Qu\u00e8 farem, qu\u00e8 direm?<\/em> que ha pogut llegir l&#8217;alumnat de 1r d&#8217;ESO a les classes de llengua i literatura catalanes. A aquests els va parlar i ell va poder respondre a les moltes preguntes que tenien a fer-li. Despr\u00e9s sign\u00e0 molts dels llibres que els portaven amb aquesta finalitat.<\/p>\n<p><span style=\"font-family: Arial, sans-serif;\">Va esbossar un lleu somriure i va referir-se a les signatures dels llibres amb un \u00abhe escrit m\u00e9s aqu\u00ed que a casa<\/span><span style=\"font-family: Arial, sans-serif;\">\u00bb i aix\u00ed ho confessava a l&#8217;alumnat de la mat\u00e8ria de Creaci\u00f3 Liter\u00e0ria de 1r de Batxillerat, a qui tamb\u00e9 els va parlar en una xerrada-col\u00b7loqui molt profitosa en qu\u00e8, entre d&#8217;altres aspectes, va orientar-los sobre com pot brollar la imaginaci\u00f3 per escriure. <\/span><\/p>\n<p><span style=\"font-family: Arial, sans-serif;\">Gr\u00e0cies, Pep Coll!<\/span><\/p>\n<p><img loading=\"lazy\" decoding=\"async\" class=\"aligncenter wp-image-10377\" src=\"https:\/\/agora.xtec.cat\/insjoandaustria\/wp-content\/uploads\/usu216\/2024\/03\/1709887125589-300x225.jpg\" alt=\"\" width=\"500\" height=\"375\" srcset=\"https:\/\/agora.xtec.cat\/insjoandaustria\/wp-content\/uploads\/usu216\/2024\/03\/1709887125589-300x225.jpg 300w, https:\/\/agora.xtec.cat\/insjoandaustria\/wp-content\/uploads\/usu216\/2024\/03\/1709887125589-1024x769.jpg 1024w, https:\/\/agora.xtec.cat\/insjoandaustria\/wp-content\/uploads\/usu216\/2024\/03\/1709887125589-768x577.jpg 768w, https:\/\/agora.xtec.cat\/insjoandaustria\/wp-content\/uploads\/usu216\/2024\/03\/1709887125589-1536x1153.jpg 1536w, https:\/\/agora.xtec.cat\/insjoandaustria\/wp-content\/uploads\/usu216\/2024\/03\/1709887125589-2048x1538.jpg 2048w, https:\/\/agora.xtec.cat\/insjoandaustria\/wp-content\/uploads\/usu216\/2024\/03\/1709887125589-200x150.jpg 200w\" sizes=\"auto, (max-width: 500px) 100vw, 500px\" \/><\/p>\n<p><a href=\"https:\/\/agora.xtec.cat\/insjoandaustria\/wp-content\/uploads\/usu216\/2024\/03\/1709887125573-scaled.jpg\"><img loading=\"lazy\" decoding=\"async\" class=\"aligncenter wp-image-10378\" src=\"https:\/\/agora.xtec.cat\/insjoandaustria\/wp-content\/uploads\/usu216\/2024\/03\/1709887125573-300x225.jpg\" alt=\"\" width=\"500\" height=\"375\" srcset=\"https:\/\/agora.xtec.cat\/insjoandaustria\/wp-content\/uploads\/usu216\/2024\/03\/1709887125573-300x225.jpg 300w, https:\/\/agora.xtec.cat\/insjoandaustria\/wp-content\/uploads\/usu216\/2024\/03\/1709887125573-1024x769.jpg 1024w, https:\/\/agora.xtec.cat\/insjoandaustria\/wp-content\/uploads\/usu216\/2024\/03\/1709887125573-768x577.jpg 768w, https:\/\/agora.xtec.cat\/insjoandaustria\/wp-content\/uploads\/usu216\/2024\/03\/1709887125573-1536x1153.jpg 1536w, https:\/\/agora.xtec.cat\/insjoandaustria\/wp-content\/uploads\/usu216\/2024\/03\/1709887125573-2048x1538.jpg 2048w, https:\/\/agora.xtec.cat\/insjoandaustria\/wp-content\/uploads\/usu216\/2024\/03\/1709887125573-200x150.jpg 200w\" sizes=\"auto, (max-width: 500px) 100vw, 500px\" \/><\/a><\/p>\n<p><a href=\"https:\/\/agora.xtec.cat\/insjoandaustria\/wp-content\/uploads\/usu216\/2024\/03\/image_50438401-scaled.jpg\"><img loading=\"lazy\" decoding=\"async\" class=\"aligncenter wp-image-10379\" src=\"https:\/\/agora.xtec.cat\/insjoandaustria\/wp-content\/uploads\/usu216\/2024\/03\/image_50438401-300x225.jpg\" alt=\"\" width=\"500\" height=\"375\" srcset=\"https:\/\/agora.xtec.cat\/insjoandaustria\/wp-content\/uploads\/usu216\/2024\/03\/image_50438401-300x225.jpg 300w, https:\/\/agora.xtec.cat\/insjoandaustria\/wp-content\/uploads\/usu216\/2024\/03\/image_50438401-1024x768.jpg 1024w, https:\/\/agora.xtec.cat\/insjoandaustria\/wp-content\/uploads\/usu216\/2024\/03\/image_50438401-768x576.jpg 768w, https:\/\/agora.xtec.cat\/insjoandaustria\/wp-content\/uploads\/usu216\/2024\/03\/image_50438401-1536x1152.jpg 1536w, https:\/\/agora.xtec.cat\/insjoandaustria\/wp-content\/uploads\/usu216\/2024\/03\/image_50438401-2048x1536.jpg 2048w, https:\/\/agora.xtec.cat\/insjoandaustria\/wp-content\/uploads\/usu216\/2024\/03\/image_50438401-200x150.jpg 200w\" sizes=\"auto, (max-width: 500px) 100vw, 500px\" \/><\/a><\/p>\n<p><a href=\"https:\/\/agora.xtec.cat\/insjoandaustria\/wp-content\/uploads\/usu216\/2024\/03\/1709887125556-scaled.jpg\"><img loading=\"lazy\" decoding=\"async\" class=\"aligncenter wp-image-10380\" src=\"https:\/\/agora.xtec.cat\/insjoandaustria\/wp-content\/uploads\/usu216\/2024\/03\/1709887125556-300x225.jpg\" alt=\"\" width=\"500\" height=\"375\" srcset=\"https:\/\/agora.xtec.cat\/insjoandaustria\/wp-content\/uploads\/usu216\/2024\/03\/1709887125556-300x225.jpg 300w, https:\/\/agora.xtec.cat\/insjoandaustria\/wp-content\/uploads\/usu216\/2024\/03\/1709887125556-1024x769.jpg 1024w, https:\/\/agora.xtec.cat\/insjoandaustria\/wp-content\/uploads\/usu216\/2024\/03\/1709887125556-768x577.jpg 768w, https:\/\/agora.xtec.cat\/insjoandaustria\/wp-content\/uploads\/usu216\/2024\/03\/1709887125556-1536x1153.jpg 1536w, https:\/\/agora.xtec.cat\/insjoandaustria\/wp-content\/uploads\/usu216\/2024\/03\/1709887125556-2048x1538.jpg 2048w, https:\/\/agora.xtec.cat\/insjoandaustria\/wp-content\/uploads\/usu216\/2024\/03\/1709887125556-200x150.jpg 200w\" sizes=\"auto, (max-width: 500px) 100vw, 500px\" \/><\/a><\/p>\n","protected":false},"excerpt":{"rendered":"<p><a href=\"https:\/\/agora.xtec.cat\/insjoandaustria\/wp-content\/uploads\/usu216\/2024\/03\/1709887125607-scaled.jpg\"><\/a><br \/>\nAhir, dia 7 de mar\u00e7, vam rebre la visita de l&#8217;escriptor del Pallars Juss\u00e0, Pep Coll. Autor \u00e0mpliament premiat en la literatura catalana amb el premi Sant Jordi, Sant Joan o Crexells, entre molts d&#8217;altres, tamb\u00e9 va ser guardonat amb el premi Gran Angular&hellip;  <a href=\"https:\/\/agora.xtec.cat\/insjoandaustria\/general\/lescriptor-pep-coll-visita-el-jda\/\" title=\"Read L&#8217;escriptor Pep Coll visita el JdA\">Llegeix m\u00e9s\u00bb<\/a><\/p>\n","protected":false},"author":806,"featured_media":10375,"comment_status":"closed","ping_status":"closed","sticky":false,"template":"","format":"standard","meta":{"_bbp_topic_count":0,"_bbp_reply_count":0,"_bbp_total_topic_count":0,"_bbp_total_reply_count":0,"_bbp_voice_count":0,"_bbp_anonymous_reply_count":0,"_bbp_topic_count_hidden":0,"_bbp_reply_count_hidden":0,"_bbp_forum_subforum_count":0,"footnotes":""},"categories":[8,84,4,1,449,29],"tags":[],"class_list":["post-10374","post","type-post","status-publish","format-standard","has-post-thumbnail","hentry","category-batxillerat","category-departaments","category-eso-1","category-general","category-llengua-i-literatura-catalanes","category-portada"],"post_mailing_queue_ids":[],"_links":{"self":[{"href":"https:\/\/agora.xtec.cat\/insjoandaustria\/wp-json\/wp\/v2\/posts\/10374","targetHints":{"allow":["GET"]}}],"collection":[{"href":"https:\/\/agora.xtec.cat\/insjoandaustria\/wp-json\/wp\/v2\/posts"}],"about":[{"href":"https:\/\/agora.xtec.cat\/insjoandaustria\/wp-json\/wp\/v2\/types\/post"}],"author":[{"embeddable":true,"href":"https:\/\/agora.xtec.cat\/insjoandaustria\/wp-json\/wp\/v2\/users\/806"}],"replies":[{"embeddable":true,"href":"https:\/\/agora.xtec.cat\/insjoandaustria\/wp-json\/wp\/v2\/comments?post=10374"}],"version-history":[{"count":4,"href":"https:\/\/agora.xtec.cat\/insjoandaustria\/wp-json\/wp\/v2\/posts\/10374\/revisions"}],"predecessor-version":[{"id":10391,"href":"https:\/\/agora.xtec.cat\/insjoandaustria\/wp-json\/wp\/v2\/posts\/10374\/revisions\/10391"}],"wp:featuredmedia":[{"embeddable":true,"href":"https:\/\/agora.xtec.cat\/insjoandaustria\/wp-json\/wp\/v2\/media\/10375"}],"wp:attachment":[{"href":"https:\/\/agora.xtec.cat\/insjoandaustria\/wp-json\/wp\/v2\/media?parent=10374"}],"wp:term":[{"taxonomy":"category","embeddable":true,"href":"https:\/\/agora.xtec.cat\/insjoandaustria\/wp-json\/wp\/v2\/categories?post=10374"},{"taxonomy":"post_tag","embeddable":true,"href":"https:\/\/agora.xtec.cat\/insjoandaustria\/wp-json\/wp\/v2\/tags?post=10374"}],"curies":[{"name":"wp","href":"https:\/\/api.w.org\/{rel}","templated":true}]}}