{"id":10361,"date":"2024-03-04T13:34:06","date_gmt":"2024-03-04T12:34:06","guid":{"rendered":"https:\/\/agora.xtec.cat\/insjoandaustria\/?p=10361"},"modified":"2024-03-05T09:22:22","modified_gmt":"2024-03-05T08:22:22","slug":"dia-de-la-dona-en-la-ciencia","status":"publish","type":"post","link":"https:\/\/agora.xtec.cat\/insjoandaustria\/general\/dia-de-la-dona-en-la-ciencia\/","title":{"rendered":"Dia de la dona en la ci\u00e8ncia"},"content":{"rendered":"<p><a href=\"https:\/\/agora.xtec.cat\/insjoandaustria\/wp-content\/uploads\/usu216\/2024\/03\/1r_ESO_cientifiques100-scaled.jpg\"><img loading=\"lazy\" decoding=\"async\" class=\"aligncenter wp-image-10364\" src=\"https:\/\/agora.xtec.cat\/insjoandaustria\/wp-content\/uploads\/usu216\/2024\/03\/1r_ESO_cientifiques100-300x226.jpg\" alt=\"\" width=\"600\" height=\"452\" srcset=\"https:\/\/agora.xtec.cat\/insjoandaustria\/wp-content\/uploads\/usu216\/2024\/03\/1r_ESO_cientifiques100-300x226.jpg 300w, https:\/\/agora.xtec.cat\/insjoandaustria\/wp-content\/uploads\/usu216\/2024\/03\/1r_ESO_cientifiques100-1024x771.jpg 1024w, https:\/\/agora.xtec.cat\/insjoandaustria\/wp-content\/uploads\/usu216\/2024\/03\/1r_ESO_cientifiques100-768x578.jpg 768w, https:\/\/agora.xtec.cat\/insjoandaustria\/wp-content\/uploads\/usu216\/2024\/03\/1r_ESO_cientifiques100-1536x1157.jpg 1536w, https:\/\/agora.xtec.cat\/insjoandaustria\/wp-content\/uploads\/usu216\/2024\/03\/1r_ESO_cientifiques100-2048x1542.jpg 2048w, https:\/\/agora.xtec.cat\/insjoandaustria\/wp-content\/uploads\/usu216\/2024\/03\/1r_ESO_cientifiques100-200x150.jpg 200w\" sizes=\"auto, (max-width: 600px) 100vw, 600px\" \/><\/a><\/p>\n<p>Tot el centre, des de 1r d&#8217;ESO fins al 1r de Batxillerat cientificoteconol\u00f2gic, s&#8217;ha vist implicat en alguna de les activitats ofertes per a celebrar el Dia de la dona en la ci\u00e8ncia. L&#8217;objectiu \u00e9s sensibilitzar l&#8217;alumnat d&#8217;aquesta realitat. Vegem-ne alguns trets que es van treballar a cada curs, explicats pel mateix alumnat:<\/p>\n<p><strong>1r d&#8217;ESO:<\/strong><\/p>\n<p><span style=\"font-weight: 400;\">Se&#8217;ns explica el projecte 100t\u00edfiques de la Fundaci\u00f3 Catalana per a la Recerca i la Innovaci\u00f3. Aquest projecte ha perm\u00e8s que l\u2019alumnat de 1r ESO pogu\u00e9ssim compartir una estona amb una investigadora.<\/span><\/p>\n<p><a href=\"https:\/\/agora.xtec.cat\/insjoandaustria\/wp-content\/uploads\/usu216\/2024\/03\/2n_ESO_AquiSteam-scaled.jpg\"><img loading=\"lazy\" decoding=\"async\" class=\"aligncenter wp-image-10365\" src=\"https:\/\/agora.xtec.cat\/insjoandaustria\/wp-content\/uploads\/usu216\/2024\/03\/2n_ESO_AquiSteam-300x226.jpg\" alt=\"\" width=\"600\" height=\"452\" srcset=\"https:\/\/agora.xtec.cat\/insjoandaustria\/wp-content\/uploads\/usu216\/2024\/03\/2n_ESO_AquiSteam-300x226.jpg 300w, https:\/\/agora.xtec.cat\/insjoandaustria\/wp-content\/uploads\/usu216\/2024\/03\/2n_ESO_AquiSteam-1024x771.jpg 1024w, https:\/\/agora.xtec.cat\/insjoandaustria\/wp-content\/uploads\/usu216\/2024\/03\/2n_ESO_AquiSteam-768x578.jpg 768w, https:\/\/agora.xtec.cat\/insjoandaustria\/wp-content\/uploads\/usu216\/2024\/03\/2n_ESO_AquiSteam-1536x1157.jpg 1536w, https:\/\/agora.xtec.cat\/insjoandaustria\/wp-content\/uploads\/usu216\/2024\/03\/2n_ESO_AquiSteam-2048x1542.jpg 2048w, https:\/\/agora.xtec.cat\/insjoandaustria\/wp-content\/uploads\/usu216\/2024\/03\/2n_ESO_AquiSteam-200x150.jpg 200w\" sizes=\"auto, (max-width: 600px) 100vw, 600px\" \/><\/a><\/p>\n<p><strong>2n d&#8217;ESO:<\/strong><\/p>\n<p><span style=\"font-weight: 400;\">L&#8217;alumnat de 2n ESO ha rebut la visita d\u2019Alba \u00c0gueda, Enginyera Qu\u00edmica i Professora a la UPC. \u00c0gueda treballa en un grup de recerca que es dedica a simular incendis i explosions i fer experiments al laboratori per estudiar-ne el comportament i evitar la seva propagaci\u00f3.<\/span><\/p>\n<p><span style=\"font-weight: 400;\">Ha fet un taller al laboratori amb tots els grups de 2n per estudiar el comportament d\u2019una flama.Tamb\u00e9 ens ha explicat que actualment estan estudiant com evitar el risc d\u2019incendi a la muntanya per la sequera que est\u00e0 patint Catalunya.\u00a0<\/span><\/p>\n<p><a href=\"https:\/\/agora.xtec.cat\/insjoandaustria\/wp-content\/uploads\/usu216\/2024\/03\/3r_ESO_Una_enginyera_a_cada_institut-scaled.jpg\"><img loading=\"lazy\" decoding=\"async\" class=\"aligncenter wp-image-10366\" src=\"https:\/\/agora.xtec.cat\/insjoandaustria\/wp-content\/uploads\/usu216\/2024\/03\/3r_ESO_Una_enginyera_a_cada_institut-222x300.jpg\" alt=\"\" width=\"444\" height=\"600\" srcset=\"https:\/\/agora.xtec.cat\/insjoandaustria\/wp-content\/uploads\/usu216\/2024\/03\/3r_ESO_Una_enginyera_a_cada_institut-222x300.jpg 222w, https:\/\/agora.xtec.cat\/insjoandaustria\/wp-content\/uploads\/usu216\/2024\/03\/3r_ESO_Una_enginyera_a_cada_institut-758x1024.jpg 758w, https:\/\/agora.xtec.cat\/insjoandaustria\/wp-content\/uploads\/usu216\/2024\/03\/3r_ESO_Una_enginyera_a_cada_institut-768x1037.jpg 768w, https:\/\/agora.xtec.cat\/insjoandaustria\/wp-content\/uploads\/usu216\/2024\/03\/3r_ESO_Una_enginyera_a_cada_institut-1138x1536.jpg 1138w, https:\/\/agora.xtec.cat\/insjoandaustria\/wp-content\/uploads\/usu216\/2024\/03\/3r_ESO_Una_enginyera_a_cada_institut-1517x2048.jpg 1517w, https:\/\/agora.xtec.cat\/insjoandaustria\/wp-content\/uploads\/usu216\/2024\/03\/3r_ESO_Una_enginyera_a_cada_institut-scaled.jpg 1896w\" sizes=\"auto, (max-width: 444px) 100vw, 444px\" \/><\/a><\/p>\n<p><strong>3r d&#8217;ESO:<\/strong><\/p>\n<p><span style=\"font-weight: 400;\">A 3r d&#8217;ESO hem pogut assistir a una xerrada de la Dra. Giselle Gonz\u00e1lez, doctorada en Enginyeria de Telecomunicacions. Ens ha explicat per qu\u00e8 va escollir aquests estudis i les dificultats amb qu\u00e8 s&#8217;ha trobat, perqu\u00e8 de vegades les coses no surten b\u00e9 a la primera. Ens ha explicat que amb esfor\u00e7 i treball va poder acabar els estudis i que es va engrescar a fer un M\u00e0ster i un Doctorat, que li ha perm\u00e8s dedicar-se a la investigaci\u00f3.<\/span><\/p>\n<p><span style=\"font-weight: 400;\">Al final de la xerrada l\u2019alumnat ha pogut fer preguntes per con\u00e8ixer una mica m\u00e9s en qu\u00e8 consisteix la seva feina.\u00a0\u00a0<\/span><\/p>\n<p><a href=\"https:\/\/agora.xtec.cat\/insjoandaustria\/wp-content\/uploads\/usu216\/2024\/03\/4tESO_Xerrada_dones_cientifiques-scaled.jpg\"><img loading=\"lazy\" decoding=\"async\" class=\"aligncenter wp-image-10367\" src=\"https:\/\/agora.xtec.cat\/insjoandaustria\/wp-content\/uploads\/usu216\/2024\/03\/4tESO_Xerrada_dones_cientifiques-300x225.jpg\" alt=\"\" width=\"600\" height=\"450\" srcset=\"https:\/\/agora.xtec.cat\/insjoandaustria\/wp-content\/uploads\/usu216\/2024\/03\/4tESO_Xerrada_dones_cientifiques-300x225.jpg 300w, https:\/\/agora.xtec.cat\/insjoandaustria\/wp-content\/uploads\/usu216\/2024\/03\/4tESO_Xerrada_dones_cientifiques-1024x768.jpg 1024w, https:\/\/agora.xtec.cat\/insjoandaustria\/wp-content\/uploads\/usu216\/2024\/03\/4tESO_Xerrada_dones_cientifiques-768x576.jpg 768w, https:\/\/agora.xtec.cat\/insjoandaustria\/wp-content\/uploads\/usu216\/2024\/03\/4tESO_Xerrada_dones_cientifiques-1536x1152.jpg 1536w, https:\/\/agora.xtec.cat\/insjoandaustria\/wp-content\/uploads\/usu216\/2024\/03\/4tESO_Xerrada_dones_cientifiques-2048x1536.jpg 2048w, https:\/\/agora.xtec.cat\/insjoandaustria\/wp-content\/uploads\/usu216\/2024\/03\/4tESO_Xerrada_dones_cientifiques-200x150.jpg 200w\" sizes=\"auto, (max-width: 600px) 100vw, 600px\" \/><\/a><\/p>\n<p><strong>4t d&#8217;ESO:<\/strong><\/p>\n<p><span style=\"font-weight: 400;\">L\u2019alumnat de 4t ESO de F\u00edsica i Qu\u00edmica hem pogut escoltar l\u2019experi\u00e8ncia de tres dones que treballen a l\u2019\u00e0mbit cientificotecnol\u00f2gic. <\/span><span style=\"font-weight: 400;\">Primerament, la Clara, enginyera agr\u00f2noma, ens ha explicat tot el proc\u00e9s que es fa a la seva planta on comencen seleccionant les millors llavors, fins a obtenir el millor producte.\u00a0<\/span><\/p>\n<p><span style=\"font-weight: 400;\">La Dra. Paula, doctorada en ci\u00e8ncies biom\u00e8diques, ens ha explicat el seu treball al laboratori on estudia el desenvolupament del sistema nervi\u00f3s i, f<\/span><span style=\"font-weight: 400;\">inalment, la F\u00e0tima, exalumna del Joan d\u2019\u00c0ustria, ens ha explicat el seu dia a dia com a programadora i dissenyadora d\u2019aplicacions m\u00f2bils.<\/span><\/p>\n<p><a href=\"https:\/\/agora.xtec.cat\/insjoandaustria\/wp-content\/uploads\/usu216\/2024\/03\/Visita_UPC_Besos-scaled.jpg\"><img loading=\"lazy\" decoding=\"async\" class=\"aligncenter wp-image-10368\" src=\"https:\/\/agora.xtec.cat\/insjoandaustria\/wp-content\/uploads\/usu216\/2024\/03\/Visita_UPC_Besos-300x225.jpg\" alt=\"\" width=\"600\" height=\"450\" srcset=\"https:\/\/agora.xtec.cat\/insjoandaustria\/wp-content\/uploads\/usu216\/2024\/03\/Visita_UPC_Besos-300x225.jpg 300w, https:\/\/agora.xtec.cat\/insjoandaustria\/wp-content\/uploads\/usu216\/2024\/03\/Visita_UPC_Besos-1024x768.jpg 1024w, https:\/\/agora.xtec.cat\/insjoandaustria\/wp-content\/uploads\/usu216\/2024\/03\/Visita_UPC_Besos-768x576.jpg 768w, https:\/\/agora.xtec.cat\/insjoandaustria\/wp-content\/uploads\/usu216\/2024\/03\/Visita_UPC_Besos-1536x1152.jpg 1536w, https:\/\/agora.xtec.cat\/insjoandaustria\/wp-content\/uploads\/usu216\/2024\/03\/Visita_UPC_Besos-2048x1536.jpg 2048w, https:\/\/agora.xtec.cat\/insjoandaustria\/wp-content\/uploads\/usu216\/2024\/03\/Visita_UPC_Besos-200x150.jpg 200w\" sizes=\"auto, (max-width: 600px) 100vw, 600px\" \/><\/a><\/p>\n<p><strong>1r de Batxillerat<\/strong><\/p>\n<p><span style=\"font-weight: 400;\">L\u2019alumnat de 1r BATX cientificotecnol\u00f2gic hem visitat el Campus de\u00a0 la UPC Bes\u00f2s. <\/span><span style=\"font-weight: 400;\">En arribar, la Directora del Campus ens ha donat la benvinguda, per despr\u00e9s escoltar la xerrada <\/span><span style=\"font-family: Arial, sans-serif;\">\u00ab<span style=\"font-weight: 400;\">L\u2019enginy (invisible)<\/span><\/span><span style=\"font-family: Arial, sans-serif;\">\u00bb <\/span><span style=\"font-weight: 400;\">a c\u00e0rrec de N\u00faria Sal\u00e1n, actual presidenta de la Societat Catalana de Tecnologia.<\/span><\/p>\n<p><span style=\"font-weight: 400;\">Posteriorment, l\u2019Andrea, la Carla, l\u2019Ona i la B\u00e0rbara han explicat la seva experi\u00e8ncia com a estudiants a l\u2019UPC i ens han ensenyat les associacions amb qu\u00e8 col.laboren (PUCRA, <em>ePowered Racing<\/em>, <em>eTech Racing<\/em>).<\/span><\/p>\n","protected":false},"excerpt":{"rendered":"<p><a href=\"https:\/\/agora.xtec.cat\/insjoandaustria\/wp-content\/uploads\/usu216\/2024\/03\/1r_ESO_cientifiques100-scaled.jpg\"><\/a><br \/>\nTot el centre, des de 1r d&#8217;ESO fins al 1r de Batxillerat cientificoteconol\u00f2gic, s&#8217;ha vist implicat en alguna de les activitats ofertes per a celebrar el Dia de la dona en la ci\u00e8ncia. L&#8217;objectiu \u00e9s sensibilitzar l&#8217;alumnat d&#8217;aquesta realitat. Vegem-ne alguns trets que es&hellip;  <a href=\"https:\/\/agora.xtec.cat\/insjoandaustria\/general\/dia-de-la-dona-en-la-ciencia\/\" title=\"Read Dia de la dona en la ci\u00e8ncia\">Llegeix m\u00e9s\u00bb<\/a><\/p>\n","protected":false},"author":806,"featured_media":10364,"comment_status":"closed","ping_status":"closed","sticky":false,"template":"","format":"standard","meta":{"_bbp_topic_count":0,"_bbp_reply_count":0,"_bbp_total_topic_count":0,"_bbp_total_reply_count":0,"_bbp_voice_count":0,"_bbp_anonymous_reply_count":0,"_bbp_topic_count_hidden":0,"_bbp_reply_count_hidden":0,"_bbp_forum_subforum_count":0,"footnotes":""},"categories":[8,3,4,5,6,7,1,29],"tags":[],"class_list":["post-10361","post","type-post","status-publish","format-standard","has-post-thumbnail","hentry","category-batxillerat","category-eso","category-eso-1","category-eso-2","category-eso-3","category-eso-4","category-general","category-portada"],"post_mailing_queue_ids":[],"_links":{"self":[{"href":"https:\/\/agora.xtec.cat\/insjoandaustria\/wp-json\/wp\/v2\/posts\/10361","targetHints":{"allow":["GET"]}}],"collection":[{"href":"https:\/\/agora.xtec.cat\/insjoandaustria\/wp-json\/wp\/v2\/posts"}],"about":[{"href":"https:\/\/agora.xtec.cat\/insjoandaustria\/wp-json\/wp\/v2\/types\/post"}],"author":[{"embeddable":true,"href":"https:\/\/agora.xtec.cat\/insjoandaustria\/wp-json\/wp\/v2\/users\/806"}],"replies":[{"embeddable":true,"href":"https:\/\/agora.xtec.cat\/insjoandaustria\/wp-json\/wp\/v2\/comments?post=10361"}],"version-history":[{"count":6,"href":"https:\/\/agora.xtec.cat\/insjoandaustria\/wp-json\/wp\/v2\/posts\/10361\/revisions"}],"predecessor-version":[{"id":10373,"href":"https:\/\/agora.xtec.cat\/insjoandaustria\/wp-json\/wp\/v2\/posts\/10361\/revisions\/10373"}],"wp:featuredmedia":[{"embeddable":true,"href":"https:\/\/agora.xtec.cat\/insjoandaustria\/wp-json\/wp\/v2\/media\/10364"}],"wp:attachment":[{"href":"https:\/\/agora.xtec.cat\/insjoandaustria\/wp-json\/wp\/v2\/media?parent=10361"}],"wp:term":[{"taxonomy":"category","embeddable":true,"href":"https:\/\/agora.xtec.cat\/insjoandaustria\/wp-json\/wp\/v2\/categories?post=10361"},{"taxonomy":"post_tag","embeddable":true,"href":"https:\/\/agora.xtec.cat\/insjoandaustria\/wp-json\/wp\/v2\/tags?post=10361"}],"curies":[{"name":"wp","href":"https:\/\/api.w.org\/{rel}","templated":true}]}}