{"id":10357,"date":"2024-03-04T09:49:15","date_gmt":"2024-03-04T08:49:15","guid":{"rendered":"https:\/\/agora.xtec.cat\/insjoandaustria\/?p=10357"},"modified":"2024-03-04T09:51:39","modified_gmt":"2024-03-04T08:51:39","slug":"visita-a-la-sagrada-familia","status":"publish","type":"post","link":"https:\/\/agora.xtec.cat\/insjoandaustria\/general\/visita-a-la-sagrada-familia\/","title":{"rendered":"Visita a la Sagrada Fam\u00edlia"},"content":{"rendered":"<p style=\"text-align: center;\"><a href=\"https:\/\/agora.xtec.cat\/insjoandaustria\/wp-content\/uploads\/usu216\/2024\/03\/IMG-20240301-WA0001.jpg\"><img loading=\"lazy\" decoding=\"async\" class=\"alignnone size-medium wp-image-10359\" src=\"https:\/\/agora.xtec.cat\/insjoandaustria\/wp-content\/uploads\/usu216\/2024\/03\/IMG-20240301-WA0001-225x300.jpg\" alt=\"\" width=\"225\" height=\"300\" srcset=\"https:\/\/agora.xtec.cat\/insjoandaustria\/wp-content\/uploads\/usu216\/2024\/03\/IMG-20240301-WA0001-225x300.jpg 225w, https:\/\/agora.xtec.cat\/insjoandaustria\/wp-content\/uploads\/usu216\/2024\/03\/IMG-20240301-WA0001-768x1024.jpg 768w, https:\/\/agora.xtec.cat\/insjoandaustria\/wp-content\/uploads\/usu216\/2024\/03\/IMG-20240301-WA0001-1152x1536.jpg 1152w, https:\/\/agora.xtec.cat\/insjoandaustria\/wp-content\/uploads\/usu216\/2024\/03\/IMG-20240301-WA0001.jpg 1200w\" sizes=\"auto, (max-width: 225px) 100vw, 225px\" \/><\/a><\/p>\n<p>El divendres 1 de mar\u00e7, l&#8217;alumnat de l&#8217;optativa de religi\u00f3 de 2n i 3r d&#8217;ESO del centre va poder gaudir d&#8217;una visita inusual a la Bas\u00edlica de la Sagrada Fam\u00edlia. No nom\u00e9s era q\u00fcesti\u00f3 de poder aprendre dels s\u00edmbols que es relacionen amb la mat\u00e8ria sin\u00f3 que, a m\u00e9s, van ser dins d&#8217;una de les joies modernistes m\u00e9s visitades de Barcelona per gent d&#8217;arreu del m\u00f3n.<\/p>\n","protected":false},"excerpt":{"rendered":"<p><a href=\"https:\/\/agora.xtec.cat\/insjoandaustria\/wp-content\/uploads\/usu216\/2024\/03\/IMG-20240301-WA0001.jpg\"><\/a><br \/>\nEl divendres 1 de mar\u00e7, l&#8217;alumnat de l&#8217;optativa de religi\u00f3 de 2n i 3r d&#8217;ESO del centre va poder gaudir d&#8217;una visita inusual a la Bas\u00edlica de la Sagrada Fam\u00edlia. No nom\u00e9s era q\u00fcesti\u00f3 de poder aprendre dels s\u00edmbols que es relacionen amb la&hellip;  <a href=\"https:\/\/agora.xtec.cat\/insjoandaustria\/general\/visita-a-la-sagrada-familia\/\" title=\"Read Visita a la Sagrada Fam\u00edlia\">Llegeix m\u00e9s\u00bb<\/a><\/p>\n","protected":false},"author":806,"featured_media":10359,"comment_status":"closed","ping_status":"closed","sticky":false,"template":"","format":"standard","meta":{"_bbp_topic_count":0,"_bbp_reply_count":0,"_bbp_total_topic_count":0,"_bbp_total_reply_count":0,"_bbp_voice_count":0,"_bbp_anonymous_reply_count":0,"_bbp_topic_count_hidden":0,"_bbp_reply_count_hidden":0,"_bbp_forum_subforum_count":0,"footnotes":""},"categories":[3,5,6,1,29],"tags":[],"class_list":["post-10357","post","type-post","status-publish","format-standard","has-post-thumbnail","hentry","category-eso","category-eso-2","category-eso-3","category-general","category-portada"],"post_mailing_queue_ids":[],"_links":{"self":[{"href":"https:\/\/agora.xtec.cat\/insjoandaustria\/wp-json\/wp\/v2\/posts\/10357","targetHints":{"allow":["GET"]}}],"collection":[{"href":"https:\/\/agora.xtec.cat\/insjoandaustria\/wp-json\/wp\/v2\/posts"}],"about":[{"href":"https:\/\/agora.xtec.cat\/insjoandaustria\/wp-json\/wp\/v2\/types\/post"}],"author":[{"embeddable":true,"href":"https:\/\/agora.xtec.cat\/insjoandaustria\/wp-json\/wp\/v2\/users\/806"}],"replies":[{"embeddable":true,"href":"https:\/\/agora.xtec.cat\/insjoandaustria\/wp-json\/wp\/v2\/comments?post=10357"}],"version-history":[{"count":2,"href":"https:\/\/agora.xtec.cat\/insjoandaustria\/wp-json\/wp\/v2\/posts\/10357\/revisions"}],"predecessor-version":[{"id":10360,"href":"https:\/\/agora.xtec.cat\/insjoandaustria\/wp-json\/wp\/v2\/posts\/10357\/revisions\/10360"}],"wp:featuredmedia":[{"embeddable":true,"href":"https:\/\/agora.xtec.cat\/insjoandaustria\/wp-json\/wp\/v2\/media\/10359"}],"wp:attachment":[{"href":"https:\/\/agora.xtec.cat\/insjoandaustria\/wp-json\/wp\/v2\/media?parent=10357"}],"wp:term":[{"taxonomy":"category","embeddable":true,"href":"https:\/\/agora.xtec.cat\/insjoandaustria\/wp-json\/wp\/v2\/categories?post=10357"},{"taxonomy":"post_tag","embeddable":true,"href":"https:\/\/agora.xtec.cat\/insjoandaustria\/wp-json\/wp\/v2\/tags?post=10357"}],"curies":[{"name":"wp","href":"https:\/\/api.w.org\/{rel}","templated":true}]}}