{"id":10335,"date":"2024-02-28T12:22:46","date_gmt":"2024-02-28T11:22:46","guid":{"rendered":"https:\/\/agora.xtec.cat\/insjoandaustria\/?p=10335"},"modified":"2024-02-28T12:22:46","modified_gmt":"2024-02-28T11:22:46","slug":"baxillerat-va-al-teatre","status":"publish","type":"post","link":"https:\/\/agora.xtec.cat\/insjoandaustria\/general\/baxillerat-va-al-teatre\/","title":{"rendered":"Baxillerat va al teatre"},"content":{"rendered":"<p><a href=\"https:\/\/agora.xtec.cat\/insjoandaustria\/wp-content\/uploads\/usu216\/2024\/02\/image_123650291.jpg\"><img loading=\"lazy\" decoding=\"async\" class=\"aligncenter wp-image-10337\" src=\"https:\/\/agora.xtec.cat\/insjoandaustria\/wp-content\/uploads\/usu216\/2024\/02\/image_123650291-300x225.jpg\" alt=\"\" width=\"600\" height=\"450\" srcset=\"https:\/\/agora.xtec.cat\/insjoandaustria\/wp-content\/uploads\/usu216\/2024\/02\/image_123650291-300x225.jpg 300w, https:\/\/agora.xtec.cat\/insjoandaustria\/wp-content\/uploads\/usu216\/2024\/02\/image_123650291-1024x768.jpg 1024w, https:\/\/agora.xtec.cat\/insjoandaustria\/wp-content\/uploads\/usu216\/2024\/02\/image_123650291-768x576.jpg 768w, https:\/\/agora.xtec.cat\/insjoandaustria\/wp-content\/uploads\/usu216\/2024\/02\/image_123650291-200x150.jpg 200w, https:\/\/agora.xtec.cat\/insjoandaustria\/wp-content\/uploads\/usu216\/2024\/02\/image_123650291.jpg 1440w\" sizes=\"auto, (max-width: 600px) 100vw, 600px\" \/><\/a><\/p>\n<p>El dimecres 21 de febrer l&#8217;alumnat de 1r i de 2n de Batxillerat va anar al teatre Poliorama a veure l&#8217;adaptaci\u00f3 d&#8217;una de les millors novel\u00b7les de Merc\u00e8 Rodoreda, i a m\u00e9s, de les m\u00e9s conegudes. Aquest any, <em>La pla\u00e7a del Diamant<\/em>, novel\u00b7la tradu\u00efda a molt\u00edssimes lleng\u00fces, \u00e9s lectura de l&#8217;alumnat de 2n de Batxillerat; el coneixement de l&#8217;argument i de l&#8217;adaptaci\u00f3 els ha pogut aportar una riquesa cultural a cada un dels nostres alumnes. Despr\u00e9s, la visita dels indrets m\u00e9s emblem\u00e0tics de l&#8217;espai en qu\u00e8 se situa la novel\u00b7la, al barri de Gr\u00e0cia, els ha ajudat a fer m\u00e9s versemblant tant la novel\u00b7la com l&#8217;adaptaci\u00f3 d&#8217;aquesta al teatre.<\/p>\n<p><a href=\"https:\/\/agora.xtec.cat\/insjoandaustria\/wp-content\/uploads\/usu216\/2024\/02\/image_123650291-1-1.jpg\"><img loading=\"lazy\" decoding=\"async\" class=\"aligncenter wp-image-10339\" src=\"https:\/\/agora.xtec.cat\/insjoandaustria\/wp-content\/uploads\/usu216\/2024\/02\/image_123650291-1-1-300x196.jpg\" alt=\"\" width=\"600\" height=\"393\" srcset=\"https:\/\/agora.xtec.cat\/insjoandaustria\/wp-content\/uploads\/usu216\/2024\/02\/image_123650291-1-1-300x196.jpg 300w, https:\/\/agora.xtec.cat\/insjoandaustria\/wp-content\/uploads\/usu216\/2024\/02\/image_123650291-1-1-1024x671.jpg 1024w, https:\/\/agora.xtec.cat\/insjoandaustria\/wp-content\/uploads\/usu216\/2024\/02\/image_123650291-1-1-768x503.jpg 768w, https:\/\/agora.xtec.cat\/insjoandaustria\/wp-content\/uploads\/usu216\/2024\/02\/image_123650291-1-1-1536x1006.jpg 1536w, https:\/\/agora.xtec.cat\/insjoandaustria\/wp-content\/uploads\/usu216\/2024\/02\/image_123650291-1-1.jpg 2048w\" sizes=\"auto, (max-width: 600px) 100vw, 600px\" \/><\/a><\/p>\n<p><a href=\"https:\/\/agora.xtec.cat\/insjoandaustria\/wp-content\/uploads\/usu216\/2024\/02\/image_123650291-2.jpg\"><img loading=\"lazy\" decoding=\"async\" class=\"aligncenter wp-image-10338\" src=\"https:\/\/agora.xtec.cat\/insjoandaustria\/wp-content\/uploads\/usu216\/2024\/02\/image_123650291-2-300x225.jpg\" alt=\"\" width=\"600\" height=\"450\" srcset=\"https:\/\/agora.xtec.cat\/insjoandaustria\/wp-content\/uploads\/usu216\/2024\/02\/image_123650291-2-300x225.jpg 300w, https:\/\/agora.xtec.cat\/insjoandaustria\/wp-content\/uploads\/usu216\/2024\/02\/image_123650291-2-1024x768.jpg 1024w, https:\/\/agora.xtec.cat\/insjoandaustria\/wp-content\/uploads\/usu216\/2024\/02\/image_123650291-2-768x576.jpg 768w, https:\/\/agora.xtec.cat\/insjoandaustria\/wp-content\/uploads\/usu216\/2024\/02\/image_123650291-2-200x150.jpg 200w, https:\/\/agora.xtec.cat\/insjoandaustria\/wp-content\/uploads\/usu216\/2024\/02\/image_123650291-2.jpg 1440w\" sizes=\"auto, (max-width: 600px) 100vw, 600px\" \/><\/a><\/p>\n","protected":false},"excerpt":{"rendered":"<p><a href=\"https:\/\/agora.xtec.cat\/insjoandaustria\/wp-content\/uploads\/usu216\/2024\/02\/image_123650291.jpg\"><\/a><br \/>\nEl dimecres 21 de febrer l&#8217;alumnat de 1r i de 2n de Batxillerat va anar al teatre Poliorama a veure l&#8217;adaptaci\u00f3 d&#8217;una de les millors novel\u00b7les de Merc\u00e8 Rodoreda, i a m\u00e9s, de les m\u00e9s conegudes. Aquest any, La pla\u00e7a del Diamant, novel\u00b7la tradu\u00efda&hellip;  <a href=\"https:\/\/agora.xtec.cat\/insjoandaustria\/general\/baxillerat-va-al-teatre\/\" title=\"Read Baxillerat va al teatre\">Llegeix m\u00e9s\u00bb<\/a><\/p>\n","protected":false},"author":806,"featured_media":10337,"comment_status":"closed","ping_status":"closed","sticky":false,"template":"","format":"standard","meta":{"_bbp_topic_count":0,"_bbp_reply_count":0,"_bbp_total_topic_count":0,"_bbp_total_reply_count":0,"_bbp_voice_count":0,"_bbp_anonymous_reply_count":0,"_bbp_topic_count_hidden":0,"_bbp_reply_count_hidden":0,"_bbp_forum_subforum_count":0,"footnotes":""},"categories":[8,84,125,1,449,29],"tags":[],"class_list":["post-10335","post","type-post","status-publish","format-standard","has-post-thumbnail","hentry","category-batxillerat","category-departaments","category-espectacles","category-general","category-llengua-i-literatura-catalanes","category-portada"],"post_mailing_queue_ids":[],"_links":{"self":[{"href":"https:\/\/agora.xtec.cat\/insjoandaustria\/wp-json\/wp\/v2\/posts\/10335","targetHints":{"allow":["GET"]}}],"collection":[{"href":"https:\/\/agora.xtec.cat\/insjoandaustria\/wp-json\/wp\/v2\/posts"}],"about":[{"href":"https:\/\/agora.xtec.cat\/insjoandaustria\/wp-json\/wp\/v2\/types\/post"}],"author":[{"embeddable":true,"href":"https:\/\/agora.xtec.cat\/insjoandaustria\/wp-json\/wp\/v2\/users\/806"}],"replies":[{"embeddable":true,"href":"https:\/\/agora.xtec.cat\/insjoandaustria\/wp-json\/wp\/v2\/comments?post=10335"}],"version-history":[{"count":2,"href":"https:\/\/agora.xtec.cat\/insjoandaustria\/wp-json\/wp\/v2\/posts\/10335\/revisions"}],"predecessor-version":[{"id":10341,"href":"https:\/\/agora.xtec.cat\/insjoandaustria\/wp-json\/wp\/v2\/posts\/10335\/revisions\/10341"}],"wp:featuredmedia":[{"embeddable":true,"href":"https:\/\/agora.xtec.cat\/insjoandaustria\/wp-json\/wp\/v2\/media\/10337"}],"wp:attachment":[{"href":"https:\/\/agora.xtec.cat\/insjoandaustria\/wp-json\/wp\/v2\/media?parent=10335"}],"wp:term":[{"taxonomy":"category","embeddable":true,"href":"https:\/\/agora.xtec.cat\/insjoandaustria\/wp-json\/wp\/v2\/categories?post=10335"},{"taxonomy":"post_tag","embeddable":true,"href":"https:\/\/agora.xtec.cat\/insjoandaustria\/wp-json\/wp\/v2\/tags?post=10335"}],"curies":[{"name":"wp","href":"https:\/\/api.w.org\/{rel}","templated":true}]}}