{"id":10328,"date":"2024-02-28T10:23:31","date_gmt":"2024-02-28T09:23:31","guid":{"rendered":"https:\/\/agora.xtec.cat\/insjoandaustria\/?p=10328"},"modified":"2024-02-29T21:08:27","modified_gmt":"2024-02-29T20:08:27","slug":"joies-i-amulets-egipcis-a-primer-deso","status":"publish","type":"post","link":"https:\/\/agora.xtec.cat\/insjoandaustria\/general\/joies-i-amulets-egipcis-a-primer-deso\/","title":{"rendered":"Joies i amulets egipcis a primer d&#8217;ESO"},"content":{"rendered":"<p>&nbsp;<\/p>\n<p><a href=\"https:\/\/agora.xtec.cat\/insjoandaustria\/wp-content\/uploads\/usu216\/2024\/02\/Captura-2024-02-28-a-las-10.15.57.jpeg.png\"><img loading=\"lazy\" decoding=\"async\" class=\"size-full wp-image-10329 aligncenter\" src=\"https:\/\/agora.xtec.cat\/insjoandaustria\/wp-content\/uploads\/usu216\/2024\/02\/Captura-2024-02-28-a-las-10.15.57.jpeg.png\" alt=\"\" width=\"640\" height=\"640\" srcset=\"https:\/\/agora.xtec.cat\/insjoandaustria\/wp-content\/uploads\/usu216\/2024\/02\/Captura-2024-02-28-a-las-10.15.57.jpeg.png 640w, https:\/\/agora.xtec.cat\/insjoandaustria\/wp-content\/uploads\/usu216\/2024\/02\/Captura-2024-02-28-a-las-10.15.57.jpeg-300x300.png 300w, https:\/\/agora.xtec.cat\/insjoandaustria\/wp-content\/uploads\/usu216\/2024\/02\/Captura-2024-02-28-a-las-10.15.57.jpeg-150x150.png 150w\" sizes=\"auto, (max-width: 640px) 100vw, 640px\" \/><\/a><\/p>\n<p>Durant dues setmanes del segon trimestre l&#8217;alumnat de primer d&#8217;ESO ha estat treballant entre les mat\u00e8ries de Visual i Pl\u00e0stica i Ci\u00e8ncies Socials les divinitats de l&#8217;Antic Egipte relacionades amb els animals que all\u00e0 hi viuen. Han pogut observar que aquests \u00e9ssers eren sagrats i es trobaven en tots els \u00e0mbits de la vida di\u00e0ria, a l&#8217;escriptura, a les pintures, a les escultures i fins i tot despr\u00e9s de la mort. Amb tot all\u00f2 que han apr\u00e8s, han confeccionat joies i amulets prenent com a referent les peces originals trobades en diverses tombes. La col\u00b7laboraci\u00f3 entre les dues mat\u00e8ries ha propiciat aprofundir en aquesta tem\u00e0tica i utilitzar altres t\u00e8cniques pl\u00e0stiques.<\/p>\n<p>Les peces elaborades es poden contemplar a l&#8217;entrada de l&#8217;institut. A continuaci\u00f3 us deixem unes imatges del proc\u00e9s i dels resultats obtinguts.<\/p>\n<div style=\"width: 848px;\" class=\"wp-video\"><!--[if lt IE 9]><script>document.createElement('video');<\/script><![endif]-->\n<video class=\"wp-video-shortcode\" id=\"video-10328-1\" width=\"848\" height=\"448\" preload=\"metadata\" controls=\"controls\"><source type=\"video\/mp4\" src=\"https:\/\/agora.xtec.cat\/insjoandaustria\/wp-content\/uploads\/usu216\/2024\/02\/video-2024-02-29-18-53-22_jTBIKisT.mp4?_=1\" \/><a href=\"https:\/\/agora.xtec.cat\/insjoandaustria\/wp-content\/uploads\/usu216\/2024\/02\/video-2024-02-29-18-53-22_jTBIKisT.mp4\">https:\/\/agora.xtec.cat\/insjoandaustria\/wp-content\/uploads\/usu216\/2024\/02\/video-2024-02-29-18-53-22_jTBIKisT.mp4<\/a><\/video><\/div>\n<p>&nbsp;<\/p>\n","protected":false},"excerpt":{"rendered":"<p>&nbsp;<br \/>\n<a href=\"https:\/\/agora.xtec.cat\/insjoandaustria\/wp-content\/uploads\/usu216\/2024\/02\/Captura-2024-02-28-a-las-10.15.57.jpeg.png\"><\/a><br \/>\nDurant dues setmanes del segon trimestre l&#8217;alumnat de primer d&#8217;ESO ha estat treballant entre les mat\u00e8ries de Visual i Pl\u00e0stica i Ci\u00e8ncies Socials les divinitats de l&#8217;Antic Egipte relacionades amb els animals que all\u00e0 hi viuen. Han pogut observar que aquests \u00e9ssers eren sagrats&hellip;  <a href=\"https:\/\/agora.xtec.cat\/insjoandaustria\/general\/joies-i-amulets-egipcis-a-primer-deso\/\" title=\"Read Joies i amulets egipcis a primer d&#8217;ESO\">Llegeix m\u00e9s\u00bb<\/a><\/p>\n","protected":false},"author":430,"featured_media":10329,"comment_status":"closed","ping_status":"closed","sticky":false,"template":"","format":"standard","meta":{"_bbp_topic_count":0,"_bbp_reply_count":0,"_bbp_total_topic_count":0,"_bbp_total_reply_count":0,"_bbp_voice_count":0,"_bbp_anonymous_reply_count":0,"_bbp_topic_count_hidden":0,"_bbp_reply_count_hidden":0,"_bbp_forum_subforum_count":0,"footnotes":""},"categories":[3,4,1,29,70],"tags":[],"class_list":["post-10328","post","type-post","status-publish","format-standard","has-post-thumbnail","hentry","category-eso","category-eso-1","category-general","category-portada","category-projectes"],"post_mailing_queue_ids":[],"_links":{"self":[{"href":"https:\/\/agora.xtec.cat\/insjoandaustria\/wp-json\/wp\/v2\/posts\/10328","targetHints":{"allow":["GET"]}}],"collection":[{"href":"https:\/\/agora.xtec.cat\/insjoandaustria\/wp-json\/wp\/v2\/posts"}],"about":[{"href":"https:\/\/agora.xtec.cat\/insjoandaustria\/wp-json\/wp\/v2\/types\/post"}],"author":[{"embeddable":true,"href":"https:\/\/agora.xtec.cat\/insjoandaustria\/wp-json\/wp\/v2\/users\/430"}],"replies":[{"embeddable":true,"href":"https:\/\/agora.xtec.cat\/insjoandaustria\/wp-json\/wp\/v2\/comments?post=10328"}],"version-history":[{"count":4,"href":"https:\/\/agora.xtec.cat\/insjoandaustria\/wp-json\/wp\/v2\/posts\/10328\/revisions"}],"predecessor-version":[{"id":10356,"href":"https:\/\/agora.xtec.cat\/insjoandaustria\/wp-json\/wp\/v2\/posts\/10328\/revisions\/10356"}],"wp:featuredmedia":[{"embeddable":true,"href":"https:\/\/agora.xtec.cat\/insjoandaustria\/wp-json\/wp\/v2\/media\/10329"}],"wp:attachment":[{"href":"https:\/\/agora.xtec.cat\/insjoandaustria\/wp-json\/wp\/v2\/media?parent=10328"}],"wp:term":[{"taxonomy":"category","embeddable":true,"href":"https:\/\/agora.xtec.cat\/insjoandaustria\/wp-json\/wp\/v2\/categories?post=10328"},{"taxonomy":"post_tag","embeddable":true,"href":"https:\/\/agora.xtec.cat\/insjoandaustria\/wp-json\/wp\/v2\/tags?post=10328"}],"curies":[{"name":"wp","href":"https:\/\/api.w.org\/{rel}","templated":true}]}}