{"id":10290,"date":"2024-02-19T13:30:49","date_gmt":"2024-02-19T12:30:49","guid":{"rendered":"https:\/\/agora.xtec.cat\/insjoandaustria\/?p=10290"},"modified":"2024-02-19T13:31:14","modified_gmt":"2024-02-19T12:31:14","slug":"larribada-del-carnestoltes","status":"publish","type":"post","link":"https:\/\/agora.xtec.cat\/insjoandaustria\/general\/larribada-del-carnestoltes\/","title":{"rendered":"L&#8217;arribada del Carnestoltes"},"content":{"rendered":"<p style=\"text-align: center;\">\u00a0<a href=\"https:\/\/agora.xtec.cat\/insjoandaustria\/wp-content\/uploads\/usu216\/2024\/02\/IMG_20240209_131425-min-scaled.jpg\"><img loading=\"lazy\" decoding=\"async\" class=\"alignnone wp-image-10294\" src=\"https:\/\/agora.xtec.cat\/insjoandaustria\/wp-content\/uploads\/usu216\/2024\/02\/IMG_20240209_131425-min-300x225.jpg\" alt=\"\" width=\"500\" height=\"375\" srcset=\"https:\/\/agora.xtec.cat\/insjoandaustria\/wp-content\/uploads\/usu216\/2024\/02\/IMG_20240209_131425-min-300x225.jpg 300w, https:\/\/agora.xtec.cat\/insjoandaustria\/wp-content\/uploads\/usu216\/2024\/02\/IMG_20240209_131425-min-1024x768.jpg 1024w, https:\/\/agora.xtec.cat\/insjoandaustria\/wp-content\/uploads\/usu216\/2024\/02\/IMG_20240209_131425-min-768x576.jpg 768w, https:\/\/agora.xtec.cat\/insjoandaustria\/wp-content\/uploads\/usu216\/2024\/02\/IMG_20240209_131425-min-1536x1152.jpg 1536w, https:\/\/agora.xtec.cat\/insjoandaustria\/wp-content\/uploads\/usu216\/2024\/02\/IMG_20240209_131425-min-2048x1536.jpg 2048w, https:\/\/agora.xtec.cat\/insjoandaustria\/wp-content\/uploads\/usu216\/2024\/02\/IMG_20240209_131425-min-200x150.jpg 200w\" sizes=\"auto, (max-width: 500px) 100vw, 500px\" \/><\/a><\/p>\n<p>Per fi, despr\u00e9s d&#8217;una setmana boja de Carnestoltes en qu\u00e8 vam dur roba esportiva i vermella, els cabells esbullats i algun element m\u00e9s que ens preparava per l&#8217;arribada del Carnestoltes (fins i tot vam anar elegants!) va arribar el dia en qu\u00e8 tothom es va disfressar i va mostrar les seves virtuts esc\u00e8niques davant dels altres companys i companyes. Aquest divendres de Carnestoltes va ser diferent i vam poder compartir il\u00b7lusions i moments divertits.<\/p>\n<p><img loading=\"lazy\" decoding=\"async\" class=\"aligncenter wp-image-10292\" src=\"https:\/\/agora.xtec.cat\/insjoandaustria\/wp-content\/uploads\/usu216\/2024\/02\/IMG_20240209_122856-min-300x225.jpg\" alt=\"\" width=\"500\" height=\"375\" srcset=\"https:\/\/agora.xtec.cat\/insjoandaustria\/wp-content\/uploads\/usu216\/2024\/02\/IMG_20240209_122856-min-300x225.jpg 300w, https:\/\/agora.xtec.cat\/insjoandaustria\/wp-content\/uploads\/usu216\/2024\/02\/IMG_20240209_122856-min-1024x768.jpg 1024w, https:\/\/agora.xtec.cat\/insjoandaustria\/wp-content\/uploads\/usu216\/2024\/02\/IMG_20240209_122856-min-768x576.jpg 768w, https:\/\/agora.xtec.cat\/insjoandaustria\/wp-content\/uploads\/usu216\/2024\/02\/IMG_20240209_122856-min-1536x1152.jpg 1536w, https:\/\/agora.xtec.cat\/insjoandaustria\/wp-content\/uploads\/usu216\/2024\/02\/IMG_20240209_122856-min-2048x1536.jpg 2048w, https:\/\/agora.xtec.cat\/insjoandaustria\/wp-content\/uploads\/usu216\/2024\/02\/IMG_20240209_122856-min-200x150.jpg 200w\" sizes=\"auto, (max-width: 500px) 100vw, 500px\" \/><\/p>\n<p><a href=\"https:\/\/agora.xtec.cat\/insjoandaustria\/wp-content\/uploads\/usu216\/2024\/02\/IMG_20240209_125420_edit_9486437436052-min-scaled.jpg\"><img loading=\"lazy\" decoding=\"async\" class=\"wp-image-10293 aligncenter\" src=\"https:\/\/agora.xtec.cat\/insjoandaustria\/wp-content\/uploads\/usu216\/2024\/02\/IMG_20240209_125420_edit_9486437436052-min-300x184.jpg\" alt=\"\" width=\"500\" height=\"307\" srcset=\"https:\/\/agora.xtec.cat\/insjoandaustria\/wp-content\/uploads\/usu216\/2024\/02\/IMG_20240209_125420_edit_9486437436052-min-300x184.jpg 300w, https:\/\/agora.xtec.cat\/insjoandaustria\/wp-content\/uploads\/usu216\/2024\/02\/IMG_20240209_125420_edit_9486437436052-min-1024x628.jpg 1024w, https:\/\/agora.xtec.cat\/insjoandaustria\/wp-content\/uploads\/usu216\/2024\/02\/IMG_20240209_125420_edit_9486437436052-min-768x471.jpg 768w, https:\/\/agora.xtec.cat\/insjoandaustria\/wp-content\/uploads\/usu216\/2024\/02\/IMG_20240209_125420_edit_9486437436052-min-1536x942.jpg 1536w, https:\/\/agora.xtec.cat\/insjoandaustria\/wp-content\/uploads\/usu216\/2024\/02\/IMG_20240209_125420_edit_9486437436052-min-2048x1256.jpg 2048w\" sizes=\"auto, (max-width: 500px) 100vw, 500px\" \/><\/a><\/p>\n","protected":false},"excerpt":{"rendered":"<p>\u00a0<a href=\"https:\/\/agora.xtec.cat\/insjoandaustria\/wp-content\/uploads\/usu216\/2024\/02\/IMG_20240209_131425-min-scaled.jpg\"><\/a><br \/>\nPer fi, despr\u00e9s d&#8217;una setmana boja de Carnestoltes en qu\u00e8 vam dur roba esportiva i vermella, els cabells esbullats i algun element m\u00e9s que ens preparava per l&#8217;arribada del Carnestoltes (fins i tot vam anar elegants!) va arribar el dia en qu\u00e8 tothom es&hellip;  <a href=\"https:\/\/agora.xtec.cat\/insjoandaustria\/general\/larribada-del-carnestoltes\/\" title=\"Read L&#8217;arribada del Carnestoltes\">Llegeix m\u00e9s\u00bb<\/a><\/p>\n","protected":false},"author":806,"featured_media":10294,"comment_status":"closed","ping_status":"closed","sticky":false,"template":"","format":"standard","meta":{"_bbp_topic_count":0,"_bbp_reply_count":0,"_bbp_total_topic_count":0,"_bbp_total_reply_count":0,"_bbp_voice_count":0,"_bbp_anonymous_reply_count":0,"_bbp_topic_count_hidden":0,"_bbp_reply_count_hidden":0,"_bbp_forum_subforum_count":0,"footnotes":""},"categories":[8,3,1,29],"tags":[],"class_list":["post-10290","post","type-post","status-publish","format-standard","has-post-thumbnail","hentry","category-batxillerat","category-eso","category-general","category-portada"],"post_mailing_queue_ids":[],"_links":{"self":[{"href":"https:\/\/agora.xtec.cat\/insjoandaustria\/wp-json\/wp\/v2\/posts\/10290","targetHints":{"allow":["GET"]}}],"collection":[{"href":"https:\/\/agora.xtec.cat\/insjoandaustria\/wp-json\/wp\/v2\/posts"}],"about":[{"href":"https:\/\/agora.xtec.cat\/insjoandaustria\/wp-json\/wp\/v2\/types\/post"}],"author":[{"embeddable":true,"href":"https:\/\/agora.xtec.cat\/insjoandaustria\/wp-json\/wp\/v2\/users\/806"}],"replies":[{"embeddable":true,"href":"https:\/\/agora.xtec.cat\/insjoandaustria\/wp-json\/wp\/v2\/comments?post=10290"}],"version-history":[{"count":1,"href":"https:\/\/agora.xtec.cat\/insjoandaustria\/wp-json\/wp\/v2\/posts\/10290\/revisions"}],"predecessor-version":[{"id":10295,"href":"https:\/\/agora.xtec.cat\/insjoandaustria\/wp-json\/wp\/v2\/posts\/10290\/revisions\/10295"}],"wp:featuredmedia":[{"embeddable":true,"href":"https:\/\/agora.xtec.cat\/insjoandaustria\/wp-json\/wp\/v2\/media\/10294"}],"wp:attachment":[{"href":"https:\/\/agora.xtec.cat\/insjoandaustria\/wp-json\/wp\/v2\/media?parent=10290"}],"wp:term":[{"taxonomy":"category","embeddable":true,"href":"https:\/\/agora.xtec.cat\/insjoandaustria\/wp-json\/wp\/v2\/categories?post=10290"},{"taxonomy":"post_tag","embeddable":true,"href":"https:\/\/agora.xtec.cat\/insjoandaustria\/wp-json\/wp\/v2\/tags?post=10290"}],"curies":[{"name":"wp","href":"https:\/\/api.w.org\/{rel}","templated":true}]}}