{"id":10262,"date":"2024-02-12T12:35:50","date_gmt":"2024-02-12T11:35:50","guid":{"rendered":"https:\/\/agora.xtec.cat\/insjoandaustria\/?p=10262"},"modified":"2024-02-12T12:35:50","modified_gmt":"2024-02-12T11:35:50","slug":"els-arqueolegs-arriben-a-linstitut","status":"publish","type":"post","link":"https:\/\/agora.xtec.cat\/insjoandaustria\/general\/els-arqueolegs-arriben-a-linstitut\/","title":{"rendered":"Els Arque\u00f2legs arriben a l&#8217;institut"},"content":{"rendered":"<p>Durant el mes de gener, l&#8217;alumnat de Primer d\u2019ESO convertit en arque\u00f2legs i arque\u00f2logues han treballat conjuntament per desvetllar els secrets dels nostres avantpassats hom\u00ednids: <em>Australopithecus, Homo habilis, Homo erectus, Homo neanderthal i Homo sapiens.\u00a0<\/em>Van haver d&#8217;informar-se sobre la seva vida, el seu h\u00e0bitat, la seva cultura, quins cient\u00edfics els van descobrir i moltes coses m\u00e9s. Amb el recull de tota la informaci\u00f3 <span style=\"font-family: inherit; font-size: 1em;\">van haver d&#8217;unir totes les peces del puzzle i expressar de diferents formes els seus descobriments en forma de c\u00f2mics, hist\u00f2ries, obres de teatre, en format d&#8217;entrevista a l&#8217;arque\u00f2leg que va descobrir cada hom\u00ednid o amb el programa <a href=\"https:\/\/scratch.mit.edu\/\">Scratch<\/a><\/span><\/p>\n<p>Deixem aqu\u00ed els treballs fets per l&#8217;alumnat:<\/p>\n<p><span style=\"color: #ff0000;\"><strong>Entrevistes de r\u00e0dio: <\/strong><\/span><\/p>\n<p><a href=\"https:\/\/drive.google.com\/file\/d\/108HO4Rz_f-4Tnm-6DGqd3VxBw49ALoDS\/view?usp=sharing\">PA <em>Homo habilis<\/em><\/a> ; <a href=\"https:\/\/drive.google.com\/file\/d\/1QCunBLJD3GM0y7nszs8c-4lygXSaa7Vn\/view?usp=sharing\">PA <em>Homo sapiens<\/em><\/a> ; <a href=\"https:\/\/drive.google.com\/file\/d\/1-m1qDH6QMr0YeGP0bOrl7GQMfs3rvQe3\/view?usp=sharing\">PB <i>Australophitecus<\/i><\/a>; <a href=\"https:\/\/drive.google.com\/file\/d\/1KqxZj5lljzQYavFbQXRQivhexDZTwXEU\/view?usp=drive_link\">PB <em>Homo neanderthal<\/em><\/a> ; <a href=\"https:\/\/drive.google.com\/file\/d\/1xUKzn2mm1pDctgyKDy8DJJwvj-n_3dqj\/view?usp=drive_link\">PE <em>Homo erectus<\/em><\/a> ; <a href=\"https:\/\/drive.google.com\/file\/d\/1KFYxmkOwHPcBsnunl30VTcBtL0pO8WN_\/view?usp=sharing\">PE <em>Homo neanderthal<\/em><\/a><\/p>\n<p><strong><span style=\"color: #ff0000;\">Projectes Scratch:\u00a0<\/span><\/strong><\/p>\n<p>PA <a href=\"https:\/\/scratch.mit.edu\/projects\/964920539\">Australopithecus <\/a>; <span style=\"font-family: inherit; font-size: 1em;\">PB<\/span><a style=\"font-family: inherit; font-size: 1em;\" href=\"https:\/\/scratch.mit.edu\/projects\/964876652\">Homo sapiens<\/a><\/p>\n<p><a href=\"https:\/\/agora.xtec.cat\/insjoandaustria\/wp-content\/uploads\/usu216\/2024\/02\/77079-1.jpg\"><img loading=\"lazy\" decoding=\"async\" class=\" wp-image-10263 aligncenter\" src=\"https:\/\/agora.xtec.cat\/insjoandaustria\/wp-content\/uploads\/usu216\/2024\/02\/77079-1.jpg\" alt=\"\" width=\"816\" height=\"813\" srcset=\"https:\/\/agora.xtec.cat\/insjoandaustria\/wp-content\/uploads\/usu216\/2024\/02\/77079-1.jpg 640w, https:\/\/agora.xtec.cat\/insjoandaustria\/wp-content\/uploads\/usu216\/2024\/02\/77079-1-300x300.jpg 300w, https:\/\/agora.xtec.cat\/insjoandaustria\/wp-content\/uploads\/usu216\/2024\/02\/77079-1-150x150.jpg 150w\" sizes=\"auto, (max-width: 816px) 100vw, 816px\" \/><\/a><\/p>\n<p>&nbsp;<\/p>\n","protected":false},"excerpt":{"rendered":"<p>Durant el mes de gener, l&#8217;alumnat de Primer d\u2019ESO convertit en arque\u00f2legs i arque\u00f2logues han treballat conjuntament per desvetllar els secrets dels nostres avantpassats hom\u00ednids: Australopithecus, Homo habilis, Homo erectus, Homo neanderthal i Homo sapiens.\u00a0Van haver d&#8217;informar-se sobre la seva vida, el seu h\u00e0bitat, la&hellip;  <a href=\"https:\/\/agora.xtec.cat\/insjoandaustria\/general\/els-arqueolegs-arriben-a-linstitut\/\" title=\"Read Els Arque\u00f2legs arriben a l&#8217;institut\">Llegeix m\u00e9s\u00bb<\/a><\/p>\n","protected":false},"author":430,"featured_media":10263,"comment_status":"closed","ping_status":"closed","sticky":false,"template":"","format":"standard","meta":{"_bbp_topic_count":0,"_bbp_reply_count":0,"_bbp_total_topic_count":0,"_bbp_total_reply_count":0,"_bbp_voice_count":0,"_bbp_anonymous_reply_count":0,"_bbp_topic_count_hidden":0,"_bbp_reply_count_hidden":0,"_bbp_forum_subforum_count":0,"footnotes":""},"categories":[3,1,29],"tags":[],"class_list":["post-10262","post","type-post","status-publish","format-standard","has-post-thumbnail","hentry","category-eso","category-general","category-portada"],"post_mailing_queue_ids":[],"_links":{"self":[{"href":"https:\/\/agora.xtec.cat\/insjoandaustria\/wp-json\/wp\/v2\/posts\/10262","targetHints":{"allow":["GET"]}}],"collection":[{"href":"https:\/\/agora.xtec.cat\/insjoandaustria\/wp-json\/wp\/v2\/posts"}],"about":[{"href":"https:\/\/agora.xtec.cat\/insjoandaustria\/wp-json\/wp\/v2\/types\/post"}],"author":[{"embeddable":true,"href":"https:\/\/agora.xtec.cat\/insjoandaustria\/wp-json\/wp\/v2\/users\/430"}],"replies":[{"embeddable":true,"href":"https:\/\/agora.xtec.cat\/insjoandaustria\/wp-json\/wp\/v2\/comments?post=10262"}],"version-history":[{"count":1,"href":"https:\/\/agora.xtec.cat\/insjoandaustria\/wp-json\/wp\/v2\/posts\/10262\/revisions"}],"predecessor-version":[{"id":10264,"href":"https:\/\/agora.xtec.cat\/insjoandaustria\/wp-json\/wp\/v2\/posts\/10262\/revisions\/10264"}],"wp:featuredmedia":[{"embeddable":true,"href":"https:\/\/agora.xtec.cat\/insjoandaustria\/wp-json\/wp\/v2\/media\/10263"}],"wp:attachment":[{"href":"https:\/\/agora.xtec.cat\/insjoandaustria\/wp-json\/wp\/v2\/media?parent=10262"}],"wp:term":[{"taxonomy":"category","embeddable":true,"href":"https:\/\/agora.xtec.cat\/insjoandaustria\/wp-json\/wp\/v2\/categories?post=10262"},{"taxonomy":"post_tag","embeddable":true,"href":"https:\/\/agora.xtec.cat\/insjoandaustria\/wp-json\/wp\/v2\/tags?post=10262"}],"curies":[{"name":"wp","href":"https:\/\/api.w.org\/{rel}","templated":true}]}}