{"id":10241,"date":"2024-02-06T10:59:19","date_gmt":"2024-02-06T09:59:19","guid":{"rendered":"https:\/\/agora.xtec.cat\/insjoandaustria\/?p=10241"},"modified":"2024-02-09T10:25:25","modified_gmt":"2024-02-09T09:25:25","slug":"2n-de-batxillerat-viatja-a-madrid","status":"publish","type":"post","link":"https:\/\/agora.xtec.cat\/insjoandaustria\/general\/2n-de-batxillerat-viatja-a-madrid\/","title":{"rendered":"2n de Batxillerat viatja a Madrid!"},"content":{"rendered":"<p>L&#8217;alumnat de 2n de Batxillerat de l&#8217;Institut Joan d&#8217;\u00c0ustria ahir van comen\u00e7ar el seu viatge a Madrid. De ben segur que ser\u00e0 un viatge en qu\u00e8 aprofitaran per descobrir tota la hist\u00f2ria de l&#8217;art, tradicions, costums i gastronomia de la qual Madrid n&#8217;\u00e9s diposit\u00e0ria. Una excursi\u00f3 per enfortir vincles i albirar sobre el terreny tot all\u00f2 apr\u00e8s a les aules del nostre centre al llarg del curs. Des d&#8217;aqu\u00ed aprofitem per desitjar-los una estada profitosa i un bon retorn.<\/p>\n<p>M\u00f2nica Soler<\/p>\n<p><a href=\"https:\/\/agora.xtec.cat\/insjoandaustria\/wp-content\/uploads\/usu216\/2024\/02\/image_123650291-1.jpg\"><img loading=\"lazy\" decoding=\"async\" class=\"aligncenter wp-image-10257\" src=\"https:\/\/agora.xtec.cat\/insjoandaustria\/wp-content\/uploads\/usu216\/2024\/02\/image_123650291-1-1024x768.jpg\" alt=\"\" width=\"600\" height=\"450\" srcset=\"https:\/\/agora.xtec.cat\/insjoandaustria\/wp-content\/uploads\/usu216\/2024\/02\/image_123650291-1-1024x768.jpg 1024w, https:\/\/agora.xtec.cat\/insjoandaustria\/wp-content\/uploads\/usu216\/2024\/02\/image_123650291-1-300x225.jpg 300w, https:\/\/agora.xtec.cat\/insjoandaustria\/wp-content\/uploads\/usu216\/2024\/02\/image_123650291-1-768x576.jpg 768w, https:\/\/agora.xtec.cat\/insjoandaustria\/wp-content\/uploads\/usu216\/2024\/02\/image_123650291-1-1536x1152.jpg 1536w, https:\/\/agora.xtec.cat\/insjoandaustria\/wp-content\/uploads\/usu216\/2024\/02\/image_123650291-1-200x150.jpg 200w, https:\/\/agora.xtec.cat\/insjoandaustria\/wp-content\/uploads\/usu216\/2024\/02\/image_123650291-1.jpg 2048w\" sizes=\"auto, (max-width: 600px) 100vw, 600px\" \/><\/a><\/p>\n<p>&nbsp;<\/p>\n","protected":false},"excerpt":{"rendered":"<p>L&#8217;alumnat de 2n de Batxillerat de l&#8217;Institut Joan d&#8217;\u00c0ustria ahir van comen\u00e7ar el seu viatge a Madrid. De ben segur que ser\u00e0 un viatge en qu\u00e8 aprofitaran per descobrir tota la hist\u00f2ria de l&#8217;art, tradicions, costums i gastronomia de la qual Madrid n&#8217;\u00e9s diposit\u00e0ria. Una&hellip;  <a href=\"https:\/\/agora.xtec.cat\/insjoandaustria\/general\/2n-de-batxillerat-viatja-a-madrid\/\" title=\"Read 2n de Batxillerat viatja a Madrid!\">Llegeix m\u00e9s\u00bb<\/a><\/p>\n","protected":false},"author":876,"featured_media":10257,"comment_status":"closed","ping_status":"closed","sticky":false,"template":"","format":"standard","meta":{"_bbp_topic_count":0,"_bbp_reply_count":0,"_bbp_total_topic_count":0,"_bbp_total_reply_count":0,"_bbp_voice_count":0,"_bbp_anonymous_reply_count":0,"_bbp_topic_count_hidden":0,"_bbp_reply_count_hidden":0,"_bbp_forum_subforum_count":0,"footnotes":""},"categories":[8,1,29],"tags":[],"class_list":["post-10241","post","type-post","status-publish","format-standard","has-post-thumbnail","hentry","category-batxillerat","category-general","category-portada"],"post_mailing_queue_ids":[],"_links":{"self":[{"href":"https:\/\/agora.xtec.cat\/insjoandaustria\/wp-json\/wp\/v2\/posts\/10241","targetHints":{"allow":["GET"]}}],"collection":[{"href":"https:\/\/agora.xtec.cat\/insjoandaustria\/wp-json\/wp\/v2\/posts"}],"about":[{"href":"https:\/\/agora.xtec.cat\/insjoandaustria\/wp-json\/wp\/v2\/types\/post"}],"author":[{"embeddable":true,"href":"https:\/\/agora.xtec.cat\/insjoandaustria\/wp-json\/wp\/v2\/users\/876"}],"replies":[{"embeddable":true,"href":"https:\/\/agora.xtec.cat\/insjoandaustria\/wp-json\/wp\/v2\/comments?post=10241"}],"version-history":[{"count":4,"href":"https:\/\/agora.xtec.cat\/insjoandaustria\/wp-json\/wp\/v2\/posts\/10241\/revisions"}],"predecessor-version":[{"id":10259,"href":"https:\/\/agora.xtec.cat\/insjoandaustria\/wp-json\/wp\/v2\/posts\/10241\/revisions\/10259"}],"wp:featuredmedia":[{"embeddable":true,"href":"https:\/\/agora.xtec.cat\/insjoandaustria\/wp-json\/wp\/v2\/media\/10257"}],"wp:attachment":[{"href":"https:\/\/agora.xtec.cat\/insjoandaustria\/wp-json\/wp\/v2\/media?parent=10241"}],"wp:term":[{"taxonomy":"category","embeddable":true,"href":"https:\/\/agora.xtec.cat\/insjoandaustria\/wp-json\/wp\/v2\/categories?post=10241"},{"taxonomy":"post_tag","embeddable":true,"href":"https:\/\/agora.xtec.cat\/insjoandaustria\/wp-json\/wp\/v2\/tags?post=10241"}],"curies":[{"name":"wp","href":"https:\/\/api.w.org\/{rel}","templated":true}]}}