{"id":10180,"date":"2024-01-24T10:26:57","date_gmt":"2024-01-24T09:26:57","guid":{"rendered":"https:\/\/agora.xtec.cat\/insjoandaustria\/?p=10180"},"modified":"2024-01-24T12:19:07","modified_gmt":"2024-01-24T11:19:07","slug":"4t-deso-visita-a-la-depuradora-de-montcada","status":"publish","type":"post","link":"https:\/\/agora.xtec.cat\/insjoandaustria\/general\/4t-deso-visita-a-la-depuradora-de-montcada\/","title":{"rendered":"4t d&#8217;ESO visita a la depuradora de Montcada"},"content":{"rendered":"<p>El passat 22 de gener, l&#8217;alumnat de 4t d&#8217;ESO, que realitza l&#8217;assignatura de tecnologia, van visitar dos processos industrials relacionats amb el cicle de l&#8217;aigua; <strong>La Depuradora de Montcada<\/strong> i la <strong>Casa de les Aig\u00fces de Montcada i el Rec Comtal<\/strong>.<\/p>\n<p>Han realitzat la visita a fi de poder viure de prop la gesti\u00f3 del cicle integral de l&#8217;aigua per la seva depuraci\u00f3 i potabilitzaci\u00f3. Una visita que visibilitza el proc\u00e9s de l&#8217;aigua fins al seu objectiu final, el retorn a l&#8217;aigua de boca per al consum ciutad\u00e0. Sens dubte una experi\u00e8ncia valuosa per tal de prendre consci\u00e8ncia sobre un recurs esc\u00e0s del qual tots en som responsables.<\/p>\n<p><a href=\"https:\/\/agora.xtec.cat\/insjoandaustria\/wp-content\/uploads\/usu216\/2024\/01\/1705958255009-scaled.jpg\"><img loading=\"lazy\" decoding=\"async\" class=\"aligncenter wp-image-10189\" src=\"https:\/\/agora.xtec.cat\/insjoandaustria\/wp-content\/uploads\/usu216\/2024\/01\/1705958255009-1024x768.jpg\" alt=\"\" width=\"500\" height=\"375\" srcset=\"https:\/\/agora.xtec.cat\/insjoandaustria\/wp-content\/uploads\/usu216\/2024\/01\/1705958255009-1024x768.jpg 1024w, https:\/\/agora.xtec.cat\/insjoandaustria\/wp-content\/uploads\/usu216\/2024\/01\/1705958255009-300x225.jpg 300w, https:\/\/agora.xtec.cat\/insjoandaustria\/wp-content\/uploads\/usu216\/2024\/01\/1705958255009-768x576.jpg 768w, https:\/\/agora.xtec.cat\/insjoandaustria\/wp-content\/uploads\/usu216\/2024\/01\/1705958255009-1536x1152.jpg 1536w, https:\/\/agora.xtec.cat\/insjoandaustria\/wp-content\/uploads\/usu216\/2024\/01\/1705958255009-2048x1536.jpg 2048w, https:\/\/agora.xtec.cat\/insjoandaustria\/wp-content\/uploads\/usu216\/2024\/01\/1705958255009-200x150.jpg 200w\" sizes=\"auto, (max-width: 500px) 100vw, 500px\" \/><\/a><\/p>\n<p><a href=\"https:\/\/agora.xtec.cat\/insjoandaustria\/wp-content\/uploads\/usu216\/2024\/01\/1705958254842-scaled.jpg\"><img loading=\"lazy\" decoding=\"async\" class=\"aligncenter wp-image-10182\" src=\"https:\/\/agora.xtec.cat\/insjoandaustria\/wp-content\/uploads\/usu216\/2024\/01\/1705958254842-1024x768.jpg\" alt=\"\" width=\"500\" height=\"375\" srcset=\"https:\/\/agora.xtec.cat\/insjoandaustria\/wp-content\/uploads\/usu216\/2024\/01\/1705958254842-1024x768.jpg 1024w, https:\/\/agora.xtec.cat\/insjoandaustria\/wp-content\/uploads\/usu216\/2024\/01\/1705958254842-300x225.jpg 300w, https:\/\/agora.xtec.cat\/insjoandaustria\/wp-content\/uploads\/usu216\/2024\/01\/1705958254842-768x576.jpg 768w, https:\/\/agora.xtec.cat\/insjoandaustria\/wp-content\/uploads\/usu216\/2024\/01\/1705958254842-1536x1152.jpg 1536w, https:\/\/agora.xtec.cat\/insjoandaustria\/wp-content\/uploads\/usu216\/2024\/01\/1705958254842-2048x1536.jpg 2048w, https:\/\/agora.xtec.cat\/insjoandaustria\/wp-content\/uploads\/usu216\/2024\/01\/1705958254842-200x150.jpg 200w\" sizes=\"auto, (max-width: 500px) 100vw, 500px\" \/><\/a><\/p>\n<p>&nbsp;<\/p>\n","protected":false},"excerpt":{"rendered":"<p>El passat 22 de gener, l&#8217;alumnat de 4t d&#8217;ESO, que realitza l&#8217;assignatura de tecnologia, van visitar dos processos industrials relacionats amb el cicle de l&#8217;aigua; La Depuradora de Montcada i la Casa de les Aig\u00fces de Montcada i el Rec Comtal.<br \/>\nHan realitzat la visita a&hellip;  <a href=\"https:\/\/agora.xtec.cat\/insjoandaustria\/general\/4t-deso-visita-a-la-depuradora-de-montcada\/\" title=\"Read 4t d&#8217;ESO visita a la depuradora de Montcada\">Llegeix m\u00e9s\u00bb<\/a><\/p>\n","protected":false},"author":876,"featured_media":10182,"comment_status":"closed","ping_status":"closed","sticky":false,"template":"","format":"standard","meta":{"_bbp_topic_count":0,"_bbp_reply_count":0,"_bbp_total_topic_count":0,"_bbp_total_reply_count":0,"_bbp_voice_count":0,"_bbp_anonymous_reply_count":0,"_bbp_topic_count_hidden":0,"_bbp_reply_count_hidden":0,"_bbp_forum_subforum_count":0,"footnotes":""},"categories":[3,1,29],"tags":[],"class_list":["post-10180","post","type-post","status-publish","format-standard","has-post-thumbnail","hentry","category-eso","category-general","category-portada"],"post_mailing_queue_ids":[],"_links":{"self":[{"href":"https:\/\/agora.xtec.cat\/insjoandaustria\/wp-json\/wp\/v2\/posts\/10180","targetHints":{"allow":["GET"]}}],"collection":[{"href":"https:\/\/agora.xtec.cat\/insjoandaustria\/wp-json\/wp\/v2\/posts"}],"about":[{"href":"https:\/\/agora.xtec.cat\/insjoandaustria\/wp-json\/wp\/v2\/types\/post"}],"author":[{"embeddable":true,"href":"https:\/\/agora.xtec.cat\/insjoandaustria\/wp-json\/wp\/v2\/users\/876"}],"replies":[{"embeddable":true,"href":"https:\/\/agora.xtec.cat\/insjoandaustria\/wp-json\/wp\/v2\/comments?post=10180"}],"version-history":[{"count":2,"href":"https:\/\/agora.xtec.cat\/insjoandaustria\/wp-json\/wp\/v2\/posts\/10180\/revisions"}],"predecessor-version":[{"id":10198,"href":"https:\/\/agora.xtec.cat\/insjoandaustria\/wp-json\/wp\/v2\/posts\/10180\/revisions\/10198"}],"wp:featuredmedia":[{"embeddable":true,"href":"https:\/\/agora.xtec.cat\/insjoandaustria\/wp-json\/wp\/v2\/media\/10182"}],"wp:attachment":[{"href":"https:\/\/agora.xtec.cat\/insjoandaustria\/wp-json\/wp\/v2\/media?parent=10180"}],"wp:term":[{"taxonomy":"category","embeddable":true,"href":"https:\/\/agora.xtec.cat\/insjoandaustria\/wp-json\/wp\/v2\/categories?post=10180"},{"taxonomy":"post_tag","embeddable":true,"href":"https:\/\/agora.xtec.cat\/insjoandaustria\/wp-json\/wp\/v2\/tags?post=10180"}],"curies":[{"name":"wp","href":"https:\/\/api.w.org\/{rel}","templated":true}]}}