{"id":10151,"date":"2024-01-17T12:23:19","date_gmt":"2024-01-17T11:23:19","guid":{"rendered":"https:\/\/agora.xtec.cat\/insjoandaustria\/?p=10151"},"modified":"2024-01-22T14:05:14","modified_gmt":"2024-01-22T13:05:14","slug":"mediacio-2n-deso","status":"publish","type":"post","link":"https:\/\/agora.xtec.cat\/insjoandaustria\/eso\/mediacio-2n-deso\/","title":{"rendered":"Mediaci\u00f3 2n d&#8217;ESO"},"content":{"rendered":"<p>A segon d\u2019ESO hem comen\u00e7at les optatives del segon semestre.<br \/>\nAmb el nou grup de l\u2019optativa de Mediaci\u00f3 estem treballant en la coneixen\u00e7a intrapersonal per descobrir els valors que ens defineixen com a persones. Tot aix\u00f2 ho treballem acompanyats de la m\u00fasica de Yiruma que ens convida a fer introspecci\u00f3 i que t\u00e9 un poder potenciador per a l\u2019autoregulaci\u00f3 emocional.<\/p>\n<p>A continuaci\u00f3 us deixem el v\u00eddeo:<\/p>\n<p><a href=\"https:\/\/agora.xtec.cat\/insjoandaustria\/wp-content\/uploads\/usu216\/2024\/01\/cffe5960-e503-4913-93f6-a0fc386eaeeb.mp4\">Mediaci\u00f3 2n d&#8217;ESO<\/a><\/p>\n","protected":false},"excerpt":{"rendered":"<p>A segon d\u2019ESO hem comen\u00e7at les optatives del segon semestre.<br \/>\nAmb el nou grup de l\u2019optativa de Mediaci\u00f3 estem treballant en la coneixen\u00e7a intrapersonal per descobrir els valors que ens defineixen com a persones. Tot aix\u00f2 ho treballem acompanyats de la m\u00fasica de Yiruma que ens&hellip;  <a href=\"https:\/\/agora.xtec.cat\/insjoandaustria\/eso\/mediacio-2n-deso\/\" title=\"Read Mediaci\u00f3 2n d&#8217;ESO\">Llegeix m\u00e9s\u00bb<\/a><\/p>\n","protected":false},"author":876,"featured_media":10153,"comment_status":"closed","ping_status":"closed","sticky":false,"template":"","format":"standard","meta":{"_bbp_topic_count":0,"_bbp_reply_count":0,"_bbp_total_topic_count":0,"_bbp_total_reply_count":0,"_bbp_voice_count":0,"_bbp_anonymous_reply_count":0,"_bbp_topic_count_hidden":0,"_bbp_reply_count_hidden":0,"_bbp_forum_subforum_count":0,"footnotes":""},"categories":[3,5,29],"tags":[],"class_list":["post-10151","post","type-post","status-publish","format-standard","has-post-thumbnail","hentry","category-eso","category-eso-2","category-portada"],"post_mailing_queue_ids":[],"_links":{"self":[{"href":"https:\/\/agora.xtec.cat\/insjoandaustria\/wp-json\/wp\/v2\/posts\/10151","targetHints":{"allow":["GET"]}}],"collection":[{"href":"https:\/\/agora.xtec.cat\/insjoandaustria\/wp-json\/wp\/v2\/posts"}],"about":[{"href":"https:\/\/agora.xtec.cat\/insjoandaustria\/wp-json\/wp\/v2\/types\/post"}],"author":[{"embeddable":true,"href":"https:\/\/agora.xtec.cat\/insjoandaustria\/wp-json\/wp\/v2\/users\/876"}],"replies":[{"embeddable":true,"href":"https:\/\/agora.xtec.cat\/insjoandaustria\/wp-json\/wp\/v2\/comments?post=10151"}],"version-history":[{"count":2,"href":"https:\/\/agora.xtec.cat\/insjoandaustria\/wp-json\/wp\/v2\/posts\/10151\/revisions"}],"predecessor-version":[{"id":10175,"href":"https:\/\/agora.xtec.cat\/insjoandaustria\/wp-json\/wp\/v2\/posts\/10151\/revisions\/10175"}],"wp:featuredmedia":[{"embeddable":true,"href":"https:\/\/agora.xtec.cat\/insjoandaustria\/wp-json\/wp\/v2\/media\/10153"}],"wp:attachment":[{"href":"https:\/\/agora.xtec.cat\/insjoandaustria\/wp-json\/wp\/v2\/media?parent=10151"}],"wp:term":[{"taxonomy":"category","embeddable":true,"href":"https:\/\/agora.xtec.cat\/insjoandaustria\/wp-json\/wp\/v2\/categories?post=10151"},{"taxonomy":"post_tag","embeddable":true,"href":"https:\/\/agora.xtec.cat\/insjoandaustria\/wp-json\/wp\/v2\/tags?post=10151"}],"curies":[{"name":"wp","href":"https:\/\/api.w.org\/{rel}","templated":true}]}}