{"id":10102,"date":"2024-01-10T08:34:58","date_gmt":"2024-01-10T07:34:58","guid":{"rendered":"https:\/\/agora.xtec.cat\/insjoandaustria\/?p=10102"},"modified":"2024-01-18T13:25:29","modified_gmt":"2024-01-18T12:25:29","slug":"sortida-als-tres-turons","status":"publish","type":"post","link":"https:\/\/agora.xtec.cat\/insjoandaustria\/general\/sortida-als-tres-turons\/","title":{"rendered":"Sortida als Tres Turons"},"content":{"rendered":"<p>Benvolgudes fam\u00edlies, engeguem motors del segon trimestre!<\/p>\n<p>Us posem al dia de les darreres activitats que vam realitzar abans de les vacances. Els dies 13 i 15 de desembre, l&#8217;alumnat de segon vam fer una caminada de 5 km pels Tres Turons del districte d&#8217;Horta-Guinard\u00f3. Aquesta sortida est\u00e0 compresa en el marc del projecte <span style=\"font-family: Arial, sans-serif;\">\u00ab<\/span>Combatem el sedentarisme!<span style=\"font-family: Arial, sans-serif;\">\u00bb <\/span>que desenvoluparem durant el segon trimestre. L&#8217;alumnat a m\u00e9s d&#8217;haver fet exercici, s&#8217;ho va passar d&#8217;all\u00f2 m\u00e9s b\u00e9! Aix\u00ed ens ho explica la Sara Fern\u00e1ndez de 2n d&#8217;ESO B:<\/p>\n<p><span style=\"font-family: Arial, sans-serif;\">\u00ab<\/span><span style=\"font-weight: 400;\">El passat dia 15 de desembre les classes SA i SB vam anar d\u2019excursi\u00f3\u00a0 als Tres Turons de Barcelona. <\/span><span style=\"font-weight: 400;\">Vam haver de pujar a classe a les 8.15, el tutor va passar llista i tots els alumnes li vam donar l&#8217;autoritzaci\u00f3. Despr\u00e9s vam anar a agafar el metro i vam haver de fer transbordament de la L2 a la L4 per baixar a Alfons X.<\/span><\/p>\n<p><span style=\"font-weight: 400;\">En baixar al Parc de les Aig\u00fces d\u00b4 Alfons X vam haver de caminar per arribar on comen\u00e7ar\u00edem la caminada per anar al primer tur\u00f3. En comen\u00e7ar la primera pujada ens v\u00e0rem aturar en un mirador i la majoria de persones van fer fotos, per continuar pujant fins arribar als b\u00fanquers.<\/span><\/p>\n<p><span style=\"font-weight: 400;\">En acabar de veure els b\u00fanquers vam anar cap al seg\u00fcent tur\u00f3. Era una pujada bastant dif\u00edcil, on podies relliscar molt sovint i on, en arribar a dalt del tot, les vistes eren molt boniques. A la baixada el cam\u00ed era molt m\u00e9s dif\u00edcil pero vaig riure molt: quasi\u00a0 caic!<\/span><\/p>\n<p><span style=\"font-weight: 400;\">A l&#8217;\u00faltim tur\u00f3 hi vam arribar sense fer-hi cap pujada, i al final del cam\u00ed ens hi vam trobar una creu.<\/span><\/p>\n<p><span style=\"font-weight: 400;\">Despr\u00e9s d\u2019haver visitat\u00a0 els Tres Turons Barcelona vam anar al parc de la Creueta del Coll per fer temps, descansar i\u00a0 jugar tota l\u2019estona.<\/span><\/p>\n<p><span style=\"font-weight: 400;\">Per acabar la sortida vam tornar a l&#8217;Institut i vam fer el\u00a0 mateix recorregut en metro i en arribar a l\u2019escola ens en vam tornar cap a casa<\/span><span style=\"font-family: Arial, sans-serif;\">\u00bb.<\/span><\/p>\n<p>&nbsp;<\/p>\n<p><a href=\"https:\/\/agora.xtec.cat\/insjoandaustria\/wp-content\/uploads\/usu216\/2024\/01\/IMG_3710-scaled.jpg\"><img loading=\"lazy\" decoding=\"async\" class=\"aligncenter wp-image-10139\" src=\"https:\/\/agora.xtec.cat\/insjoandaustria\/wp-content\/uploads\/usu216\/2024\/01\/IMG_3710-1024x768.jpg\" alt=\"\" width=\"500\" height=\"375\" \/><\/a><\/p>\n<p><a href=\"https:\/\/agora.xtec.cat\/insjoandaustria\/wp-content\/uploads\/usu216\/2024\/01\/IMG_3703-scaled.jpg\"><img loading=\"lazy\" decoding=\"async\" class=\"aligncenter wp-image-10140\" src=\"https:\/\/agora.xtec.cat\/insjoandaustria\/wp-content\/uploads\/usu216\/2024\/01\/IMG_3703-768x1024.jpg\" alt=\"\" width=\"500\" height=\"667\" srcset=\"https:\/\/agora.xtec.cat\/insjoandaustria\/wp-content\/uploads\/usu216\/2024\/01\/IMG_3703-768x1024.jpg 768w, https:\/\/agora.xtec.cat\/insjoandaustria\/wp-content\/uploads\/usu216\/2024\/01\/IMG_3703-225x300.jpg 225w, https:\/\/agora.xtec.cat\/insjoandaustria\/wp-content\/uploads\/usu216\/2024\/01\/IMG_3703-1152x1536.jpg 1152w, https:\/\/agora.xtec.cat\/insjoandaustria\/wp-content\/uploads\/usu216\/2024\/01\/IMG_3703-1536x2048.jpg 1536w, https:\/\/agora.xtec.cat\/insjoandaustria\/wp-content\/uploads\/usu216\/2024\/01\/IMG_3703-scaled.jpg 1920w\" sizes=\"auto, (max-width: 500px) 100vw, 500px\" \/><\/a><\/p>\n<p><a href=\"https:\/\/agora.xtec.cat\/insjoandaustria\/wp-content\/uploads\/usu216\/2024\/01\/IMG_3710.heic\"><img decoding=\"async\" class=\"aligncenter size-full wp-image-10137\" src=\"https:\/\/agora.xtec.cat\/insjoandaustria\/wp-content\/uploads\/usu216\/2024\/01\/IMG_3710.heic\" alt=\"\" \/><\/a> <a href=\"https:\/\/agora.xtec.cat\/insjoandaustria\/wp-content\/uploads\/usu216\/2024\/01\/IMG_3703-1.heic\"><img decoding=\"async\" class=\"aligncenter size-full wp-image-10135\" src=\"https:\/\/agora.xtec.cat\/insjoandaustria\/wp-content\/uploads\/usu216\/2024\/01\/IMG_3703-1.heic\" alt=\"\" \/><\/a><\/p>\n<p>&nbsp;<\/p>\n","protected":false},"excerpt":{"rendered":"<p>Benvolgudes fam\u00edlies, engeguem motors del segon trimestre!<br \/>\nUs posem al dia de les darreres activitats que vam realitzar abans de les vacances. Els dies 13 i 15 de desembre, l&#8217;alumnat de segon vam fer una caminada de 5 km pels Tres Turons del districte d&#8217;Horta-Guinard\u00f3. Aquesta&hellip;  <a href=\"https:\/\/agora.xtec.cat\/insjoandaustria\/general\/sortida-als-tres-turons\/\" title=\"Read Sortida als Tres Turons\">Llegeix m\u00e9s\u00bb<\/a><\/p>\n","protected":false},"author":876,"featured_media":10139,"comment_status":"closed","ping_status":"closed","sticky":false,"template":"","format":"standard","meta":{"_bbp_topic_count":0,"_bbp_reply_count":0,"_bbp_total_topic_count":0,"_bbp_total_reply_count":0,"_bbp_voice_count":0,"_bbp_anonymous_reply_count":0,"_bbp_topic_count_hidden":0,"_bbp_reply_count_hidden":0,"_bbp_forum_subforum_count":0,"footnotes":""},"categories":[1,29,448],"tags":[],"class_list":["post-10102","post","type-post","status-publish","format-standard","has-post-thumbnail","hentry","category-general","category-portada","category-projecteseso"],"post_mailing_queue_ids":[],"_links":{"self":[{"href":"https:\/\/agora.xtec.cat\/insjoandaustria\/wp-json\/wp\/v2\/posts\/10102","targetHints":{"allow":["GET"]}}],"collection":[{"href":"https:\/\/agora.xtec.cat\/insjoandaustria\/wp-json\/wp\/v2\/posts"}],"about":[{"href":"https:\/\/agora.xtec.cat\/insjoandaustria\/wp-json\/wp\/v2\/types\/post"}],"author":[{"embeddable":true,"href":"https:\/\/agora.xtec.cat\/insjoandaustria\/wp-json\/wp\/v2\/users\/876"}],"replies":[{"embeddable":true,"href":"https:\/\/agora.xtec.cat\/insjoandaustria\/wp-json\/wp\/v2\/comments?post=10102"}],"version-history":[{"count":5,"href":"https:\/\/agora.xtec.cat\/insjoandaustria\/wp-json\/wp\/v2\/posts\/10102\/revisions"}],"predecessor-version":[{"id":10161,"href":"https:\/\/agora.xtec.cat\/insjoandaustria\/wp-json\/wp\/v2\/posts\/10102\/revisions\/10161"}],"wp:featuredmedia":[{"embeddable":true,"href":"https:\/\/agora.xtec.cat\/insjoandaustria\/wp-json\/wp\/v2\/media\/10139"}],"wp:attachment":[{"href":"https:\/\/agora.xtec.cat\/insjoandaustria\/wp-json\/wp\/v2\/media?parent=10102"}],"wp:term":[{"taxonomy":"category","embeddable":true,"href":"https:\/\/agora.xtec.cat\/insjoandaustria\/wp-json\/wp\/v2\/categories?post=10102"},{"taxonomy":"post_tag","embeddable":true,"href":"https:\/\/agora.xtec.cat\/insjoandaustria\/wp-json\/wp\/v2\/tags?post=10102"}],"curies":[{"name":"wp","href":"https:\/\/api.w.org\/{rel}","templated":true}]}}