{"id":10075,"date":"2023-12-15T09:35:58","date_gmt":"2023-12-15T08:35:58","guid":{"rendered":"https:\/\/agora.xtec.cat\/insjoandaustria\/?p=10075"},"modified":"2023-12-15T10:24:44","modified_gmt":"2023-12-15T09:24:44","slug":"un-projecte-educatiu-amb-el-banc-daliments","status":"publish","type":"post","link":"https:\/\/agora.xtec.cat\/insjoandaustria\/general\/un-projecte-educatiu-amb-el-banc-daliments\/","title":{"rendered":"Un projecte educatiu amb el Banc d&#8217;Aliments"},"content":{"rendered":"<p><span style=\"font-weight: 400;\"><a href=\"https:\/\/agora.xtec.cat\/insjoandaustria\/wp-content\/uploads\/usu216\/2023\/12\/20231130_101208-scaled.jpg\"><img loading=\"lazy\" decoding=\"async\" class=\"aligncenter wp-image-10084\" src=\"https:\/\/agora.xtec.cat\/insjoandaustria\/wp-content\/uploads\/usu216\/2023\/12\/20231130_101208-577x1024.jpg\" alt=\"\" width=\"282\" height=\"500\" srcset=\"https:\/\/agora.xtec.cat\/insjoandaustria\/wp-content\/uploads\/usu216\/2023\/12\/20231130_101208-577x1024.jpg 577w, https:\/\/agora.xtec.cat\/insjoandaustria\/wp-content\/uploads\/usu216\/2023\/12\/20231130_101208-169x300.jpg 169w, https:\/\/agora.xtec.cat\/insjoandaustria\/wp-content\/uploads\/usu216\/2023\/12\/20231130_101208-768x1364.jpg 768w, https:\/\/agora.xtec.cat\/insjoandaustria\/wp-content\/uploads\/usu216\/2023\/12\/20231130_101208-865x1536.jpg 865w, https:\/\/agora.xtec.cat\/insjoandaustria\/wp-content\/uploads\/usu216\/2023\/12\/20231130_101208-1153x2048.jpg 1153w, https:\/\/agora.xtec.cat\/insjoandaustria\/wp-content\/uploads\/usu216\/2023\/12\/20231130_101208-scaled.jpg 1442w\" sizes=\"auto, (max-width: 282px) 100vw, 282px\" \/><\/a><\/span><\/p>\n<p><span style=\"font-weight: 400;\">El 7 de novembre la Dra. Montserrat Rivero Urgell, Doctora en Farm\u00e0cia en l&#8217;especialitat de Nutrici\u00f3 i Diet\u00e8tica que, a m\u00e9s, \u00e9s la Presidenta de l&#8217;Associaci\u00f3 Catalana de Ci\u00e8ncies de l&#8217;Alimentaci\u00f3 i Directora del Centre d&#8217;Estudis del Banc d&#8217;Aliments de Barcelona va procunciar una xerrada per a l&#8217;alumnat de 3r d&#8217;ESO per conscienciar de la situaci\u00f3 actual en la societat sobre la situaci\u00f3 aliment\u00e0ria. Duia el t\u00edtol <span style=\"font-family: Arial, sans-serif;\">\u00abNoves estrat\u00e8gies per disminuir la pobresa aliment\u00e0ria i millorar la salut infantil al nostre entorn<\/span><span style=\"font-family: Arial, sans-serif;\">\u00bb. <\/span><\/span><\/p>\n<p><span style=\"font-family: Arial, sans-serif;\">Aquesta xerrada formava part del projecte <b>Recollida d&#8217;Aliments <\/b>que els alumnes de tercer d&#8217;ESO acaben aquest desembre. Es tracta d&#8217;un projecte educatiu que durar\u00e0 dos mesos. Entre les activitats, a banda de la xerrada de la Dra. Rivero, s&#8217;ha realitzat una campanya de conscienciaci\u00f3 entre la comunitat educativa que ha tingut el resultat material de la recollida de 60 quilos d&#8217;aliments que es destinen a fam\u00edlies en situaci\u00f3 de vulnerabilitat del barri.<\/span><\/p>\n<p>El 29 i el 30 de novembre tamb\u00e9 se&#8217;ns ha perm\u00e8s de classificar els aliments recollits al mateix magatzem del Banc d&#8217;Aliments.<\/p>\n<p>Ha estat tota una experi\u00e8ncia!<\/p>\n<p><a href=\"https:\/\/agora.xtec.cat\/insjoandaustria\/wp-content\/uploads\/usu216\/2023\/12\/20231107_082313-scaled.jpg\"><img loading=\"lazy\" decoding=\"async\" class=\"aligncenter wp-image-10083\" src=\"https:\/\/agora.xtec.cat\/insjoandaustria\/wp-content\/uploads\/usu216\/2023\/12\/20231107_082313-1024x577.jpg\" alt=\"\" width=\"501\" height=\"282\" srcset=\"https:\/\/agora.xtec.cat\/insjoandaustria\/wp-content\/uploads\/usu216\/2023\/12\/20231107_082313-1024x577.jpg 1024w, https:\/\/agora.xtec.cat\/insjoandaustria\/wp-content\/uploads\/usu216\/2023\/12\/20231107_082313-300x169.jpg 300w, https:\/\/agora.xtec.cat\/insjoandaustria\/wp-content\/uploads\/usu216\/2023\/12\/20231107_082313-768x432.jpg 768w, https:\/\/agora.xtec.cat\/insjoandaustria\/wp-content\/uploads\/usu216\/2023\/12\/20231107_082313-1536x865.jpg 1536w, https:\/\/agora.xtec.cat\/insjoandaustria\/wp-content\/uploads\/usu216\/2023\/12\/20231107_082313-2048x1153.jpg 2048w\" sizes=\"auto, (max-width: 501px) 100vw, 501px\" \/><\/a><\/p>\n<p>&nbsp;<\/p>\n<p><a href=\"https:\/\/agora.xtec.cat\/insjoandaustria\/wp-content\/uploads\/usu216\/2023\/12\/20231130_1154530-scaled.jpg\"><img loading=\"lazy\" decoding=\"async\" class=\"wp-image-10085 aligncenter\" src=\"https:\/\/agora.xtec.cat\/insjoandaustria\/wp-content\/uploads\/usu216\/2023\/12\/20231130_1154530-769x1024.jpg\" alt=\"\" width=\"376\" height=\"500\" srcset=\"https:\/\/agora.xtec.cat\/insjoandaustria\/wp-content\/uploads\/usu216\/2023\/12\/20231130_1154530-769x1024.jpg 769w, https:\/\/agora.xtec.cat\/insjoandaustria\/wp-content\/uploads\/usu216\/2023\/12\/20231130_1154530-225x300.jpg 225w, https:\/\/agora.xtec.cat\/insjoandaustria\/wp-content\/uploads\/usu216\/2023\/12\/20231130_1154530-768x1023.jpg 768w, https:\/\/agora.xtec.cat\/insjoandaustria\/wp-content\/uploads\/usu216\/2023\/12\/20231130_1154530-1154x1536.jpg 1154w, https:\/\/agora.xtec.cat\/insjoandaustria\/wp-content\/uploads\/usu216\/2023\/12\/20231130_1154530-1538x2048.jpg 1538w, https:\/\/agora.xtec.cat\/insjoandaustria\/wp-content\/uploads\/usu216\/2023\/12\/20231130_1154530-scaled.jpg 1923w\" sizes=\"auto, (max-width: 376px) 100vw, 376px\" \/><\/a><\/p>\n<p><a href=\"https:\/\/agora.xtec.cat\/insjoandaustria\/wp-content\/uploads\/usu216\/2023\/12\/20231130_115505-scaled.jpg\"><img loading=\"lazy\" decoding=\"async\" class=\"aligncenter wp-image-10086\" src=\"https:\/\/agora.xtec.cat\/insjoandaustria\/wp-content\/uploads\/usu216\/2023\/12\/20231130_115505-1024x577.jpg\" alt=\"\" width=\"500\" height=\"282\" srcset=\"https:\/\/agora.xtec.cat\/insjoandaustria\/wp-content\/uploads\/usu216\/2023\/12\/20231130_115505-1024x577.jpg 1024w, https:\/\/agora.xtec.cat\/insjoandaustria\/wp-content\/uploads\/usu216\/2023\/12\/20231130_115505-300x169.jpg 300w, https:\/\/agora.xtec.cat\/insjoandaustria\/wp-content\/uploads\/usu216\/2023\/12\/20231130_115505-768x432.jpg 768w, https:\/\/agora.xtec.cat\/insjoandaustria\/wp-content\/uploads\/usu216\/2023\/12\/20231130_115505-1536x865.jpg 1536w, https:\/\/agora.xtec.cat\/insjoandaustria\/wp-content\/uploads\/usu216\/2023\/12\/20231130_115505-2048x1153.jpg 2048w\" sizes=\"auto, (max-width: 500px) 100vw, 500px\" \/><\/a><\/p>\n<div dir=\"ltr\"><\/div>\n","protected":false},"excerpt":{"rendered":"<p><a href=\"https:\/\/agora.xtec.cat\/insjoandaustria\/wp-content\/uploads\/usu216\/2023\/12\/20231130_101208-scaled.jpg\"><\/a><br \/>\nEl 7 de novembre la Dra. Montserrat Rivero Urgell, Doctora en Farm\u00e0cia en l&#8217;especialitat de Nutrici\u00f3 i Diet\u00e8tica que, a m\u00e9s, \u00e9s la Presidenta de l&#8217;Associaci\u00f3 Catalana de Ci\u00e8ncies de l&#8217;Alimentaci\u00f3 i Directora del Centre d&#8217;Estudis del Banc d&#8217;Aliments de Barcelona va procunciar una&hellip;  <a href=\"https:\/\/agora.xtec.cat\/insjoandaustria\/general\/un-projecte-educatiu-amb-el-banc-daliments\/\" title=\"Read Un projecte educatiu amb el Banc d&#8217;Aliments\">Llegeix m\u00e9s\u00bb<\/a><\/p>\n","protected":false},"author":806,"featured_media":10084,"comment_status":"closed","ping_status":"closed","sticky":false,"template":"","format":"standard","meta":{"_bbp_topic_count":0,"_bbp_reply_count":0,"_bbp_total_topic_count":0,"_bbp_total_reply_count":0,"_bbp_voice_count":0,"_bbp_anonymous_reply_count":0,"_bbp_topic_count_hidden":0,"_bbp_reply_count_hidden":0,"_bbp_forum_subforum_count":0,"footnotes":""},"categories":[1,29,70],"tags":[],"class_list":["post-10075","post","type-post","status-publish","format-standard","has-post-thumbnail","hentry","category-general","category-portada","category-projectes"],"post_mailing_queue_ids":[],"_links":{"self":[{"href":"https:\/\/agora.xtec.cat\/insjoandaustria\/wp-json\/wp\/v2\/posts\/10075","targetHints":{"allow":["GET"]}}],"collection":[{"href":"https:\/\/agora.xtec.cat\/insjoandaustria\/wp-json\/wp\/v2\/posts"}],"about":[{"href":"https:\/\/agora.xtec.cat\/insjoandaustria\/wp-json\/wp\/v2\/types\/post"}],"author":[{"embeddable":true,"href":"https:\/\/agora.xtec.cat\/insjoandaustria\/wp-json\/wp\/v2\/users\/806"}],"replies":[{"embeddable":true,"href":"https:\/\/agora.xtec.cat\/insjoandaustria\/wp-json\/wp\/v2\/comments?post=10075"}],"version-history":[{"count":5,"href":"https:\/\/agora.xtec.cat\/insjoandaustria\/wp-json\/wp\/v2\/posts\/10075\/revisions"}],"predecessor-version":[{"id":10101,"href":"https:\/\/agora.xtec.cat\/insjoandaustria\/wp-json\/wp\/v2\/posts\/10075\/revisions\/10101"}],"wp:featuredmedia":[{"embeddable":true,"href":"https:\/\/agora.xtec.cat\/insjoandaustria\/wp-json\/wp\/v2\/media\/10084"}],"wp:attachment":[{"href":"https:\/\/agora.xtec.cat\/insjoandaustria\/wp-json\/wp\/v2\/media?parent=10075"}],"wp:term":[{"taxonomy":"category","embeddable":true,"href":"https:\/\/agora.xtec.cat\/insjoandaustria\/wp-json\/wp\/v2\/categories?post=10075"},{"taxonomy":"post_tag","embeddable":true,"href":"https:\/\/agora.xtec.cat\/insjoandaustria\/wp-json\/wp\/v2\/tags?post=10075"}],"curies":[{"name":"wp","href":"https:\/\/api.w.org\/{rel}","templated":true}]}}