{"id":10067,"date":"2023-12-14T13:23:47","date_gmt":"2023-12-14T12:23:47","guid":{"rendered":"https:\/\/agora.xtec.cat\/insjoandaustria\/?p=10067"},"modified":"2023-12-14T13:29:55","modified_gmt":"2023-12-14T12:29:55","slug":"des-del-banc-de-sang-moltes-gracies","status":"publish","type":"post","link":"https:\/\/agora.xtec.cat\/insjoandaustria\/general\/des-del-banc-de-sang-moltes-gracies\/","title":{"rendered":"Des del Banc de Sang, MOLTES GR\u00c0CIES!"},"content":{"rendered":"<p><a href=\"https:\/\/agora.xtec.cat\/insjoandaustria\/wp-content\/uploads\/usu216\/2023\/12\/Resultats-Centre-Civic-Sant-Marti_1.png\"><br \/>\n<img loading=\"lazy\" decoding=\"async\" class=\"aligncenter wp-image-10068 size-large\" src=\"https:\/\/agora.xtec.cat\/insjoandaustria\/wp-content\/uploads\/usu216\/2023\/12\/Resultats-Centre-Civic-Sant-Marti_1-1024x862.png\" alt=\"\" width=\"1024\" height=\"862\" \/><\/a><\/p>\n<p>Des del Banc de Sang i, per la part que ens pertoca com a Institut Joan d&#8217;\u00c0ustria, com a col\u00b7laboradors que hem sigut, us volem donar les gr\u00e0cies per la participaci\u00f3 el passat 27 de novembre en la campanya de donaci\u00f3 de sang.<\/p>\n","protected":false},"excerpt":{"rendered":"<p><a href=\"https:\/\/agora.xtec.cat\/insjoandaustria\/wp-content\/uploads\/usu216\/2023\/12\/Resultats-Centre-Civic-Sant-Marti_1.png\"><br \/>\n<\/a><br \/>\nDes del Banc de Sang i, per la part que ens pertoca com a Institut Joan d&#8217;\u00c0ustria, com a col\u00b7laboradors que hem sigut, us volem donar les gr\u00e0cies per la participaci\u00f3 el passat 27 de novembre en la campanya de donaci\u00f3 de sang.<\/p>\n","protected":false},"author":806,"featured_media":10068,"comment_status":"closed","ping_status":"closed","sticky":false,"template":"","format":"standard","meta":{"_bbp_topic_count":0,"_bbp_reply_count":0,"_bbp_total_topic_count":0,"_bbp_total_reply_count":0,"_bbp_voice_count":0,"_bbp_anonymous_reply_count":0,"_bbp_topic_count_hidden":0,"_bbp_reply_count_hidden":0,"_bbp_forum_subforum_count":0,"footnotes":""},"categories":[1,29],"tags":[],"class_list":["post-10067","post","type-post","status-publish","format-standard","has-post-thumbnail","hentry","category-general","category-portada"],"post_mailing_queue_ids":[],"_links":{"self":[{"href":"https:\/\/agora.xtec.cat\/insjoandaustria\/wp-json\/wp\/v2\/posts\/10067","targetHints":{"allow":["GET"]}}],"collection":[{"href":"https:\/\/agora.xtec.cat\/insjoandaustria\/wp-json\/wp\/v2\/posts"}],"about":[{"href":"https:\/\/agora.xtec.cat\/insjoandaustria\/wp-json\/wp\/v2\/types\/post"}],"author":[{"embeddable":true,"href":"https:\/\/agora.xtec.cat\/insjoandaustria\/wp-json\/wp\/v2\/users\/806"}],"replies":[{"embeddable":true,"href":"https:\/\/agora.xtec.cat\/insjoandaustria\/wp-json\/wp\/v2\/comments?post=10067"}],"version-history":[{"count":6,"href":"https:\/\/agora.xtec.cat\/insjoandaustria\/wp-json\/wp\/v2\/posts\/10067\/revisions"}],"predecessor-version":[{"id":10082,"href":"https:\/\/agora.xtec.cat\/insjoandaustria\/wp-json\/wp\/v2\/posts\/10067\/revisions\/10082"}],"wp:featuredmedia":[{"embeddable":true,"href":"https:\/\/agora.xtec.cat\/insjoandaustria\/wp-json\/wp\/v2\/media\/10068"}],"wp:attachment":[{"href":"https:\/\/agora.xtec.cat\/insjoandaustria\/wp-json\/wp\/v2\/media?parent=10067"}],"wp:term":[{"taxonomy":"category","embeddable":true,"href":"https:\/\/agora.xtec.cat\/insjoandaustria\/wp-json\/wp\/v2\/categories?post=10067"},{"taxonomy":"post_tag","embeddable":true,"href":"https:\/\/agora.xtec.cat\/insjoandaustria\/wp-json\/wp\/v2\/tags?post=10067"}],"curies":[{"name":"wp","href":"https:\/\/api.w.org\/{rel}","templated":true}]}}