{"id":302,"count":21,"description":"<h4><a href=\"https:\/\/aplicacions.ensenyament.gencat.cat\/epergam\/web\/biblioteca.jsp?codi=08013101\" target=\"_blank\" rel=\"noopener\">Consulta el cat\u00e0leg fent clic aqu\u00ed<\/a><\/h4>\r\nLa biblioteca \u00e9s un espai educatiu a l\u2019Institut Joan d'\u00c0ustria on pots treballar amb els companys o fer una estona de lectura en silenci. A m\u00e9s, pots venir a fullejar les darreres novetats liter\u00e0ries que tenim o aprofitar el nostre servei de pr\u00e9stec per agafar els llibres que m\u00e9s t\u2019agraden. Igualment, tamb\u00e9 pretenem donar lloc a la compet\u00e8ncia informacional i la recerca amb una \u00e0mplia selecci\u00f3 de llibres per la investigaci\u00f3 de diferents mat\u00e8ries.Volem que la biblioteca sigui un espai viu, on passin coses. Per aix\u00f2, anirem fent activitats relacionades amb la literatura i la cultura que us agradaran molt.\r\n\r\n<strong>Estigueu amb els ulls ben oberts perqu\u00e8 anirem penjant not\u00edcies aqu\u00ed que no podeu deixar escapar!<\/strong>\r\n\r\nRecordeu que aquest espai est\u00e0 a la disponibilitat de tots: els alumnes tant d\u2019ESO com de Batxillerat i Cicles Formatiu i els professors. La vostra participaci\u00f3 \u00e9s molt important pel creixement de la biblioteca, doncs aprofiteu per gaudir l'espai i el fons literari!\r\nSi teniu qualsevol dubte, proposta o suggeriment veniu a veure\u2019ns o escriviu-nos un correu a <a href=\"mailto:biblioteca@iesjoandaustria.org\u00e7\">biblioteca@iesjoandaustria.org<\/a>","link":"https:\/\/agora.xtec.cat\/insjoandaustria\/categoria\/serveis\/biblioteca\/","name":"Biblioteca","slug":"biblioteca","taxonomy":"category","parent":283,"meta":[],"_links":{"self":[{"href":"https:\/\/agora.xtec.cat\/insjoandaustria\/wp-json\/wp\/v2\/categories\/302","targetHints":{"allow":["GET"]}}],"collection":[{"href":"https:\/\/agora.xtec.cat\/insjoandaustria\/wp-json\/wp\/v2\/categories"}],"about":[{"href":"https:\/\/agora.xtec.cat\/insjoandaustria\/wp-json\/wp\/v2\/taxonomies\/category"}],"up":[{"embeddable":true,"href":"https:\/\/agora.xtec.cat\/insjoandaustria\/wp-json\/wp\/v2\/categories\/283"}],"wp:post_type":[{"href":"https:\/\/agora.xtec.cat\/insjoandaustria\/wp-json\/wp\/v2\/posts?categories=302"}],"curies":[{"name":"wp","href":"https:\/\/api.w.org\/{rel}","templated":true}]}}