{"id":8478,"date":"2026-09-03T10:00:00","date_gmt":"2026-09-03T08:00:00","guid":{"rendered":"https:\/\/agora.xtec.cat\/insinvestigadorblanxart\/?p=8478"},"modified":"2026-09-03T10:00:01","modified_gmt":"2026-09-03T08:00:01","slug":"vacants-cicles-formatius","status":"publish","type":"post","link":"https:\/\/agora.xtec.cat\/insinvestigadorblanxart\/portada\/vacants-cicles-formatius\/","title":{"rendered":"Vacants Cicles Formatius"},"content":{"rendered":"\n<p>El <strong>dilluns 7 de setembre <\/strong>el Departament publicar\u00e0 les vacants que queden al<br>nostre centre. Es publicaran a la web de preinscripci\u00f3 i matr\u00edcula que podeu<br>trobar en el <strong><a href=\"https:\/\/preinscripcio.gencat.cat\/ca\/inici\">seg\u00fcent enlla\u00e7.<\/a><\/strong><br><\/p>\n\n\n\n<p>Si esteu interessats a matricular-vos en alguna d\u2019aquestes places, us heu<br>d\u2019inscriure a la cua virtual.<br><\/p>\n\n\n\n<p>Una vegada inscrits en la cua virtual, rebreu un numero d\u2019ordre. El centre es<br>posar\u00e0 en contacte amb vosaltres seguint aquest ordre per tal d\u2019oferir les<br>places vacants. Una vegada atorgades totes les places, no es contactar\u00e0 amb<br>ning\u00fa m\u00e9s.<br><\/p>\n\n\n\n<p>Cal tenir present que la\u00a0posici\u00f3 a la cua determina \u00fanicament l\u2019ordre d&#8217;atenci\u00f3 i<br>no garanteix l\u2019obtenci\u00f3 d\u2019una pla\u00e7a determinada. At\u00e8s que la cua \u00e9s pr\u00f2pia del<br>centre i no d&#8217;un cicle formatiu espec\u00edfic, l&#8217;adjudicaci\u00f3 final dependr\u00e0 tant de les<br>vacants disponibles en cada cicle en el moment de l&#8217;atenci\u00f3 com de les opcions<br>escollides per les persones que hagin estat ateses amb anterioritat.<br><\/p>\n\n\n\n<p>Per poder inscriure\u2019s a la cua virtual, accediu al seg\u00fcent enlla\u00e7:<br><strong><a href=\"https:\/\/aplicacions.gestioeducativa.gencat.cat\/ords\/pls\/apex\/f?p=20160079072543618:650:::NO:650:P650_CENTRE:279FAC2BAF61F115244292DCE7AADA9A39706A6CC57B9365\">Cua virtual<\/a><\/strong><\/p>\n\n\n\n<p><\/p>\n","protected":false},"excerpt":{"rendered":"<p>El dilluns 7 de setembre el Departament publicar\u00e0 les vacants que queden alnostre centre. Es publicaran a la web de preinscripci\u00f3 i matr\u00edcula que podeutrobar en el <a href=\"https:\/\/preinscripcio.gencat.cat\/ca\/inici\">seg\u00fcent enlla\u00e7.<\/a><\/p>\n<p>Si esteu interessats a matricular-vos en alguna d\u2019aquestes places, us heud\u2019inscriure a la cua virtual.<\/p>\n<p>Una vegada&hellip;  <a href=\"https:\/\/agora.xtec.cat\/insinvestigadorblanxart\/portada\/vacants-cicles-formatius\/\" title=\"Read Vacants Cicles Formatius\">Llegeix m\u00e9s\u00bb<\/a><\/p>\n","protected":false},"author":1,"featured_media":8479,"comment_status":"closed","ping_status":"open","sticky":false,"template":"","format":"standard","meta":{"_bbp_topic_count":0,"_bbp_reply_count":0,"_bbp_total_topic_count":0,"_bbp_total_reply_count":0,"_bbp_voice_count":0,"_bbp_anonymous_reply_count":0,"_bbp_topic_count_hidden":0,"_bbp_reply_count_hidden":0,"_bbp_forum_subforum_count":0,"footnotes":""},"categories":[29,216,234,235],"tags":[],"class_list":["post-8478","post","type-post","status-publish","format-standard","has-post-thumbnail","hentry","category-portada","category-preinscripcio","category-preinscripcio-cfgm","category-preinscripcio-cfgs"],"post_mailing_queue_ids":[],"_links":{"self":[{"href":"https:\/\/agora.xtec.cat\/insinvestigadorblanxart\/wp-json\/wp\/v2\/posts\/8478","targetHints":{"allow":["GET"]}}],"collection":[{"href":"https:\/\/agora.xtec.cat\/insinvestigadorblanxart\/wp-json\/wp\/v2\/posts"}],"about":[{"href":"https:\/\/agora.xtec.cat\/insinvestigadorblanxart\/wp-json\/wp\/v2\/types\/post"}],"author":[{"embeddable":true,"href":"https:\/\/agora.xtec.cat\/insinvestigadorblanxart\/wp-json\/wp\/v2\/users\/1"}],"replies":[{"embeddable":true,"href":"https:\/\/agora.xtec.cat\/insinvestigadorblanxart\/wp-json\/wp\/v2\/comments?post=8478"}],"version-history":[{"count":1,"href":"https:\/\/agora.xtec.cat\/insinvestigadorblanxart\/wp-json\/wp\/v2\/posts\/8478\/revisions"}],"predecessor-version":[{"id":8480,"href":"https:\/\/agora.xtec.cat\/insinvestigadorblanxart\/wp-json\/wp\/v2\/posts\/8478\/revisions\/8480"}],"wp:featuredmedia":[{"embeddable":true,"href":"https:\/\/agora.xtec.cat\/insinvestigadorblanxart\/wp-json\/wp\/v2\/media\/8479"}],"wp:attachment":[{"href":"https:\/\/agora.xtec.cat\/insinvestigadorblanxart\/wp-json\/wp\/v2\/media?parent=8478"}],"wp:term":[{"taxonomy":"category","embeddable":true,"href":"https:\/\/agora.xtec.cat\/insinvestigadorblanxart\/wp-json\/wp\/v2\/categories?post=8478"},{"taxonomy":"post_tag","embeddable":true,"href":"https:\/\/agora.xtec.cat\/insinvestigadorblanxart\/wp-json\/wp\/v2\/tags?post=8478"}],"curies":[{"name":"wp","href":"https:\/\/api.w.org\/{rel}","templated":true}]}}