{"id":8257,"date":"2026-04-26T12:57:09","date_gmt":"2026-04-26T10:57:09","guid":{"rendered":"https:\/\/agora.xtec.cat\/insinvestigadorblanxart\/?p=8257"},"modified":"2026-04-26T12:58:38","modified_gmt":"2026-04-26T10:58:38","slug":"reunio-del-jurat-del-14e-premi-de-conte-tal-com-sents-2026","status":"publish","type":"post","link":"https:\/\/agora.xtec.cat\/insinvestigadorblanxart\/portada\/reunio-del-jurat-del-14e-premi-de-conte-tal-com-sents-2026\/","title":{"rendered":"Reuni\u00f3 del jurat del 14\u00e8 premi de conte TAL COM SENTS &#8211; 2026"},"content":{"rendered":"<div class=\"wp-block-image\">\n<figure class=\"alignleft size-full\"><a href=\"https:\/\/agora.xtec.cat\/insinvestigadorblanxart\/wp-content\/uploads\/usu1264\/2026\/03\/14e-TCS-2026-1086x1536-2.jpg\"><img loading=\"lazy\" decoding=\"async\" width=\"189\" height=\"267\" src=\"https:\/\/agora.xtec.cat\/insinvestigadorblanxart\/wp-content\/uploads\/usu1264\/2026\/03\/14e-TCS-2026-1086x1536-2.jpg\" alt=\"\" class=\"wp-image-8177\"\/><\/a><\/figure><\/div>\n\n\n<p>El jurat del 14\u00e8 premi de conte TAL COM SENTS, homenatge a la doc\u00e8ncia, format per Maria Ardel, Josep G\u00f2rriz, Georgina Nogu\u00e8s, Marta Ruiz i Enric Vilar, reunit a l\u2019aula de Volum de l\u2019institut Investigador Blanxart de Terrassa, el dimecres 22 d\u2019abril a les 11:30 del mat\u00ed, despr\u00e9s de valorar els 11 contes presentats i d\u2019efectuar successives votacions, ha decidit seleccionar 7 contes per publicar-los il\u00b7lustrats al llibre de la catortzena edici\u00f3 del premi, que est\u00e0 previst que surti durant el mes de maig de 2027.<\/p>\n\n\n\n<p>Els guanyadors (1r i 2n premi TAL COM SENTS &#8211; 2026) es faran p\u00fablics durant l\u2019acte de lliurament dels premis, que se celebrar\u00e0 el <strong>dimecres 27 de maig <\/strong>a les 7 de la tarda al pati de l\u2019institut (s\u2019avisar\u00e0 els premiats mitjan\u00e7ant trucada telef\u00f2nica i a la resta de seleccionats per correu electr\u00f2nic).&nbsp;<\/p>\n\n\n\n<!--more-->\n\n\n\n<p>L\u2019acte constar\u00e0 de dues parts:<\/p>\n\n\n\n<p>\u2212<strong>Presentaci\u00f3 del llibre PERDRE EL FIL i altres contes<\/strong> (recull dels 16 contes seleccionats de la 13a convocat\u00f2ria del premi).<\/p>\n\n\n\n<p>\u2212<strong>Lliurament dels premis TAL COM SENTS &#8211; 2026<\/strong>.<\/p>\n\n\n\n<p>\u00d2bviament, convidem a tots els participants; ens agradaria comptar amb la vostra pres\u00e8ncia i donar-vos les gr\u00e0cies personalment.&nbsp;<\/p>\n\n\n\n<p>Els 7 contes finalistes (per ordre d\u2019arribada al centre) s\u00f3n:<\/p>\n\n\n\n<ol class=\"wp-block-list\">\n<li><strong>El joc de l\u2019esparver<\/strong> (Sabadell)<\/li>\n\n\n\n<li><strong>L\u2019enterrament de la sardina<\/strong> (Vilafranca del Pened\u00e9s)<\/li>\n\n\n\n<li><strong>La meva amiga<\/strong> (Barcelona)<\/li>\n\n\n\n<li><strong>Gargots a la sorra<\/strong> (Granollers)<\/li>\n\n\n\n<li><strong>Un dia surrealista<\/strong> (Mollet del Vall\u00e8s)<\/li>\n\n\n\n<li><strong>Pacte <\/strong>(Matar\u00f3)<\/li>\n\n\n\n<li><strong>Collage<\/strong> (Terrassa)<\/li>\n<\/ol>\n\n\n\n<p>Enhorabona!<\/p>\n","protected":false},"excerpt":{"rendered":"<p><a href=\"https:\/\/agora.xtec.cat\/insinvestigadorblanxart\/wp-content\/uploads\/usu1264\/2026\/03\/14e-TCS-2026-1086x1536-2.jpg\"><\/a><\/p>\n<p>El jurat del 14\u00e8 premi de conte TAL COM SENTS, homenatge a la doc\u00e8ncia, format per Maria Ardel, Josep G\u00f2rriz, Georgina Nogu\u00e8s, Marta Ruiz i Enric Vilar, reunit a l\u2019aula de Volum de l\u2019institut Investigador Blanxart de Terrassa, el dimecres 22 d\u2019abril a les&hellip;  <a href=\"https:\/\/agora.xtec.cat\/insinvestigadorblanxart\/portada\/reunio-del-jurat-del-14e-premi-de-conte-tal-com-sents-2026\/\" title=\"Read Reuni\u00f3 del jurat del 14\u00e8 premi de conte TAL COM SENTS &#8211; 2026\">Llegeix m\u00e9s\u00bb<\/a><\/p>\n","protected":false},"author":1,"featured_media":0,"comment_status":"closed","ping_status":"open","sticky":false,"template":"","format":"standard","meta":{"_bbp_topic_count":0,"_bbp_reply_count":0,"_bbp_total_topic_count":0,"_bbp_total_reply_count":0,"_bbp_voice_count":0,"_bbp_anonymous_reply_count":0,"_bbp_topic_count_hidden":0,"_bbp_reply_count_hidden":0,"_bbp_forum_subforum_count":0,"footnotes":""},"categories":[29,224,167,273],"tags":[],"class_list":["post-8257","post","type-post","status-publish","format-standard","hentry","category-portada","category-projectes","category-tal-com-sents","category-tcs-edicio-2026"],"post_mailing_queue_ids":[],"_links":{"self":[{"href":"https:\/\/agora.xtec.cat\/insinvestigadorblanxart\/wp-json\/wp\/v2\/posts\/8257","targetHints":{"allow":["GET"]}}],"collection":[{"href":"https:\/\/agora.xtec.cat\/insinvestigadorblanxart\/wp-json\/wp\/v2\/posts"}],"about":[{"href":"https:\/\/agora.xtec.cat\/insinvestigadorblanxart\/wp-json\/wp\/v2\/types\/post"}],"author":[{"embeddable":true,"href":"https:\/\/agora.xtec.cat\/insinvestigadorblanxart\/wp-json\/wp\/v2\/users\/1"}],"replies":[{"embeddable":true,"href":"https:\/\/agora.xtec.cat\/insinvestigadorblanxart\/wp-json\/wp\/v2\/comments?post=8257"}],"version-history":[{"count":3,"href":"https:\/\/agora.xtec.cat\/insinvestigadorblanxart\/wp-json\/wp\/v2\/posts\/8257\/revisions"}],"predecessor-version":[{"id":8260,"href":"https:\/\/agora.xtec.cat\/insinvestigadorblanxart\/wp-json\/wp\/v2\/posts\/8257\/revisions\/8260"}],"wp:attachment":[{"href":"https:\/\/agora.xtec.cat\/insinvestigadorblanxart\/wp-json\/wp\/v2\/media?parent=8257"}],"wp:term":[{"taxonomy":"category","embeddable":true,"href":"https:\/\/agora.xtec.cat\/insinvestigadorblanxart\/wp-json\/wp\/v2\/categories?post=8257"},{"taxonomy":"post_tag","embeddable":true,"href":"https:\/\/agora.xtec.cat\/insinvestigadorblanxart\/wp-json\/wp\/v2\/tags?post=8257"}],"curies":[{"name":"wp","href":"https:\/\/api.w.org\/{rel}","templated":true}]}}