{"id":8245,"date":"2026-04-09T08:44:58","date_gmt":"2026-04-09T06:44:58","guid":{"rendered":"https:\/\/agora.xtec.cat\/insinvestigadorblanxart\/?p=8245"},"modified":"2026-04-09T08:47:30","modified_gmt":"2026-04-09T06:47:30","slug":"preinscricio-batxillerat-oferta-inicial-de-places","status":"publish","type":"post","link":"https:\/\/agora.xtec.cat\/insinvestigadorblanxart\/portada\/preinscricio-batxillerat-oferta-inicial-de-places\/","title":{"rendered":"Preinscrici\u00f3 Batxillerat &#8211; Oferta inicial de places"},"content":{"rendered":"\n<p>La sol\u00b7licitud de preinscripci\u00f3 de Batxillerat, s\u2019ha de presentar del&nbsp;<strong>9&nbsp;<\/strong><strong>al 16 d&#8217;abril de 2026<\/strong>&nbsp;i cal adjuntar-hi la documentaci\u00f3 d\u2019identificaci\u00f3&nbsp;de criteris que correspongui. La documentaci\u00f3 que no s\u2019hagi pogut adjuntar durant el per\u00edode de presentaci\u00f3 de sol\u00b7licituds, es pot afegir fins al 17 d&#8217;abril de 2026<\/p>\n\n\n\n<!--more-->\n\n\n\n<ul class=\"wp-block-list\">\n<li><strong>Presenta la sol\u00b7licitud<\/strong>&nbsp;<a href=\"https:\/\/preinscripcio.gencat.cat\/ca\/estudis\/batxillerat\/preinscriute\/sollicitud\/\" target=\"_blank\" rel=\"noreferrer noopener\"><strong>aqu\u00ed<\/strong><\/a><\/li>\n\n\n\n<li><a href=\"https:\/\/preinscripcio.gencat.cat\/ca\/estudis\/batxillerat\/inici\/\" target=\"_blank\" rel=\"noreferrer noopener\"><strong>Informaci\u00f3 detallada sobre el proc\u00e9s de preinscripci\u00f3<\/strong><\/a><\/li>\n\n\n\n<li>Important:&nbsp;si l&#8217;alumne\/a t\u00e9 18 anys o els fa durant l&#8217;any en qu\u00e8 es fa la preinscripci\u00f3, \u00e9s qui s&#8217;ha d&#8217;identificar i presentar-la.<\/li>\n\n\n\n<li>Si ets alumne&nbsp;cursant&nbsp;4t d&#8217;ESO&nbsp;al nostre centre (Institut Investigador Blanxart) i vols fer&nbsp;la modalitat de Batxillerat Cient\u00edfic o Batxillerat d&#8217;Humanitats i Ci\u00e8ncies Socials (DI\u00dcRN),&nbsp;RECORDEU que&nbsp;NO&nbsp;s&#8217;ha de presentar la sol.licitud de preinscripci\u00f3.<\/li>\n<\/ul>\n\n\n\n<p>En <strong><a href=\"https:\/\/agora.xtec.cat\/insinvestigadorblanxart\/wp-content\/uploads\/usu1264\/2026\/04\/INFORME_OFERTA_OME_BATXILLERAT.pdf\">aquest&nbsp;document&nbsp;<\/a><\/strong>podeu consultar la llista d\u2019oferta de places inicials.&nbsp;<\/p>\n\n\n\n<p><\/p>\n","protected":false},"excerpt":{"rendered":"<p>La sol\u00b7licitud de preinscripci\u00f3 de Batxillerat, s\u2019ha de presentar del&nbsp;9&nbsp;al 16 d&#8217;abril de 2026&nbsp;i cal adjuntar-hi la documentaci\u00f3 d\u2019identificaci\u00f3&nbsp;de criteris que correspongui. La documentaci\u00f3 que no s\u2019hagi pogut adjuntar durant el per\u00edode de presentaci\u00f3 de sol\u00b7licituds, es pot afegir fins al 17 d&#8217;abril de 2026<\/p>\n","protected":false},"author":1,"featured_media":8246,"comment_status":"closed","ping_status":"open","sticky":false,"template":"","format":"standard","meta":{"_bbp_topic_count":0,"_bbp_reply_count":0,"_bbp_total_topic_count":0,"_bbp_total_reply_count":0,"_bbp_voice_count":0,"_bbp_anonymous_reply_count":0,"_bbp_topic_count_hidden":0,"_bbp_reply_count_hidden":0,"_bbp_forum_subforum_count":0,"footnotes":""},"categories":[29,216,222],"tags":[],"class_list":["post-8245","post","type-post","status-publish","format-standard","has-post-thumbnail","hentry","category-portada","category-preinscripcio","category-preinscripcio-batxillerat"],"post_mailing_queue_ids":[],"_links":{"self":[{"href":"https:\/\/agora.xtec.cat\/insinvestigadorblanxart\/wp-json\/wp\/v2\/posts\/8245","targetHints":{"allow":["GET"]}}],"collection":[{"href":"https:\/\/agora.xtec.cat\/insinvestigadorblanxart\/wp-json\/wp\/v2\/posts"}],"about":[{"href":"https:\/\/agora.xtec.cat\/insinvestigadorblanxart\/wp-json\/wp\/v2\/types\/post"}],"author":[{"embeddable":true,"href":"https:\/\/agora.xtec.cat\/insinvestigadorblanxart\/wp-json\/wp\/v2\/users\/1"}],"replies":[{"embeddable":true,"href":"https:\/\/agora.xtec.cat\/insinvestigadorblanxart\/wp-json\/wp\/v2\/comments?post=8245"}],"version-history":[{"count":2,"href":"https:\/\/agora.xtec.cat\/insinvestigadorblanxart\/wp-json\/wp\/v2\/posts\/8245\/revisions"}],"predecessor-version":[{"id":8249,"href":"https:\/\/agora.xtec.cat\/insinvestigadorblanxart\/wp-json\/wp\/v2\/posts\/8245\/revisions\/8249"}],"wp:featuredmedia":[{"embeddable":true,"href":"https:\/\/agora.xtec.cat\/insinvestigadorblanxart\/wp-json\/wp\/v2\/media\/8246"}],"wp:attachment":[{"href":"https:\/\/agora.xtec.cat\/insinvestigadorblanxart\/wp-json\/wp\/v2\/media?parent=8245"}],"wp:term":[{"taxonomy":"category","embeddable":true,"href":"https:\/\/agora.xtec.cat\/insinvestigadorblanxart\/wp-json\/wp\/v2\/categories?post=8245"},{"taxonomy":"post_tag","embeddable":true,"href":"https:\/\/agora.xtec.cat\/insinvestigadorblanxart\/wp-json\/wp\/v2\/tags?post=8245"}],"curies":[{"name":"wp","href":"https:\/\/api.w.org\/{rel}","templated":true}]}}