{"id":6973,"date":"2026-09-04T14:45:38","date_gmt":"2026-09-04T12:45:38","guid":{"rendered":"https:\/\/agora.xtec.cat\/insgurb\/?p=6973"},"modified":"2026-09-04T15:45:55","modified_gmt":"2026-09-04T13:45:55","slug":"informacions-inici-de-curs-2026-27","status":"publish","type":"post","link":"https:\/\/agora.xtec.cat\/insgurb\/general\/informacions-inici-de-curs-2026-27\/","title":{"rendered":"Informacions inici de curs 2026-27"},"content":{"rendered":"\n<p>Benvolgudes fam\u00edlies,<\/p>\n<p>A continuaci\u00f3 trobareu totes les indicacions per a l\u2019inici d\u2019aquest nou curs 2026-27.<\/p>\n<h5><strong>Dates i horaris<\/strong><\/h5>\n<p>Les classes comen\u00e7aran el proper dimarts dia <strong>8 de setembre<\/strong>.<\/p>\n<ul>\n<li>Horari del primer dia: de\u00a0<strong>9:00 a 14:30 h.<\/strong><\/li>\n<\/ul>\n<table>\n<tbody>\n<tr>\n<td colspan=\"2\"><strong>Horaris autob\u00fas escolar 08\/09\/2026<\/strong><\/td>\n<\/tr>\n<tr>\n<td>Sant Bartomeu del Grau<\/td>\n<td>08:25 h<\/td>\n<\/tr>\n<tr>\n<td>Santa Eul\u00e0lia de Riuprimer<\/td>\n<td>08:35 h<\/td>\n<\/tr>\n<tr>\n<td>Muntanyola<\/td>\n<td>08:10 h<\/td>\n<\/tr>\n<\/tbody>\n<\/table>\n<ul>\n<li>Horari a partir del 9 de setembre: de <strong>8:00 h a 14:30 h<\/strong>.<\/li>\n<\/ul>\n<table>\n<tbody>\n<tr>\n<td colspan=\"2\"><strong>Horaris autob\u00fas escolar a partir del 09\/09\/2026<\/strong><\/td>\n<\/tr>\n<tr>\n<td>Sant Bartomeu del Grau<\/td>\n<td>07:25 h<\/td>\n<\/tr>\n<tr>\n<td>Santa Eul\u00e0lia de Riuprimer<\/td>\n<td>07:35 h<\/td>\n<\/tr>\n<tr>\n<td>Muntanyola<\/td>\n<td>07:10 h<\/td>\n<\/tr>\n<\/tbody>\n<\/table>\n<p>Durant el primer dia (8 de setembre), es realitzaran <strong>activitats d\u2019acollida<\/strong>\u00a0de l\u2019alumnat.<\/p>\n<p>\u00a0<\/p>\n<h5><strong>Arribada al centre<\/strong><\/h5>\n<p>El dia 8 de setembre, un cop al centre, l\u2019alumnat s\u2019haur\u00e0 de dirigir al pati, a l&#8217;espai designat per a cada nivell. Els tutors faran l&#8217;acollida i els situaran als seus grups classe.\u00a0<\/p>\n<p>\u00a0<\/p>\n<h5><strong>Material, menjador i extraescolars<\/strong><\/h5>\n<p>A l&#8217;espai <a href=\"https:\/\/agora.xtec.cat\/insgurb\/general\/material-i-extraescolars-curs-2026-27\/\">Material, servei de menjador i extraescolars<\/a> de la p\u00e0gina web del centre hi trobareu les llistes de material per aquest curs 2026-27 i tamb\u00e9 tota la informaci\u00f3 per fer \u00fas del servei de menjador i per inscriure&#8217;s a les activitats extraescolars.<\/p>\n<p>Material que cal portar el primer dia:<\/p>\n<ul>\n<li style=\"list-style-type: none;\">\n<ul>\n<li><strong>Alumnat de 1r d\u2019ESO<\/strong>: estoig, llibreta, aigua, esmorzar i material per lliurar al centre (folis).\u00a0<\/li>\n<li><strong>Alumnat de 2n d&#8217;ESO<\/strong>: estoig, ordinador, cal\u00e7at c\u00f2mode, roba esportiva, aigua i esmorzar.\u00a0<\/li>\n<li><strong>Alumnat de 3r d&#8217;ESO<\/strong>: estoig, cal\u00e7at per caminar, roba c\u00f2mode, gorra, crema solar, repel\u00b7lent de mosquits, aigua i esmorzar.<\/li>\n<li><strong>Alumnat de 4t d&#8217;ESO<\/strong>: estoig, cal\u00e7at i roba esportius, banyador i tovallola (per anar a la piscina), aigua i esmorzar.<\/li>\n<\/ul>\n<\/li>\n<\/ul>\n<p>Recordeu que \u00e9s important que tot el material estigui marcat amb el nom de cada alumne\/a.<\/p>\n<p>\u00a0<\/p>\n<h5><strong>Normativa sobre l&#8217;\u00fas dels tel\u00e8fons m\u00f2bils<\/strong><\/h5>\n<p>Recordem que, segons normativa del Departament d\u2019Educaci\u00f3, no est\u00e0 perm\u00e8s l&#8217;\u00fas de tel\u00e8fons m\u00f2bils al centre educatiu. Aquesta indicaci\u00f3 es fa extensiva tant a l&#8217;horari lectiu com a l&#8217;horari no lectiu i afecta, per tant, les entrades i sortides del centre, les estones d\u2019esbarjo, l\u2019espai de menjador i les activitats extraescolars i complement\u00e0ries en qu\u00e8 participi l\u2019alumnat.<\/p>\n<p>Per tant, l&#8217;alumnat no pot portar el m\u00f2bil al centre. Si un\/a alumne\/a porta un dispositiu m\u00f2bil personal, aquest ha d&#8217;estar apagat al llarg de la jornada escolar i desat a l\u2019armariet personal o a la motxilla. Aix\u00ed mateix, tamb\u00e9 ha de tenir apagat aquest dispositiu quan faci \u00fas del servei de transport escolar.<\/p>\n<p>En cas d\u2019usos indeguts del m\u00f2bil, es retirar\u00e0 el dispositiu a l\u2019alumne\/a. Aquest es custodiar\u00e0 a direcci\u00f3 fins al final de la jornada i s\u2019avisar\u00e0 la fam\u00edlia.<\/p>\n<p>\u00a0<\/p>\n<h5><strong>Reunions d&#8217;inici de curs amb les fam\u00edlies<\/strong><\/h5>\n<p>Les reunions d&#8217;inici de curs amb les fam\u00edlies es duran a terme en les dates i horaris seg\u00fcents:<\/p>\n<ul>\n<li><strong>3r i 4t d&#8217;ESO<\/strong>: dimarts 15 de setembre a les <strong>18:00 h<\/strong>.<\/li>\n<li><strong>1r i 2n d&#8217;ESO<\/strong>: dimarts 22 de setembre a les <strong>18:00 h<\/strong>.<\/li>\n<\/ul>\n<p>En aquestes trobades, les fam\u00edlies i els equips de tutors i tutores de grup i individuals es presenten i es donen a con\u00e8ixer les informacions b\u00e0siques per al funcionament del curs. Les reunions tindran una durada aproximada d&#8217;una hora i es realitzaran de manera presencial a l\u2019Institut.<\/p>\n<p>\u00a0<\/p>\n<h5><strong>Desitgem que tinguem un bon inici de curs!<\/strong><\/h5>\n<p>\u00a0<\/p>\n<p>\u00a0<\/p>\n","protected":false},"excerpt":{"rendered":"<p>Benvolgudes fam\u00edlies, A continuaci\u00f3 trobareu totes les indicacions per a l\u2019inici d\u2019aquest nou curs 2026-27. Dates i horaris Les classes comen\u00e7aran el proper dimarts dia 8 de setembre. Horari del primer dia: de\u00a09:00 a 14:30 h. Horaris autob\u00fas escolar 08\/09\/2026 Sant Bartomeu del Grau 08:25 h Santa Eul\u00e0lia de Riuprimer 08:35 h Muntanyola 08:10 h [&hellip;]<\/p>\n","protected":false},"author":1,"featured_media":6979,"comment_status":"open","ping_status":"open","sticky":false,"template":"","format":"standard","meta":{"_bbp_topic_count":0,"_bbp_reply_count":0,"_bbp_total_topic_count":0,"_bbp_total_reply_count":0,"_bbp_voice_count":0,"_bbp_anonymous_reply_count":0,"_bbp_topic_count_hidden":0,"_bbp_reply_count_hidden":0,"_bbp_forum_subforum_count":0,"site-sidebar-layout":"default","site-content-layout":"","ast-site-content-layout":"default","site-content-style":"default","site-sidebar-style":"default","ast-global-header-display":"","ast-banner-title-visibility":"","ast-main-header-display":"","ast-hfb-above-header-display":"","ast-hfb-below-header-display":"","ast-hfb-mobile-header-display":"","site-post-title":"","ast-breadcrumbs-content":"","ast-featured-img":"","footer-sml-layout":"","theme-transparent-header-meta":"","adv-header-id-meta":"","stick-header-meta":"","header-above-stick-meta":"","header-main-stick-meta":"","header-below-stick-meta":"","astra-migrate-meta-layouts":"set","ast-page-background-enabled":"default","ast-page-background-meta":{"desktop":{"background-color":"var(--ast-global-color-4)","background-image":"","background-repeat":"repeat","background-position":"center center","background-size":"auto","background-attachment":"scroll","background-type":"","background-media":"","overlay-type":"","overlay-color":"","overlay-opacity":"","overlay-gradient":""},"tablet":{"background-color":"","background-image":"","background-repeat":"repeat","background-position":"center center","background-size":"auto","background-attachment":"scroll","background-type":"","background-media":"","overlay-type":"","overlay-color":"","overlay-opacity":"","overlay-gradient":""},"mobile":{"background-color":"","background-image":"","background-repeat":"repeat","background-position":"center center","background-size":"auto","background-attachment":"scroll","background-type":"","background-media":"","overlay-type":"","overlay-color":"","overlay-opacity":"","overlay-gradient":""}},"ast-content-background-meta":{"desktop":{"background-color":"var(--ast-global-color-5)","background-image":"","background-repeat":"repeat","background-position":"center center","background-size":"auto","background-attachment":"scroll","background-type":"","background-media":"","overlay-type":"","overlay-color":"","overlay-opacity":"","overlay-gradient":""},"tablet":{"background-color":"var(--ast-global-color-5)","background-image":"","background-repeat":"repeat","background-position":"center center","background-size":"auto","background-attachment":"scroll","background-type":"","background-media":"","overlay-type":"","overlay-color":"","overlay-opacity":"","overlay-gradient":""},"mobile":{"background-color":"var(--ast-global-color-5)","background-image":"","background-repeat":"repeat","background-position":"center center","background-size":"auto","background-attachment":"scroll","background-type":"","background-media":"","overlay-type":"","overlay-color":"","overlay-opacity":"","overlay-gradient":""}},"footnotes":""},"categories":[1,29],"tags":[],"class_list":["post-6973","post","type-post","status-publish","format-standard","has-post-thumbnail","hentry","category-general","category-portada"],"post_mailing_queue_ids":[],"_links":{"self":[{"href":"https:\/\/agora.xtec.cat\/insgurb\/wp-json\/wp\/v2\/posts\/6973","targetHints":{"allow":["GET"]}}],"collection":[{"href":"https:\/\/agora.xtec.cat\/insgurb\/wp-json\/wp\/v2\/posts"}],"about":[{"href":"https:\/\/agora.xtec.cat\/insgurb\/wp-json\/wp\/v2\/types\/post"}],"author":[{"embeddable":true,"href":"https:\/\/agora.xtec.cat\/insgurb\/wp-json\/wp\/v2\/users\/1"}],"replies":[{"embeddable":true,"href":"https:\/\/agora.xtec.cat\/insgurb\/wp-json\/wp\/v2\/comments?post=6973"}],"version-history":[{"count":3,"href":"https:\/\/agora.xtec.cat\/insgurb\/wp-json\/wp\/v2\/posts\/6973\/revisions"}],"predecessor-version":[{"id":6980,"href":"https:\/\/agora.xtec.cat\/insgurb\/wp-json\/wp\/v2\/posts\/6973\/revisions\/6980"}],"wp:featuredmedia":[{"embeddable":true,"href":"https:\/\/agora.xtec.cat\/insgurb\/wp-json\/wp\/v2\/media\/6979"}],"wp:attachment":[{"href":"https:\/\/agora.xtec.cat\/insgurb\/wp-json\/wp\/v2\/media?parent=6973"}],"wp:term":[{"taxonomy":"category","embeddable":true,"href":"https:\/\/agora.xtec.cat\/insgurb\/wp-json\/wp\/v2\/categories?post=6973"},{"taxonomy":"post_tag","embeddable":true,"href":"https:\/\/agora.xtec.cat\/insgurb\/wp-json\/wp\/v2\/tags?post=6973"}],"curies":[{"name":"wp","href":"https:\/\/api.w.org\/{rel}","templated":true}]}}