{"id":6708,"date":"2026-03-03T20:30:22","date_gmt":"2026-03-03T19:30:22","guid":{"rendered":"https:\/\/agora.xtec.cat\/insgurb\/?p=6708"},"modified":"2026-03-16T00:36:44","modified_gmt":"2026-03-15T23:36:44","slug":"participacio-a-la-first-lego-league","status":"publish","type":"post","link":"https:\/\/agora.xtec.cat\/insgurb\/general\/participacio-a-la-first-lego-league\/","title":{"rendered":"Participaci\u00f3 a la First Lego League"},"content":{"rendered":"<p>El passat dissabte dia 21 de febrer, l&#8217;equip de rob\u00f2tica del centre, <strong>LeGurb<\/strong>, format per alumnat de diferents cursos, va participar per tretz\u00e8 any consecutiu a la competici\u00f3 de rob\u00f2tica <strong>First Lego League<\/strong> que es va celebrar a la Universitat de Vic. L&#8217;equip, en el marc de l&#8217;extraescolar de rob\u00f2tica, s&#8217;ha passat tota la primera part del curs dissenyant un <strong>robot<\/strong> per participar a la competici\u00f3, i tamb\u00e9 ha realitzat un <strong>projecte d&#8217;innovaci\u00f3<\/strong>, que va defensar molt b\u00e9 davant del jurat el dia de la competici\u00f3. De tota la jornada, destaquem el treball en equip i la motivaci\u00f3 de tots els seus membres. La bona feina feta durant tots aquests mesos va donar el seu fruit.<\/p>\n<p><a href=\"https:\/\/agora.xtec.cat\/insgurb\/wp-content\/uploads\/usu1744\/2026\/03\/First-Lego-League-2026-17.jpeg\"><img loading=\"lazy\" decoding=\"async\" class=\"alignnone wp-image-6710\" src=\"https:\/\/agora.xtec.cat\/insgurb\/wp-content\/uploads\/usu1744\/2026\/03\/First-Lego-League-2026-17.jpeg\" alt=\"\" width=\"557\" height=\"418\" srcset=\"https:\/\/agora.xtec.cat\/insgurb\/wp-content\/uploads\/usu1744\/2026\/03\/First-Lego-League-2026-17.jpeg 2048w, https:\/\/agora.xtec.cat\/insgurb\/wp-content\/uploads\/usu1744\/2026\/03\/First-Lego-League-2026-17-300x225.jpeg 300w, https:\/\/agora.xtec.cat\/insgurb\/wp-content\/uploads\/usu1744\/2026\/03\/First-Lego-League-2026-17-1024x768.jpeg 1024w, https:\/\/agora.xtec.cat\/insgurb\/wp-content\/uploads\/usu1744\/2026\/03\/First-Lego-League-2026-17-768x576.jpeg 768w, https:\/\/agora.xtec.cat\/insgurb\/wp-content\/uploads\/usu1744\/2026\/03\/First-Lego-League-2026-17-1536x1152.jpeg 1536w, https:\/\/agora.xtec.cat\/insgurb\/wp-content\/uploads\/usu1744\/2026\/03\/First-Lego-League-2026-17-200x150.jpeg 200w\" sizes=\"auto, (max-width: 557px) 100vw, 557px\" \/><\/a><\/p>\n<p><a href=\"https:\/\/agora.xtec.cat\/insgurb\/wp-content\/uploads\/usu1744\/2026\/03\/First-Lego-League-2026-20.jpeg\"><img loading=\"lazy\" decoding=\"async\" class=\"alignnone wp-image-6713\" src=\"https:\/\/agora.xtec.cat\/insgurb\/wp-content\/uploads\/usu1744\/2026\/03\/First-Lego-League-2026-20.jpeg\" alt=\"\" width=\"556\" height=\"417\" srcset=\"https:\/\/agora.xtec.cat\/insgurb\/wp-content\/uploads\/usu1744\/2026\/03\/First-Lego-League-2026-20.jpeg 1600w, https:\/\/agora.xtec.cat\/insgurb\/wp-content\/uploads\/usu1744\/2026\/03\/First-Lego-League-2026-20-300x225.jpeg 300w, https:\/\/agora.xtec.cat\/insgurb\/wp-content\/uploads\/usu1744\/2026\/03\/First-Lego-League-2026-20-1024x768.jpeg 1024w, https:\/\/agora.xtec.cat\/insgurb\/wp-content\/uploads\/usu1744\/2026\/03\/First-Lego-League-2026-20-768x576.jpeg 768w, https:\/\/agora.xtec.cat\/insgurb\/wp-content\/uploads\/usu1744\/2026\/03\/First-Lego-League-2026-20-1536x1152.jpeg 1536w, https:\/\/agora.xtec.cat\/insgurb\/wp-content\/uploads\/usu1744\/2026\/03\/First-Lego-League-2026-20-200x150.jpeg 200w\" sizes=\"auto, (max-width: 556px) 100vw, 556px\" \/><\/a><\/p>\n<p>Una de les coses m\u00e9s boniques de la participaci\u00f3 del centre a la First Lego League \u00e9s la pres\u00e8ncia, any rere any, de totes les generacions d&#8217;entrenadors que han passat per l&#8217;equip. Aquest va ser fundat per l&#8217;actual director del centre, Francesc Gim\u00e9nez, i ha estat continuat per exalumnes del centre que han fet tota l&#8217;etapa d&#8217;ESO com a membres de l&#8217;equip i despr\u00e9s, un cop fora del centre, hi han seguit vinculats fent d&#8217;entrenadors dels m\u00e9s petits. Donem les gr\u00e0cies a l&#8217;Arnau Chirveches, en Joan Balsells, en Nicolau Gim\u00e9nez, en Gen\u00eds Punt\u00ed i en Guim Balsells per la seva implicaci\u00f3 en l&#8217;equip i suport incondicional. En Gen\u00eds aquest any va aconseguir el premi a millor entrenador de la competici\u00f3, que l&#8217;any passat tamb\u00e9 havia aconseguit en Nicolau. Moltes felicitats a tots! No perdeu mai aquesta il\u00b7lusi\u00f3 i motivaci\u00f3 que us caracteritza!<\/p>\n<p><a href=\"https:\/\/agora.xtec.cat\/insgurb\/wp-content\/uploads\/usu1744\/2026\/03\/First-Lego-League-2026-14.jpeg\"><img loading=\"lazy\" decoding=\"async\" class=\"alignnone wp-image-6711\" src=\"https:\/\/agora.xtec.cat\/insgurb\/wp-content\/uploads\/usu1744\/2026\/03\/First-Lego-League-2026-14.jpeg\" alt=\"\" width=\"555\" height=\"416\" srcset=\"https:\/\/agora.xtec.cat\/insgurb\/wp-content\/uploads\/usu1744\/2026\/03\/First-Lego-League-2026-14.jpeg 2048w, https:\/\/agora.xtec.cat\/insgurb\/wp-content\/uploads\/usu1744\/2026\/03\/First-Lego-League-2026-14-300x225.jpeg 300w, https:\/\/agora.xtec.cat\/insgurb\/wp-content\/uploads\/usu1744\/2026\/03\/First-Lego-League-2026-14-1024x768.jpeg 1024w, https:\/\/agora.xtec.cat\/insgurb\/wp-content\/uploads\/usu1744\/2026\/03\/First-Lego-League-2026-14-768x576.jpeg 768w, https:\/\/agora.xtec.cat\/insgurb\/wp-content\/uploads\/usu1744\/2026\/03\/First-Lego-League-2026-14-1536x1152.jpeg 1536w, https:\/\/agora.xtec.cat\/insgurb\/wp-content\/uploads\/usu1744\/2026\/03\/First-Lego-League-2026-14-200x150.jpeg 200w\" sizes=\"auto, (max-width: 555px) 100vw, 555px\" \/><\/a><\/p>\n<p><a href=\"https:\/\/agora.xtec.cat\/insgurb\/wp-content\/uploads\/usu1744\/2026\/03\/First-Lego-League-2026-4.jpeg\"><img loading=\"lazy\" decoding=\"async\" class=\"alignnone wp-image-6712\" src=\"https:\/\/agora.xtec.cat\/insgurb\/wp-content\/uploads\/usu1744\/2026\/03\/First-Lego-League-2026-4.jpeg\" alt=\"\" width=\"556\" height=\"417\" srcset=\"https:\/\/agora.xtec.cat\/insgurb\/wp-content\/uploads\/usu1744\/2026\/03\/First-Lego-League-2026-4.jpeg 2048w, https:\/\/agora.xtec.cat\/insgurb\/wp-content\/uploads\/usu1744\/2026\/03\/First-Lego-League-2026-4-300x225.jpeg 300w, https:\/\/agora.xtec.cat\/insgurb\/wp-content\/uploads\/usu1744\/2026\/03\/First-Lego-League-2026-4-1024x768.jpeg 1024w, https:\/\/agora.xtec.cat\/insgurb\/wp-content\/uploads\/usu1744\/2026\/03\/First-Lego-League-2026-4-768x576.jpeg 768w, https:\/\/agora.xtec.cat\/insgurb\/wp-content\/uploads\/usu1744\/2026\/03\/First-Lego-League-2026-4-1536x1152.jpeg 1536w, https:\/\/agora.xtec.cat\/insgurb\/wp-content\/uploads\/usu1744\/2026\/03\/First-Lego-League-2026-4-200x150.jpeg 200w\" sizes=\"auto, (max-width: 556px) 100vw, 556px\" \/><\/a><\/p>\n<p>Us deixem l&#8217;enlla\u00e7 a la <a href=\"https:\/\/photos.app.goo.gl\/umwmb86TD953UzKa7\">galeria<\/a>, on podreu veure m\u00e9s imatges de la competici\u00f3 d&#8217;aquest any 2026.<\/p>\n<p>&nbsp;<\/p>\n<p>&nbsp;<\/p>\n","protected":false},"excerpt":{"rendered":"<p>El passat dissabte dia 21 de febrer, l&#8217;equip de rob\u00f2tica del centre, LeGurb, format per alumnat de diferents cursos, va participar per tretz\u00e8 any consecutiu a la competici\u00f3 de rob\u00f2tica First Lego League que es va celebrar a la Universitat de Vic. L&#8217;equip, en el&hellip;  <a href=\"https:\/\/agora.xtec.cat\/insgurb\/general\/participacio-a-la-first-lego-league\/\" title=\"Read Participaci\u00f3 a la First Lego League\">Llegeix m\u00e9s\u00bb<\/a><\/p>\n","protected":false},"author":1,"featured_media":6709,"comment_status":"open","ping_status":"open","sticky":false,"template":"","format":"standard","meta":{"_bbp_topic_count":0,"_bbp_reply_count":0,"_bbp_total_topic_count":0,"_bbp_total_reply_count":0,"_bbp_voice_count":0,"_bbp_anonymous_reply_count":0,"_bbp_topic_count_hidden":0,"_bbp_reply_count_hidden":0,"_bbp_forum_subforum_count":0,"footnotes":""},"categories":[1,29],"tags":[149,146,148,140],"class_list":["post-6708","post","type-post","status-publish","format-standard","has-post-thumbnail","hentry","category-general","category-portada","tag-motivacio","tag-participacio","tag-treball-en-equip","tag-valors-del-pec"],"post_mailing_queue_ids":[],"_links":{"self":[{"href":"https:\/\/agora.xtec.cat\/insgurb\/wp-json\/wp\/v2\/posts\/6708","targetHints":{"allow":["GET"]}}],"collection":[{"href":"https:\/\/agora.xtec.cat\/insgurb\/wp-json\/wp\/v2\/posts"}],"about":[{"href":"https:\/\/agora.xtec.cat\/insgurb\/wp-json\/wp\/v2\/types\/post"}],"author":[{"embeddable":true,"href":"https:\/\/agora.xtec.cat\/insgurb\/wp-json\/wp\/v2\/users\/1"}],"replies":[{"embeddable":true,"href":"https:\/\/agora.xtec.cat\/insgurb\/wp-json\/wp\/v2\/comments?post=6708"}],"version-history":[{"count":3,"href":"https:\/\/agora.xtec.cat\/insgurb\/wp-json\/wp\/v2\/posts\/6708\/revisions"}],"predecessor-version":[{"id":6716,"href":"https:\/\/agora.xtec.cat\/insgurb\/wp-json\/wp\/v2\/posts\/6708\/revisions\/6716"}],"wp:featuredmedia":[{"embeddable":true,"href":"https:\/\/agora.xtec.cat\/insgurb\/wp-json\/wp\/v2\/media\/6709"}],"wp:attachment":[{"href":"https:\/\/agora.xtec.cat\/insgurb\/wp-json\/wp\/v2\/media?parent=6708"}],"wp:term":[{"taxonomy":"category","embeddable":true,"href":"https:\/\/agora.xtec.cat\/insgurb\/wp-json\/wp\/v2\/categories?post=6708"},{"taxonomy":"post_tag","embeddable":true,"href":"https:\/\/agora.xtec.cat\/insgurb\/wp-json\/wp\/v2\/tags?post=6708"}],"curies":[{"name":"wp","href":"https:\/\/api.w.org\/{rel}","templated":true}]}}