{"id":6705,"date":"2026-02-22T15:41:34","date_gmt":"2026-02-22T14:41:34","guid":{"rendered":"https:\/\/agora.xtec.cat\/insgurb\/?p=6705"},"modified":"2026-03-16T00:00:02","modified_gmt":"2026-03-15T23:00:02","slug":"carnaval-2026","status":"publish","type":"post","link":"https:\/\/agora.xtec.cat\/insgurb\/portada\/carnaval-2026\/","title":{"rendered":"Carnaval 2026"},"content":{"rendered":"<p>El passat divendres, dia 20 de febrer, vam celebrar el <strong>Carnaval<\/strong> a l&#8217;institut. Igual que en les edicions anteriors, la festa va ser organitzada pel grup de <strong>delegats de 4t d&#8217;ESO<\/strong>. Durant els dies previs al Carnaval, els organitzadors van anar proposant diferents <strong>consignes<\/strong>, que tot l&#8217;alumnat del centre (i part del professorat!) va seguir amb motivaci\u00f3. Aquest any les consignes van consistir en venir a l&#8217;institut amb pijama, portar un pentinat original o un accessori creatiu al cap, portar una maleta creativa i anar vestits de gala.<\/p>\n<p>El divendres, a \u00faltima franja, les diferents classes van lluir les <strong>disfresses<\/strong> que havien dissenyat per a l&#8217;ocasi\u00f3, i van fer les <strong>actuacions<\/strong> que s&#8217;havien preparat. N&#8217;hi va haver de molt divertides i originals! Com ja \u00e9s tradici\u00f3, el professorat tamb\u00e9 hi va participar. El jurat va estar format per la Laura Verdaguer i la Ivet Baulenas, referents dels Punts Joves de Gurb i Santa Eul\u00e0lia de Riuprimer, en Miquel Valera, conserge, i l&#8217;Ada Colomer i en Joan Pere Alzamora en representaci\u00f3 del professorat de l&#8217;Institut. Es van atorgar premis a la classe m\u00e9s participativa a les consignes, la millor disfressa, la millor actuaci\u00f3 i el <em>showman <\/em>del dia.<\/p>\n<p>Va ser una bonica jornada, de la qual volem destacar la bona organitzaci\u00f3 per part dels delegats de 4t d&#8217;ESO i la gran participaci\u00f3 de l&#8217;alumnat del centre. Si seguim aix\u00ed, tenim Carnaval per molts anys!!!<\/p>\n<p>Us deixem l&#8217;enlla\u00e7 a la <a href=\"https:\/\/photos.app.goo.gl\/bGhwN6GKeDTFd2t69\">galeria<\/a>, on es poden veure algunes imatges i v\u00eddeos de la festa.<\/p>\n<p>&nbsp;<\/p>\n<p>&nbsp;<\/p>\n","protected":false},"excerpt":{"rendered":"<p>El passat divendres, dia 20 de febrer, vam celebrar el Carnaval a l&#8217;institut. Igual que en les edicions anteriors, la festa va ser organitzada pel grup de delegats de 4t d&#8217;ESO. Durant els dies previs al Carnaval, els organitzadors van anar proposant diferents consignes, que&hellip;  <a href=\"https:\/\/agora.xtec.cat\/insgurb\/portada\/carnaval-2026\/\" title=\"Read Carnaval 2026\">Llegeix m\u00e9s\u00bb<\/a><\/p>\n","protected":false},"author":1,"featured_media":6706,"comment_status":"open","ping_status":"open","sticky":false,"template":"","format":"standard","meta":{"_bbp_topic_count":0,"_bbp_reply_count":0,"_bbp_total_topic_count":0,"_bbp_total_reply_count":0,"_bbp_voice_count":0,"_bbp_anonymous_reply_count":0,"_bbp_topic_count_hidden":0,"_bbp_reply_count_hidden":0,"_bbp_forum_subforum_count":0,"footnotes":""},"categories":[29],"tags":[150,149,146,140],"class_list":["post-6705","post","type-post","status-publish","format-standard","has-post-thumbnail","hentry","category-portada","tag-implicacio-de-lalumnat","tag-motivacio","tag-participacio","tag-valors-del-pec"],"post_mailing_queue_ids":[],"_links":{"self":[{"href":"https:\/\/agora.xtec.cat\/insgurb\/wp-json\/wp\/v2\/posts\/6705","targetHints":{"allow":["GET"]}}],"collection":[{"href":"https:\/\/agora.xtec.cat\/insgurb\/wp-json\/wp\/v2\/posts"}],"about":[{"href":"https:\/\/agora.xtec.cat\/insgurb\/wp-json\/wp\/v2\/types\/post"}],"author":[{"embeddable":true,"href":"https:\/\/agora.xtec.cat\/insgurb\/wp-json\/wp\/v2\/users\/1"}],"replies":[{"embeddable":true,"href":"https:\/\/agora.xtec.cat\/insgurb\/wp-json\/wp\/v2\/comments?post=6705"}],"version-history":[{"count":1,"href":"https:\/\/agora.xtec.cat\/insgurb\/wp-json\/wp\/v2\/posts\/6705\/revisions"}],"predecessor-version":[{"id":6707,"href":"https:\/\/agora.xtec.cat\/insgurb\/wp-json\/wp\/v2\/posts\/6705\/revisions\/6707"}],"wp:featuredmedia":[{"embeddable":true,"href":"https:\/\/agora.xtec.cat\/insgurb\/wp-json\/wp\/v2\/media\/6706"}],"wp:attachment":[{"href":"https:\/\/agora.xtec.cat\/insgurb\/wp-json\/wp\/v2\/media?parent=6705"}],"wp:term":[{"taxonomy":"category","embeddable":true,"href":"https:\/\/agora.xtec.cat\/insgurb\/wp-json\/wp\/v2\/categories?post=6705"},{"taxonomy":"post_tag","embeddable":true,"href":"https:\/\/agora.xtec.cat\/insgurb\/wp-json\/wp\/v2\/tags?post=6705"}],"curies":[{"name":"wp","href":"https:\/\/api.w.org\/{rel}","templated":true}]}}