{"id":6455,"date":"2025-07-07T18:00:54","date_gmt":"2025-07-07T16:00:54","guid":{"rendered":"https:\/\/agora.xtec.cat\/insgurb\/?p=6455"},"modified":"2025-09-04T09:05:14","modified_gmt":"2025-09-04T07:05:14","slug":"menjador-extraescolars-i-material-curs-2025-26","status":"publish","type":"post","link":"https:\/\/agora.xtec.cat\/insgurb\/portada\/menjador-extraescolars-i-material-curs-2025-26\/","title":{"rendered":"Material, menjador i extraescolars curs 2025-26"},"content":{"rendered":"<p>Benvolgudes fam\u00edlies,<\/p>\n<p>Us compartim les llistes de <strong>material per al proper curs 2025-26<\/strong>:<\/p>\n<ul>\n<li><a href=\"https:\/\/agora.xtec.cat\/insgurb\/wp-content\/uploads\/usu1744\/2025\/07\/Material-alumnat-1r-dESO-curs-2025-26.pdf\">Material alumnat de 1r d\u2019ESO<\/a><\/li>\n<li><a href=\"https:\/\/agora.xtec.cat\/insgurb\/wp-content\/uploads\/usu1744\/2025\/07\/Material-alumnat-2n-dESO-curs-2025-26.pdf\">Material alumnat de 2n d\u2019ESO<\/a><\/li>\n<li><a href=\"https:\/\/agora.xtec.cat\/insgurb\/wp-content\/uploads\/usu1744\/2025\/07\/Material-alumnat-3r-dESO-curs-2025-26.pdf\">Material alumnat de 3r d\u2019ESO<\/a><\/li>\n<li><a href=\"https:\/\/agora.xtec.cat\/insgurb\/wp-content\/uploads\/usu1744\/2025\/07\/Material-alumnat-4t-dESO-curs-2025-26.pdf\">Material alumnat de 4t d\u2019ESO<\/a><\/li>\n<\/ul>\n<p>Recordem que, per la compra d\u2019aquest material, podeu gastar els vals escolars del Departament d\u2019Educaci\u00f3.<\/p>\n<p>Si voleu fer \u00fas del <strong>servei de menjador<\/strong> el proper curs 2025-26, cal que feu la <strong>inscripci\u00f3 abans del dia 5 de setembre a les 15:00 h<\/strong>. Trobareu tota la informaci\u00f3 i tamb\u00e9 l&#8217;enlla\u00e7 per fer la inscripci\u00f3 a l&#8217;apartat de <a href=\"https:\/\/agora.xtec.cat\/insgurb\/afa\/servei-de-menjador\/\">servei de menjador<\/a> d&#8217;aquesta p\u00e0gina web.<\/p>\n<p>Per altra banda, l\u2019Institut de Gurb ofereix 6 <strong>activitats extraescolars<\/strong> per al proper curs 2025-26:<\/p>\n<p><a href=\"https:\/\/agora.xtec.cat\/insgurb\/wp-content\/uploads\/usu1744\/2025\/07\/Extraescolars-2025-26.png\"><img loading=\"lazy\" decoding=\"async\" class=\"wp-image-6456 aligncenter\" src=\"https:\/\/agora.xtec.cat\/insgurb\/wp-content\/uploads\/usu1744\/2025\/07\/Extraescolars-2025-26.png\" alt=\"\" width=\"467\" height=\"257\" srcset=\"https:\/\/agora.xtec.cat\/insgurb\/wp-content\/uploads\/usu1744\/2025\/07\/Extraescolars-2025-26.png 1574w, https:\/\/agora.xtec.cat\/insgurb\/wp-content\/uploads\/usu1744\/2025\/07\/Extraescolars-2025-26-300x165.png 300w, https:\/\/agora.xtec.cat\/insgurb\/wp-content\/uploads\/usu1744\/2025\/07\/Extraescolars-2025-26-1024x564.png 1024w, https:\/\/agora.xtec.cat\/insgurb\/wp-content\/uploads\/usu1744\/2025\/07\/Extraescolars-2025-26-768x423.png 768w, https:\/\/agora.xtec.cat\/insgurb\/wp-content\/uploads\/usu1744\/2025\/07\/Extraescolars-2025-26-1536x846.png 1536w\" sizes=\"auto, (max-width: 467px) 100vw, 467px\" \/><\/a><\/p>\n<p>Trobareu tota la informaci\u00f3 i els enlla\u00e7os per fer la inscripci\u00f3 a l\u2019apartat d\u2019<a href=\"https:\/\/agora.xtec.cat\/insgurb\/serveis\/activitats-extraescolars\/\">activitats extraescolars<\/a> d\u2019aquesta p\u00e0gina web.\u00a0Animeu-vos a apuntar-vos-hi!<\/p>\n<p>A m\u00e9s a m\u00e9s, aquest curs, com a iniciativa del Punt Jove de Gurb, <strong>els dimarts a la tarda, de 15:30 a 17:30 h<\/strong>, <strong>s&#8217;obrir\u00e0 la biblioteca del centre, <\/strong>on s&#8217;oferir\u00e0 un espai de treball tranquil i vigilat perqu\u00e8 l&#8217;alumnat pugui fer deures i estudiar. Aquestes estones de treball aut\u00f2nom es combinaran amb algunes sessions de t\u00e8cniques d&#8217;estudi i din\u00e0miques de grup. Es tracta d&#8217;un servei gratu\u00eft que pot utilitzar tot l&#8217;alumnat del centre amb inscripci\u00f3 pr\u00e8via a trav\u00e9s d&#8217;aquest <a href=\"https:\/\/forms.gle\/5iXdMitdoH3mgKGVA\"><strong>formulari<\/strong><\/a>.<\/p>\n<p>Bon estiu!<\/p>\n<p>&nbsp;<\/p>\n<p>&nbsp;<\/p>\n","protected":false},"excerpt":{"rendered":"<p>Benvolgudes fam\u00edlies, Us compartim les llistes de material per al proper curs 2025-26: Material alumnat de 1r d\u2019ESO Material alumnat de 2n d\u2019ESO Material alumnat de 3r d\u2019ESO Material alumnat de 4t d\u2019ESO Recordem que, per la compra d\u2019aquest material, podeu gastar els vals escolars del Departament d\u2019Educaci\u00f3. Si voleu fer \u00fas del servei de [&hellip;]<\/p>\n","protected":false},"author":1,"featured_media":1618,"comment_status":"open","ping_status":"open","sticky":false,"template":"","format":"standard","meta":{"_bbp_topic_count":0,"_bbp_reply_count":0,"_bbp_total_topic_count":0,"_bbp_total_reply_count":0,"_bbp_voice_count":0,"_bbp_anonymous_reply_count":0,"_bbp_topic_count_hidden":0,"_bbp_reply_count_hidden":0,"_bbp_forum_subforum_count":0,"site-sidebar-layout":"default","site-content-layout":"","ast-site-content-layout":"","site-content-style":"default","site-sidebar-style":"default","ast-global-header-display":"","ast-banner-title-visibility":"","ast-main-header-display":"","ast-hfb-above-header-display":"","ast-hfb-below-header-display":"","ast-hfb-mobile-header-display":"","site-post-title":"","ast-breadcrumbs-content":"","ast-featured-img":"","footer-sml-layout":"","theme-transparent-header-meta":"","adv-header-id-meta":"","stick-header-meta":"","header-above-stick-meta":"","header-main-stick-meta":"","header-below-stick-meta":"","astra-migrate-meta-layouts":"default","ast-page-background-enabled":"default","ast-page-background-meta":{"desktop":{"background-color":"var(--ast-global-color-4)","background-image":"","background-repeat":"repeat","background-position":"center center","background-size":"auto","background-attachment":"scroll","background-type":"","background-media":"","overlay-type":"","overlay-color":"","overlay-opacity":"","overlay-gradient":""},"tablet":{"background-color":"","background-image":"","background-repeat":"repeat","background-position":"center center","background-size":"auto","background-attachment":"scroll","background-type":"","background-media":"","overlay-type":"","overlay-color":"","overlay-opacity":"","overlay-gradient":""},"mobile":{"background-color":"","background-image":"","background-repeat":"repeat","background-position":"center center","background-size":"auto","background-attachment":"scroll","background-type":"","background-media":"","overlay-type":"","overlay-color":"","overlay-opacity":"","overlay-gradient":""}},"ast-content-background-meta":{"desktop":{"background-color":"var(--ast-global-color-5)","background-image":"","background-repeat":"repeat","background-position":"center center","background-size":"auto","background-attachment":"scroll","background-type":"","background-media":"","overlay-type":"","overlay-color":"","overlay-opacity":"","overlay-gradient":""},"tablet":{"background-color":"var(--ast-global-color-5)","background-image":"","background-repeat":"repeat","background-position":"center center","background-size":"auto","background-attachment":"scroll","background-type":"","background-media":"","overlay-type":"","overlay-color":"","overlay-opacity":"","overlay-gradient":""},"mobile":{"background-color":"var(--ast-global-color-5)","background-image":"","background-repeat":"repeat","background-position":"center center","background-size":"auto","background-attachment":"scroll","background-type":"","background-media":"","overlay-type":"","overlay-color":"","overlay-opacity":"","overlay-gradient":""}},"footnotes":""},"categories":[29],"tags":[],"class_list":["post-6455","post","type-post","status-publish","format-standard","has-post-thumbnail","hentry","category-portada"],"post_mailing_queue_ids":[],"_links":{"self":[{"href":"https:\/\/agora.xtec.cat\/insgurb\/wp-json\/wp\/v2\/posts\/6455","targetHints":{"allow":["GET"]}}],"collection":[{"href":"https:\/\/agora.xtec.cat\/insgurb\/wp-json\/wp\/v2\/posts"}],"about":[{"href":"https:\/\/agora.xtec.cat\/insgurb\/wp-json\/wp\/v2\/types\/post"}],"author":[{"embeddable":true,"href":"https:\/\/agora.xtec.cat\/insgurb\/wp-json\/wp\/v2\/users\/1"}],"replies":[{"embeddable":true,"href":"https:\/\/agora.xtec.cat\/insgurb\/wp-json\/wp\/v2\/comments?post=6455"}],"version-history":[{"count":7,"href":"https:\/\/agora.xtec.cat\/insgurb\/wp-json\/wp\/v2\/posts\/6455\/revisions"}],"predecessor-version":[{"id":6525,"href":"https:\/\/agora.xtec.cat\/insgurb\/wp-json\/wp\/v2\/posts\/6455\/revisions\/6525"}],"wp:featuredmedia":[{"embeddable":true,"href":"https:\/\/agora.xtec.cat\/insgurb\/wp-json\/wp\/v2\/media\/1618"}],"wp:attachment":[{"href":"https:\/\/agora.xtec.cat\/insgurb\/wp-json\/wp\/v2\/media?parent=6455"}],"wp:term":[{"taxonomy":"category","embeddable":true,"href":"https:\/\/agora.xtec.cat\/insgurb\/wp-json\/wp\/v2\/categories?post=6455"},{"taxonomy":"post_tag","embeddable":true,"href":"https:\/\/agora.xtec.cat\/insgurb\/wp-json\/wp\/v2\/tags?post=6455"}],"curies":[{"name":"wp","href":"https:\/\/api.w.org\/{rel}","templated":true}]}}