{"id":5916,"date":"2026-09-05T09:31:42","date_gmt":"2026-09-05T07:31:42","guid":{"rendered":"https:\/\/agora.xtec.cat\/insfortpius\/?p=5916"},"modified":"2026-09-05T09:32:40","modified_gmt":"2026-09-05T07:32:40","slug":"informacio-sobre-linici-de-curs","status":"publish","type":"post","link":"https:\/\/agora.xtec.cat\/insfortpius\/general\/informacio-sobre-linici-de-curs\/","title":{"rendered":"Informaci\u00f3 sobre l&#8217;inici de curs"},"content":{"rendered":"\n<p>Benvolgudes fam\u00edlies,<\/p>\n\n\n\n<figure class=\"wp-block-image size-full is-style-default\"><a href=\"https:\/\/agora.xtec.cat\/insfortpius\/wp-content\/uploads\/usu2454\/2026\/09\/unnamed-1.jpg\"><img loading=\"lazy\" decoding=\"async\" width=\"680\" height=\"384\" src=\"https:\/\/agora.xtec.cat\/insfortpius\/wp-content\/uploads\/usu2454\/2026\/09\/unnamed-1.jpg\" alt=\"\" class=\"wp-image-5917\" srcset=\"https:\/\/agora.xtec.cat\/insfortpius\/wp-content\/uploads\/usu2454\/2026\/09\/unnamed-1.jpg 680w, https:\/\/agora.xtec.cat\/insfortpius\/wp-content\/uploads\/usu2454\/2026\/09\/unnamed-1-300x169.jpg 300w\" sizes=\"auto, (max-width: 680px) 100vw, 680px\" \/><\/a><\/figure>\n\n\n\n<p>Amb molta il\u00b7lusi\u00f3, us donem la benvinguda al nou curs escolar 2026-27.<\/p>\n\n\n\n<p>Us recordem els horaris per al <strong>primer dia de classe, dimarts 8 de setembre:<\/strong><\/p>\n\n\n\n<p class=\"has-cyan-bluish-gray-background-color has-background\"><strong>1r d&#8217;ESO: de 9:15 h a 12:45 h<br><br>2n, 3r, 4t d&#8217;ESO i Batxillerat: de 9:15 h a 11:45 h<\/strong><\/p>\n\n\n\n<p>D&#8217;altra banda, us informem que per a aquest mateix dia hi ha convocada una vaga docent en el marc de les reivindicacions per a la millora de l&#8217;educaci\u00f3 p\u00fablica.<\/p>\n\n\n\n<p>Entenem que aquesta coincid\u00e8ncia pugui generar dubtes en un dia tan assenyalat; per aix\u00f2, <strong>volem traslladar-vos la tranquil\u00b7litat que el centre garantir\u00e0 els serveis m\u00ednims establerts i l&#8217;atenci\u00f3 a tot l&#8217;alumnat durant la jornada, <\/strong>tot i que l&#8217;organitzaci\u00f3 de les activitats es pugui veure adaptada.<\/p>\n\n\n\n<p><strong>L&#8217;endem\u00e0, dimecres 9 de setembre,<\/strong> l&#8217;alumnat comen\u00e7ar\u00e0 les classes amb plena normalitat segons el seu horari habitual.<\/p>\n\n\n\n<p>Gr\u00e0cies per la vostra comprensi\u00f3 i bon inici de curs!<\/p>\n","protected":false},"excerpt":{"rendered":"<p>Benvolgudes fam\u00edlies,<br \/>\nAmb molta il\u00b7lusi\u00f3, us donem la benvinguda al nou curs escolar 2026-27.<br \/>\nUs recordem els horaris per al primer dia de classe, dimarts 8 de setembre:<br \/>\n1r d&#8217;ESO: de 9:15 h a 12:45 h<br \/>\n2n, 3r, 4t d&#8217;ESO i Batxillerat: de 9:15 h a 11:45 h<\/p>\n","protected":false},"author":1,"featured_media":5914,"comment_status":"open","ping_status":"open","sticky":false,"template":"","format":"standard","meta":{"_bbp_topic_count":0,"_bbp_reply_count":0,"_bbp_total_topic_count":0,"_bbp_total_reply_count":0,"_bbp_voice_count":0,"_bbp_anonymous_reply_count":0,"_bbp_topic_count_hidden":0,"_bbp_reply_count_hidden":0,"_bbp_forum_subforum_count":0,"site-sidebar-layout":"default","site-content-layout":"","ast-site-content-layout":"default","site-content-style":"default","site-sidebar-style":"default","ast-global-header-display":"","ast-banner-title-visibility":"","ast-main-header-display":"","ast-hfb-above-header-display":"","ast-hfb-below-header-display":"","ast-hfb-mobile-header-display":"","site-post-title":"","ast-breadcrumbs-content":"","ast-featured-img":"","footer-sml-layout":"","theme-transparent-header-meta":"","adv-header-id-meta":"","stick-header-meta":"","header-above-stick-meta":"","header-main-stick-meta":"","header-below-stick-meta":"","astra-migrate-meta-layouts":"set","ast-page-background-enabled":"default","ast-page-background-meta":{"desktop":{"background-color":"var(--ast-global-color-4)","background-image":"","background-repeat":"repeat","background-position":"center center","background-size":"auto","background-attachment":"scroll","background-type":"","background-media":"","overlay-type":"","overlay-color":"","overlay-opacity":"","overlay-gradient":""},"tablet":{"background-color":"","background-image":"","background-repeat":"repeat","background-position":"center center","background-size":"auto","background-attachment":"scroll","background-type":"","background-media":"","overlay-type":"","overlay-color":"","overlay-opacity":"","overlay-gradient":""},"mobile":{"background-color":"","background-image":"","background-repeat":"repeat","background-position":"center center","background-size":"auto","background-attachment":"scroll","background-type":"","background-media":"","overlay-type":"","overlay-color":"","overlay-opacity":"","overlay-gradient":""}},"ast-content-background-meta":{"desktop":{"background-color":"var(--ast-global-color-5)","background-image":"","background-repeat":"repeat","background-position":"center center","background-size":"auto","background-attachment":"scroll","background-type":"","background-media":"","overlay-type":"","overlay-color":"","overlay-opacity":"","overlay-gradient":""},"tablet":{"background-color":"var(--ast-global-color-5)","background-image":"","background-repeat":"repeat","background-position":"center center","background-size":"auto","background-attachment":"scroll","background-type":"","background-media":"","overlay-type":"","overlay-color":"","overlay-opacity":"","overlay-gradient":""},"mobile":{"background-color":"var(--ast-global-color-5)","background-image":"","background-repeat":"repeat","background-position":"center center","background-size":"auto","background-attachment":"scroll","background-type":"","background-media":"","overlay-type":"","overlay-color":"","overlay-opacity":"","overlay-gradient":""}},"footnotes":""},"categories":[8,3,1,29],"tags":[129,127,172,128,182,173,193],"class_list":["post-5916","post","type-post","status-publish","format-standard","has-post-thumbnail","hentry","category-batxillerat","category-eso","category-general","category-portada","tag-1r-btx","tag-1r-eso","tag-2n-btx","tag-2n-eso","tag-3r-eso","tag-4t-eso","tag-fort-pius"],"post_mailing_queue_ids":[],"_links":{"self":[{"href":"https:\/\/agora.xtec.cat\/insfortpius\/wp-json\/wp\/v2\/posts\/5916","targetHints":{"allow":["GET"]}}],"collection":[{"href":"https:\/\/agora.xtec.cat\/insfortpius\/wp-json\/wp\/v2\/posts"}],"about":[{"href":"https:\/\/agora.xtec.cat\/insfortpius\/wp-json\/wp\/v2\/types\/post"}],"author":[{"embeddable":true,"href":"https:\/\/agora.xtec.cat\/insfortpius\/wp-json\/wp\/v2\/users\/1"}],"replies":[{"embeddable":true,"href":"https:\/\/agora.xtec.cat\/insfortpius\/wp-json\/wp\/v2\/comments?post=5916"}],"version-history":[{"count":2,"href":"https:\/\/agora.xtec.cat\/insfortpius\/wp-json\/wp\/v2\/posts\/5916\/revisions"}],"predecessor-version":[{"id":5919,"href":"https:\/\/agora.xtec.cat\/insfortpius\/wp-json\/wp\/v2\/posts\/5916\/revisions\/5919"}],"wp:featuredmedia":[{"embeddable":true,"href":"https:\/\/agora.xtec.cat\/insfortpius\/wp-json\/wp\/v2\/media\/5914"}],"wp:attachment":[{"href":"https:\/\/agora.xtec.cat\/insfortpius\/wp-json\/wp\/v2\/media?parent=5916"}],"wp:term":[{"taxonomy":"category","embeddable":true,"href":"https:\/\/agora.xtec.cat\/insfortpius\/wp-json\/wp\/v2\/categories?post=5916"},{"taxonomy":"post_tag","embeddable":true,"href":"https:\/\/agora.xtec.cat\/insfortpius\/wp-json\/wp\/v2\/tags?post=5916"}],"curies":[{"name":"wp","href":"https:\/\/api.w.org\/{rel}","templated":true}]}}