{"id":5456,"date":"2026-04-17T19:25:37","date_gmt":"2026-04-17T17:25:37","guid":{"rendered":"https:\/\/agora.xtec.cat\/insfortpius\/?p=5456"},"modified":"2026-04-17T19:31:00","modified_gmt":"2026-04-17T17:31:00","slug":"dues-alumnes-del-fort-pius-premiades-al-concurs-punt-de-llibre-2026-dins-del-marc-del-programa-del-comerc-i-les-escoles","status":"publish","type":"post","link":"https:\/\/agora.xtec.cat\/insfortpius\/general\/dues-alumnes-del-fort-pius-premiades-al-concurs-punt-de-llibre-2026-dins-del-marc-del-programa-del-comerc-i-les-escoles\/","title":{"rendered":"Dues alumnes del Fort Pius premiades al Concurs Punt de Llibre 2026 dins del marc del Programa del Comer\u00e7 i les Escoles"},"content":{"rendered":"<p style=\"text-align: justify;\"><a href=\"https:\/\/agora.xtec.cat\/insfortpius\/wp-content\/uploads\/usu2454\/2026\/04\/WhatsApp-Image-2026-04-14-at-19.26.55.jpeg\"><img loading=\"lazy\" decoding=\"async\" class=\" wp-image-5457 alignleft\" src=\"https:\/\/agora.xtec.cat\/insfortpius\/wp-content\/uploads\/usu2454\/2026\/04\/WhatsApp-Image-2026-04-14-at-19.26.55-1024x768.jpeg\" alt=\"\" width=\"323\" height=\"242\" srcset=\"https:\/\/agora.xtec.cat\/insfortpius\/wp-content\/uploads\/usu2454\/2026\/04\/WhatsApp-Image-2026-04-14-at-19.26.55-1024x768.jpeg 1024w, https:\/\/agora.xtec.cat\/insfortpius\/wp-content\/uploads\/usu2454\/2026\/04\/WhatsApp-Image-2026-04-14-at-19.26.55-300x225.jpeg 300w, https:\/\/agora.xtec.cat\/insfortpius\/wp-content\/uploads\/usu2454\/2026\/04\/WhatsApp-Image-2026-04-14-at-19.26.55-768x576.jpeg 768w, https:\/\/agora.xtec.cat\/insfortpius\/wp-content\/uploads\/usu2454\/2026\/04\/WhatsApp-Image-2026-04-14-at-19.26.55-1536x1152.jpeg 1536w, https:\/\/agora.xtec.cat\/insfortpius\/wp-content\/uploads\/usu2454\/2026\/04\/WhatsApp-Image-2026-04-14-at-19.26.55-200x150.jpeg 200w, https:\/\/agora.xtec.cat\/insfortpius\/wp-content\/uploads\/usu2454\/2026\/04\/WhatsApp-Image-2026-04-14-at-19.26.55.jpeg 1600w\" sizes=\"auto, (max-width: 323px) 100vw, 323px\" \/><\/a>En aquesta edici\u00f3 s\u2019ha celebrat els 20 anys d\u2019aquest projecte que uneix l\u2019educaci\u00f3 amb el teixit comercial de Barcelona i s\u2019ha emfatitzat que el comer\u00e7 de proximitat i els barris son l\u2019eix social de la ciutat.<\/p>\n<p style=\"text-align: justify;\">Les nostres alumnes han destacat entre una participaci\u00f3 r\u00e8cord de m\u00e9s de 900 estudiants de tota la ciutat!<\/p>\n<p style=\"text-align: justify;\">L\u2019acte de lliurament ha tingut lloc aquest dimarts 14 d\u2019abril a l\u2019Ajuntament de Barcelona, un entorn emblem\u00e0tic de la ciutat, on es va retre homenatge a la creativitat dels joves i a la feina dels centres educatius.<\/p>\n<p style=\"text-align: justify;\">L\u2019esdeveniment va comptar amb la pres\u00e8ncia de representants de l\u2019Ajuntament de Barcelona, membres de les associacions de comerciants i familiars i professorat, que van acompanyar els premiats en una tarda plena d\u2019emocions i reconeixements.<\/p>\n<p style=\"text-align: justify;\">Amb motiu de la diada de Sant Jordi els punts de llibres de tots i totes els guanyadors i guanyadores es distribuiran per tots els comer\u00e7os i mercats de tota Barcelona!<\/p>\n","protected":false},"excerpt":{"rendered":"<p>La Daniela Blanco i la Noor Adly de 4t d\u2019ESO han estat guardonades en el certamen &#8220;PuntdeLlibre2026&#8221;, emmarcat dins el programa \u201cComer\u00e7 i Escoles\u201d. Han participat des de la mat\u00e8ria optativa d\u2019Educaci\u00f3 Art\u00edstica.&hellip;  <a href=\"https:\/\/agora.xtec.cat\/insfortpius\/general\/dues-alumnes-del-fort-pius-premiades-al-concurs-punt-de-llibre-2026-dins-del-marc-del-programa-del-comerc-i-les-escoles\/\" title=\"Read Dues alumnes del Fort Pius premiades al Concurs Punt de Llibre 2026 dins del marc del Programa del Comer\u00e7 i les Escoles\">Llegeix m\u00e9s\u00bb<\/a><\/p>\n","protected":false},"author":1,"featured_media":5458,"comment_status":"open","ping_status":"open","sticky":false,"template":"","format":"standard","meta":{"_bbp_topic_count":0,"_bbp_reply_count":0,"_bbp_total_topic_count":0,"_bbp_total_reply_count":0,"_bbp_voice_count":0,"_bbp_anonymous_reply_count":0,"_bbp_topic_count_hidden":0,"_bbp_reply_count_hidden":0,"_bbp_forum_subforum_count":0,"footnotes":""},"categories":[3,1,29],"tags":[173,188],"class_list":["post-5456","post","type-post","status-publish","format-standard","has-post-thumbnail","hentry","category-eso","category-general","category-portada","tag-4t-eso","tag-ambit-artistic"],"post_mailing_queue_ids":[],"_links":{"self":[{"href":"https:\/\/agora.xtec.cat\/insfortpius\/wp-json\/wp\/v2\/posts\/5456","targetHints":{"allow":["GET"]}}],"collection":[{"href":"https:\/\/agora.xtec.cat\/insfortpius\/wp-json\/wp\/v2\/posts"}],"about":[{"href":"https:\/\/agora.xtec.cat\/insfortpius\/wp-json\/wp\/v2\/types\/post"}],"author":[{"embeddable":true,"href":"https:\/\/agora.xtec.cat\/insfortpius\/wp-json\/wp\/v2\/users\/1"}],"replies":[{"embeddable":true,"href":"https:\/\/agora.xtec.cat\/insfortpius\/wp-json\/wp\/v2\/comments?post=5456"}],"version-history":[{"count":1,"href":"https:\/\/agora.xtec.cat\/insfortpius\/wp-json\/wp\/v2\/posts\/5456\/revisions"}],"predecessor-version":[{"id":5459,"href":"https:\/\/agora.xtec.cat\/insfortpius\/wp-json\/wp\/v2\/posts\/5456\/revisions\/5459"}],"wp:featuredmedia":[{"embeddable":true,"href":"https:\/\/agora.xtec.cat\/insfortpius\/wp-json\/wp\/v2\/media\/5458"}],"wp:attachment":[{"href":"https:\/\/agora.xtec.cat\/insfortpius\/wp-json\/wp\/v2\/media?parent=5456"}],"wp:term":[{"taxonomy":"category","embeddable":true,"href":"https:\/\/agora.xtec.cat\/insfortpius\/wp-json\/wp\/v2\/categories?post=5456"},{"taxonomy":"post_tag","embeddable":true,"href":"https:\/\/agora.xtec.cat\/insfortpius\/wp-json\/wp\/v2\/tags?post=5456"}],"curies":[{"name":"wp","href":"https:\/\/api.w.org\/{rel}","templated":true}]}}