{"id":3068,"date":"2024-01-31T15:30:43","date_gmt":"2024-01-31T14:30:43","guid":{"rendered":"https:\/\/agora.xtec.cat\/insfortpius\/?p=3068"},"modified":"2024-01-31T15:30:43","modified_gmt":"2024-01-31T14:30:43","slug":"lins-fort-pius-collabora-amb-open-arms","status":"publish","type":"post","link":"https:\/\/agora.xtec.cat\/insfortpius\/general\/lins-fort-pius-collabora-amb-open-arms\/","title":{"rendered":"L&#8217;INS Fort Pius col\u00b7labora amb Open Arms"},"content":{"rendered":"<p style=\"text-align: justify;\"><a href=\"https:\/\/agora.xtec.cat\/insfortpius\/wp-content\/uploads\/usu2454\/2024\/01\/IMG-20240130-WA0000.jpg\"><img loading=\"lazy\" decoding=\"async\" class=\" wp-image-3069 alignleft\" src=\"https:\/\/agora.xtec.cat\/insfortpius\/wp-content\/uploads\/usu2454\/2024\/01\/IMG-20240130-WA0000.jpg\" alt=\"\" width=\"239\" height=\"179\" srcset=\"https:\/\/agora.xtec.cat\/insfortpius\/wp-content\/uploads\/usu2454\/2024\/01\/IMG-20240130-WA0000.jpg 1600w, https:\/\/agora.xtec.cat\/insfortpius\/wp-content\/uploads\/usu2454\/2024\/01\/IMG-20240130-WA0000-300x225.jpg 300w, https:\/\/agora.xtec.cat\/insfortpius\/wp-content\/uploads\/usu2454\/2024\/01\/IMG-20240130-WA0000-1024x768.jpg 1024w, https:\/\/agora.xtec.cat\/insfortpius\/wp-content\/uploads\/usu2454\/2024\/01\/IMG-20240130-WA0000-768x576.jpg 768w, https:\/\/agora.xtec.cat\/insfortpius\/wp-content\/uploads\/usu2454\/2024\/01\/IMG-20240130-WA0000-1536x1152.jpg 1536w, https:\/\/agora.xtec.cat\/insfortpius\/wp-content\/uploads\/usu2454\/2024\/01\/IMG-20240130-WA0000-200x150.jpg 200w\" sizes=\"auto, (max-width: 239px) 100vw, 239px\" \/><\/a>  Ahir l\u2019alumnat de 1r d&#8217;ESO va rebre la visita d&#8217;Open Arms. Aquesta trobada ha servit per con\u00e8ixer de primera m\u00e0 quina \u00e9s la seva important\u00edssima tasca en el rescat de persones a la Mediterr\u00e0nia i permetre que l&#8217;alumnat pugui con\u00e8ixer quines s\u00f3n les causes dels moviments migratoris que acaben amb persones travessant el mar per intentar arribar a la riba europea.<\/p>\n<p style=\"text-align: justify;\">L&#8217;alumnat ha entregat unes llibretes que havien treballat anteriorment a classe, amb missatges encoratjadors perqu\u00e8 aquells nens i nenes que siguin rescatats del mar puguin comen\u00e7ar de nou el seu aprenentatge.<\/p>\n","protected":false},"excerpt":{"rendered":"<p>Ahir l\u2019alumnat de 1r d&#8217;ESO va rebre la visita d&#8217;Open Arms. Aquesta trobada ha servit per con\u00e8ixer de primera m\u00e0 quina \u00e9s la seva important\u00edssima tasca en el rescat de persones a la Mediterr\u00e0nia i permetre que l&#8217;alumnat pugui con\u00e8ixer quines s\u00f3n les causes dels moviments migratoris que acaben amb persones travessant el mar per intentar arribar a la riba europea.<\/p>\n","protected":false},"author":1,"featured_media":3072,"comment_status":"open","ping_status":"closed","sticky":false,"template":"","format":"standard","meta":{"_bbp_topic_count":0,"_bbp_reply_count":0,"_bbp_total_topic_count":0,"_bbp_total_reply_count":0,"_bbp_voice_count":0,"_bbp_anonymous_reply_count":0,"_bbp_topic_count_hidden":0,"_bbp_reply_count_hidden":0,"_bbp_forum_subforum_count":0,"site-sidebar-layout":"default","site-content-layout":"","ast-site-content-layout":"","site-content-style":"default","site-sidebar-style":"default","ast-global-header-display":"","ast-banner-title-visibility":"","ast-main-header-display":"","ast-hfb-above-header-display":"","ast-hfb-below-header-display":"","ast-hfb-mobile-header-display":"","site-post-title":"","ast-breadcrumbs-content":"","ast-featured-img":"","footer-sml-layout":"","theme-transparent-header-meta":"","adv-header-id-meta":"","stick-header-meta":"","header-above-stick-meta":"","header-main-stick-meta":"","header-below-stick-meta":"","astra-migrate-meta-layouts":"default","ast-page-background-enabled":"default","ast-page-background-meta":{"desktop":{"background-color":"var(--ast-global-color-4)","background-image":"","background-repeat":"repeat","background-position":"center center","background-size":"auto","background-attachment":"scroll","background-type":"","background-media":"","overlay-type":"","overlay-color":"","overlay-opacity":"","overlay-gradient":""},"tablet":{"background-color":"","background-image":"","background-repeat":"repeat","background-position":"center center","background-size":"auto","background-attachment":"scroll","background-type":"","background-media":"","overlay-type":"","overlay-color":"","overlay-opacity":"","overlay-gradient":""},"mobile":{"background-color":"","background-image":"","background-repeat":"repeat","background-position":"center center","background-size":"auto","background-attachment":"scroll","background-type":"","background-media":"","overlay-type":"","overlay-color":"","overlay-opacity":"","overlay-gradient":""}},"ast-content-background-meta":{"desktop":{"background-color":"var(--ast-global-color-5)","background-image":"","background-repeat":"repeat","background-position":"center center","background-size":"auto","background-attachment":"scroll","background-type":"","background-media":"","overlay-type":"","overlay-color":"","overlay-opacity":"","overlay-gradient":""},"tablet":{"background-color":"var(--ast-global-color-5)","background-image":"","background-repeat":"repeat","background-position":"center center","background-size":"auto","background-attachment":"scroll","background-type":"","background-media":"","overlay-type":"","overlay-color":"","overlay-opacity":"","overlay-gradient":""},"mobile":{"background-color":"var(--ast-global-color-5)","background-image":"","background-repeat":"repeat","background-position":"center center","background-size":"auto","background-attachment":"scroll","background-type":"","background-media":"","overlay-type":"","overlay-color":"","overlay-opacity":"","overlay-gradient":""}},"footnotes":""},"categories":[3,1,29],"tags":[127,58,187,194],"class_list":["post-3068","post","type-post","status-publish","format-standard","has-post-thumbnail","hentry","category-eso","category-general","category-portada","tag-1r-eso","tag-tallers","tag-ambit-humanistic-i-social","tag-tutoria"],"post_mailing_queue_ids":[],"_links":{"self":[{"href":"https:\/\/agora.xtec.cat\/insfortpius\/wp-json\/wp\/v2\/posts\/3068","targetHints":{"allow":["GET"]}}],"collection":[{"href":"https:\/\/agora.xtec.cat\/insfortpius\/wp-json\/wp\/v2\/posts"}],"about":[{"href":"https:\/\/agora.xtec.cat\/insfortpius\/wp-json\/wp\/v2\/types\/post"}],"author":[{"embeddable":true,"href":"https:\/\/agora.xtec.cat\/insfortpius\/wp-json\/wp\/v2\/users\/1"}],"replies":[{"embeddable":true,"href":"https:\/\/agora.xtec.cat\/insfortpius\/wp-json\/wp\/v2\/comments?post=3068"}],"version-history":[{"count":1,"href":"https:\/\/agora.xtec.cat\/insfortpius\/wp-json\/wp\/v2\/posts\/3068\/revisions"}],"predecessor-version":[{"id":3074,"href":"https:\/\/agora.xtec.cat\/insfortpius\/wp-json\/wp\/v2\/posts\/3068\/revisions\/3074"}],"wp:featuredmedia":[{"embeddable":true,"href":"https:\/\/agora.xtec.cat\/insfortpius\/wp-json\/wp\/v2\/media\/3072"}],"wp:attachment":[{"href":"https:\/\/agora.xtec.cat\/insfortpius\/wp-json\/wp\/v2\/media?parent=3068"}],"wp:term":[{"taxonomy":"category","embeddable":true,"href":"https:\/\/agora.xtec.cat\/insfortpius\/wp-json\/wp\/v2\/categories?post=3068"},{"taxonomy":"post_tag","embeddable":true,"href":"https:\/\/agora.xtec.cat\/insfortpius\/wp-json\/wp\/v2\/tags?post=3068"}],"curies":[{"name":"wp","href":"https:\/\/api.w.org\/{rel}","templated":true}]}}