{"id":9250,"date":"2023-05-17T08:19:48","date_gmt":"2023-05-17T06:19:48","guid":{"rendered":"https:\/\/agora.xtec.cat\/inselstresturons\/?p=9250"},"modified":"2023-05-18T11:20:30","modified_gmt":"2023-05-18T09:20:30","slug":"xerrada-reflexiva-sobre-drets-fonamentals","status":"publish","type":"post","link":"https:\/\/agora.xtec.cat\/inselstresturons\/general\/xerrada-reflexiva-sobre-drets-fonamentals\/","title":{"rendered":"Xerrada reflexiva sobre drets fonamentals"},"content":{"rendered":"<p>L&#8217;alumnat de 1r d&#8217;ESO ha assistit a una xerrada sobre drets d&#8217;honor, el dret a la intimitat i a la pr\u00f2pia imatge a c\u00e0rrec d&#8217;en Viktor Fern\u00e1ndez, advocat i pare. Els ha fet una breu explicaci\u00f3 d&#8217;aquests conceptes, i els ha fet reflexionar sobre com es poden sentir davant d&#8217;algunes accions i alguns fets. Hi ha hagut for\u00e7a intervencions, molt interessants, per part de l&#8217;alumnat. Moltes gr\u00e0cies a en Viktor i la Bet per col\u00b7laborar amb nosaltres en la gesti\u00f3 d&#8217;aquest tema.<\/p>\n<p><img loading=\"lazy\" decoding=\"async\" class=\"aligncenter size-full wp-image-9253\" src=\"https:\/\/agora.xtec.cat\/inselstresturons\/wp-content\/uploads\/usu1101\/2023\/05\/1684396089916-scaled.jpg\" alt=\"\" width=\"2560\" height=\"1682\" srcset=\"https:\/\/agora.xtec.cat\/inselstresturons\/wp-content\/uploads\/usu1101\/2023\/05\/1684396089916-scaled.jpg 2560w, https:\/\/agora.xtec.cat\/inselstresturons\/wp-content\/uploads\/usu1101\/2023\/05\/1684396089916-300x197.jpg 300w, https:\/\/agora.xtec.cat\/inselstresturons\/wp-content\/uploads\/usu1101\/2023\/05\/1684396089916-1024x673.jpg 1024w, https:\/\/agora.xtec.cat\/inselstresturons\/wp-content\/uploads\/usu1101\/2023\/05\/1684396089916-768x505.jpg 768w, https:\/\/agora.xtec.cat\/inselstresturons\/wp-content\/uploads\/usu1101\/2023\/05\/1684396089916-1536x1009.jpg 1536w, https:\/\/agora.xtec.cat\/inselstresturons\/wp-content\/uploads\/usu1101\/2023\/05\/1684396089916-2048x1346.jpg 2048w\" sizes=\"auto, (max-width: 2560px) 100vw, 2560px\" \/><\/p>\n<p>&nbsp;<\/p>\n","protected":false},"excerpt":{"rendered":"<p>L&#8217;alumnat de 1r d&#8217;ESO ha assistit a una xerrada sobre drets d&#8217;honor, el dret a la intimitat i a la pr\u00f2pia imatge a c\u00e0rrec d&#8217;en Viktor Fern\u00e1ndez, advocat i pare. Els ha fet una breu explicaci\u00f3 d&#8217;aquests conceptes, i els ha fet reflexionar sobre com es poden sentir davant d&#8217;algunes accions i alguns fets. Hi [&hellip;]<\/p>\n","protected":false},"author":1,"featured_media":0,"comment_status":"closed","ping_status":"closed","sticky":false,"template":"","format":"standard","meta":{"_bbp_topic_count":0,"_bbp_reply_count":0,"_bbp_total_topic_count":0,"_bbp_total_reply_count":0,"_bbp_voice_count":0,"_bbp_anonymous_reply_count":0,"_bbp_topic_count_hidden":0,"_bbp_reply_count_hidden":0,"_bbp_forum_subforum_count":0,"site-sidebar-layout":"default","site-content-layout":"","ast-site-content-layout":"","site-content-style":"default","site-sidebar-style":"default","ast-global-header-display":"","ast-banner-title-visibility":"","ast-main-header-display":"","ast-hfb-above-header-display":"","ast-hfb-below-header-display":"","ast-hfb-mobile-header-display":"","site-post-title":"","ast-breadcrumbs-content":"","ast-featured-img":"","footer-sml-layout":"","theme-transparent-header-meta":"","adv-header-id-meta":"","stick-header-meta":"","header-above-stick-meta":"","header-main-stick-meta":"","header-below-stick-meta":"","astra-migrate-meta-layouts":"default","ast-page-background-enabled":"default","ast-page-background-meta":{"desktop":{"background-color":"var(--ast-global-color-4)","background-image":"","background-repeat":"repeat","background-position":"center center","background-size":"auto","background-attachment":"scroll","background-type":"","background-media":"","overlay-type":"","overlay-color":"","overlay-opacity":"","overlay-gradient":""},"tablet":{"background-color":"","background-image":"","background-repeat":"repeat","background-position":"center center","background-size":"auto","background-attachment":"scroll","background-type":"","background-media":"","overlay-type":"","overlay-color":"","overlay-opacity":"","overlay-gradient":""},"mobile":{"background-color":"","background-image":"","background-repeat":"repeat","background-position":"center center","background-size":"auto","background-attachment":"scroll","background-type":"","background-media":"","overlay-type":"","overlay-color":"","overlay-opacity":"","overlay-gradient":""}},"ast-content-background-meta":{"desktop":{"background-color":"var(--ast-global-color-5)","background-image":"","background-repeat":"repeat","background-position":"center center","background-size":"auto","background-attachment":"scroll","background-type":"","background-media":"","overlay-type":"","overlay-color":"","overlay-opacity":"","overlay-gradient":""},"tablet":{"background-color":"var(--ast-global-color-5)","background-image":"","background-repeat":"repeat","background-position":"center center","background-size":"auto","background-attachment":"scroll","background-type":"","background-media":"","overlay-type":"","overlay-color":"","overlay-opacity":"","overlay-gradient":""},"mobile":{"background-color":"var(--ast-global-color-5)","background-image":"","background-repeat":"repeat","background-position":"center center","background-size":"auto","background-attachment":"scroll","background-type":"","background-media":"","overlay-type":"","overlay-color":"","overlay-opacity":"","overlay-gradient":""}},"footnotes":""},"categories":[4,1,29],"tags":[],"class_list":["post-9250","post","type-post","status-publish","format-standard","hentry","category-eso-1","category-general","category-portada"],"post_mailing_queue_ids":[],"_links":{"self":[{"href":"https:\/\/agora.xtec.cat\/inselstresturons\/wp-json\/wp\/v2\/posts\/9250","targetHints":{"allow":["GET"]}}],"collection":[{"href":"https:\/\/agora.xtec.cat\/inselstresturons\/wp-json\/wp\/v2\/posts"}],"about":[{"href":"https:\/\/agora.xtec.cat\/inselstresturons\/wp-json\/wp\/v2\/types\/post"}],"author":[{"embeddable":true,"href":"https:\/\/agora.xtec.cat\/inselstresturons\/wp-json\/wp\/v2\/users\/1"}],"replies":[{"embeddable":true,"href":"https:\/\/agora.xtec.cat\/inselstresturons\/wp-json\/wp\/v2\/comments?post=9250"}],"version-history":[{"count":3,"href":"https:\/\/agora.xtec.cat\/inselstresturons\/wp-json\/wp\/v2\/posts\/9250\/revisions"}],"predecessor-version":[{"id":9254,"href":"https:\/\/agora.xtec.cat\/inselstresturons\/wp-json\/wp\/v2\/posts\/9250\/revisions\/9254"}],"wp:attachment":[{"href":"https:\/\/agora.xtec.cat\/inselstresturons\/wp-json\/wp\/v2\/media?parent=9250"}],"wp:term":[{"taxonomy":"category","embeddable":true,"href":"https:\/\/agora.xtec.cat\/inselstresturons\/wp-json\/wp\/v2\/categories?post=9250"},{"taxonomy":"post_tag","embeddable":true,"href":"https:\/\/agora.xtec.cat\/inselstresturons\/wp-json\/wp\/v2\/tags?post=9250"}],"curies":[{"name":"wp","href":"https:\/\/api.w.org\/{rel}","templated":true}]}}