{"id":5040,"date":"2020-07-21T21:25:29","date_gmt":"2020-07-21T19:25:29","guid":{"rendered":"http:\/\/agora.xtec.cat\/inselstresturons\/?p=5040"},"modified":"2026-07-02T12:05:43","modified_gmt":"2026-07-02T10:05:43","slug":"guanyadors-de-la-mostra-literaria","status":"publish","type":"post","link":"https:\/\/agora.xtec.cat\/inselstresturons\/eso\/guanyadors-de-la-mostra-literaria\/","title":{"rendered":"Guanyadors de la Mostra Liter\u00e0ria"},"content":{"rendered":"<p>A l&#8217;edici\u00f3 de la Mostra Liter\u00e0ria d&#8217;enguany quatre alumnes de secund\u00e0ria del nostre institut han estat premiats. Enhorabona!!<\/p>\n<p><span style=\"color: #000080;\"><strong>Carla G\u00f3mez, de 2n d&#8217;ESO ha guanyat amb <em>Un cirerer<\/em> el premi de prosa del grup C.<\/strong><\/span><\/p>\n<p><span style=\"color: #000080;\"><strong>Feliu Roca, de 3r d&#8217;ESO, ha guanyat amb <em>Primaveres<\/em> el premi de poesia del grup D.<\/strong><\/span><\/p>\n<p><span style=\"color: #000080;\"><strong>Blanca Delgado, de 4t d&#8217;ESO, ha guanyat amb <em>Un fet<\/em> el premi de prosa del grup D.<\/strong><\/span><\/p>\n<p><span style=\"color: #000080;\"><strong>Bianca Gavil\u00e1n, de 4t d&#8217;ESO, ha guanyat en la categoria de Microrelats.<\/strong><\/span><\/p>\n<p><img loading=\"lazy\" decoding=\"async\" class=\"aligncenter wp-image-5043\" src=\"https:\/\/agora.xtec.cat\/inselstresturons\/wp-content\/uploads\/usu1101\/2020\/07\/Imatge_web.1.png.406x204.jpg\" alt=\"\" width=\"255\" height=\"128\" srcset=\"https:\/\/agora.xtec.cat\/inselstresturons\/wp-content\/uploads\/usu1101\/2020\/07\/Imatge_web.1.png.406x204.jpg 406w, https:\/\/agora.xtec.cat\/inselstresturons\/wp-content\/uploads\/usu1101\/2020\/07\/Imatge_web.1.png.406x204-300x151.jpg 300w\" sizes=\"auto, (max-width: 255px) 100vw, 255px\" \/><\/p>\n","protected":false},"excerpt":{"rendered":"<p>A l&#8217;edici\u00f3 de la Mostra Liter\u00e0ria d&#8217;enguany quatre alumnes de secund\u00e0ria del nostre institut han estat premiats. Enhorabona!! Carla G\u00f3mez, de 2n d&#8217;ESO ha guanyat amb Un cirerer el premi de prosa del grup C. Feliu Roca, de 3r d&#8217;ESO, ha guanyat amb Primaveres el premi de poesia del grup D. Blanca Delgado, de 4t [&hellip;]<\/p>\n","protected":false},"author":1,"featured_media":0,"comment_status":"open","ping_status":"closed","sticky":false,"template":"","format":"standard","meta":{"_bbp_topic_count":0,"_bbp_reply_count":0,"_bbp_total_topic_count":0,"_bbp_total_reply_count":0,"_bbp_voice_count":0,"_bbp_anonymous_reply_count":0,"_bbp_topic_count_hidden":0,"_bbp_reply_count_hidden":0,"_bbp_forum_subforum_count":0,"site-sidebar-layout":"default","site-content-layout":"","ast-site-content-layout":"","site-content-style":"default","site-sidebar-style":"default","ast-global-header-display":"","ast-banner-title-visibility":"","ast-main-header-display":"","ast-hfb-above-header-display":"","ast-hfb-below-header-display":"","ast-hfb-mobile-header-display":"","site-post-title":"","ast-breadcrumbs-content":"","ast-featured-img":"","footer-sml-layout":"","theme-transparent-header-meta":"","adv-header-id-meta":"","stick-header-meta":"","header-above-stick-meta":"","header-main-stick-meta":"","header-below-stick-meta":"","astra-migrate-meta-layouts":"default","ast-page-background-enabled":"default","ast-page-background-meta":{"desktop":{"background-color":"var(--ast-global-color-4)","background-image":"","background-repeat":"repeat","background-position":"center center","background-size":"auto","background-attachment":"scroll","background-type":"","background-media":"","overlay-type":"","overlay-color":"","overlay-opacity":"","overlay-gradient":""},"tablet":{"background-color":"","background-image":"","background-repeat":"repeat","background-position":"center center","background-size":"auto","background-attachment":"scroll","background-type":"","background-media":"","overlay-type":"","overlay-color":"","overlay-opacity":"","overlay-gradient":""},"mobile":{"background-color":"","background-image":"","background-repeat":"repeat","background-position":"center center","background-size":"auto","background-attachment":"scroll","background-type":"","background-media":"","overlay-type":"","overlay-color":"","overlay-opacity":"","overlay-gradient":""}},"ast-content-background-meta":{"desktop":{"background-color":"var(--ast-global-color-5)","background-image":"","background-repeat":"repeat","background-position":"center center","background-size":"auto","background-attachment":"scroll","background-type":"","background-media":"","overlay-type":"","overlay-color":"","overlay-opacity":"","overlay-gradient":""},"tablet":{"background-color":"var(--ast-global-color-5)","background-image":"","background-repeat":"repeat","background-position":"center center","background-size":"auto","background-attachment":"scroll","background-type":"","background-media":"","overlay-type":"","overlay-color":"","overlay-opacity":"","overlay-gradient":""},"mobile":{"background-color":"var(--ast-global-color-5)","background-image":"","background-repeat":"repeat","background-position":"center center","background-size":"auto","background-attachment":"scroll","background-type":"","background-media":"","overlay-type":"","overlay-color":"","overlay-opacity":"","overlay-gradient":""}},"footnotes":""},"categories":[3,76,29],"tags":[84,178],"class_list":["post-5040","post","type-post","status-publish","format-standard","hentry","category-eso","category-institut","category-portada","tag-catala","tag-concursos"],"post_mailing_queue_ids":[],"_links":{"self":[{"href":"https:\/\/agora.xtec.cat\/inselstresturons\/wp-json\/wp\/v2\/posts\/5040","targetHints":{"allow":["GET"]}}],"collection":[{"href":"https:\/\/agora.xtec.cat\/inselstresturons\/wp-json\/wp\/v2\/posts"}],"about":[{"href":"https:\/\/agora.xtec.cat\/inselstresturons\/wp-json\/wp\/v2\/types\/post"}],"author":[{"embeddable":true,"href":"https:\/\/agora.xtec.cat\/inselstresturons\/wp-json\/wp\/v2\/users\/1"}],"replies":[{"embeddable":true,"href":"https:\/\/agora.xtec.cat\/inselstresturons\/wp-json\/wp\/v2\/comments?post=5040"}],"version-history":[{"count":3,"href":"https:\/\/agora.xtec.cat\/inselstresturons\/wp-json\/wp\/v2\/posts\/5040\/revisions"}],"predecessor-version":[{"id":5047,"href":"https:\/\/agora.xtec.cat\/inselstresturons\/wp-json\/wp\/v2\/posts\/5040\/revisions\/5047"}],"wp:attachment":[{"href":"https:\/\/agora.xtec.cat\/inselstresturons\/wp-json\/wp\/v2\/media?parent=5040"}],"wp:term":[{"taxonomy":"category","embeddable":true,"href":"https:\/\/agora.xtec.cat\/inselstresturons\/wp-json\/wp\/v2\/categories?post=5040"},{"taxonomy":"post_tag","embeddable":true,"href":"https:\/\/agora.xtec.cat\/inselstresturons\/wp-json\/wp\/v2\/tags?post=5040"}],"curies":[{"name":"wp","href":"https:\/\/api.w.org\/{rel}","templated":true}]}}