{"id":1042,"date":"2016-06-27T17:56:39","date_gmt":"2016-06-27T16:56:39","guid":{"rendered":"http:\/\/agora.xtec.cat\/inselstresturons\/?p=1042"},"modified":"2016-06-27T17:58:17","modified_gmt":"2016-06-27T16:58:17","slug":"consulteu-el-menu","status":"publish","type":"post","link":"https:\/\/agora.xtec.cat\/inselstresturons\/portada\/consulteu-el-menu\/","title":{"rendered":"Consulteu el men\u00fa!"},"content":{"rendered":"<p>Teniu a la part superior d&#8217;aquesta p\u00e0gina un men\u00fa al qual us convidem a fer un cop d&#8217;ull. Hi trobareu tot tipus d&#8217;informacions: documents, organitzaci\u00f3, projectes com ara el d&#8217;Oceans o d&#8217;Astronomia, etc. Aqu\u00ed us mostrem una foto de la nebulosa d&#8217;Ori\u00f3 presa des del nostre observatori pels alumnes de batxillerat Lu\u00eds Vera i Ivan Canyet .<\/p>\n<p><a href=\"http:\/\/agora.xtec.cat\/inselstresturons\/wp-content\/uploads\/usu1101\/2016\/04\/M42-aleix-color-final-JPG-1.jpg\" rel=\"attachment wp-att-1037\"><img loading=\"lazy\" decoding=\"async\" class=\"wp-image-1037 aligncenter\" src=\"http:\/\/agora.xtec.cat\/inselstresturons\/wp-content\/uploads\/usu1101\/2016\/04\/M42-aleix-color-final-JPG-1-1024x711.jpg\" alt=\"\" width=\"311\" height=\"216\" srcset=\"https:\/\/agora.xtec.cat\/inselstresturons\/wp-content\/uploads\/usu1101\/2016\/04\/M42-aleix-color-final-JPG-1-1024x711.jpg 1024w, https:\/\/agora.xtec.cat\/inselstresturons\/wp-content\/uploads\/usu1101\/2016\/04\/M42-aleix-color-final-JPG-1-300x208.jpg 300w, https:\/\/agora.xtec.cat\/inselstresturons\/wp-content\/uploads\/usu1101\/2016\/04\/M42-aleix-color-final-JPG-1-768x533.jpg 768w, https:\/\/agora.xtec.cat\/inselstresturons\/wp-content\/uploads\/usu1101\/2016\/04\/M42-aleix-color-final-JPG-1.jpg 1812w\" sizes=\"auto, (max-width: 311px) 100vw, 311px\" \/><\/a><\/p>\n","protected":false},"excerpt":{"rendered":"<p>Teniu a la part superior d&#8217;aquesta p\u00e0gina un men\u00fa al qual us convidem a fer un cop d&#8217;ull. Hi trobareu tot tipus d&#8217;informacions: documents, organitzaci\u00f3, projectes com ara el d&#8217;Oceans o d&#8217;Astronomia, etc. Aqu\u00ed us mostrem una foto de la nebulosa d&#8217;Ori\u00f3 presa des del nostre observatori pels alumnes de batxillerat Lu\u00eds Vera i Ivan [&hellip;]<\/p>\n","protected":false},"author":1,"featured_media":0,"comment_status":"open","ping_status":"open","sticky":false,"template":"","format":"standard","meta":{"_bbp_topic_count":0,"_bbp_reply_count":0,"_bbp_total_topic_count":0,"_bbp_total_reply_count":0,"_bbp_voice_count":0,"_bbp_anonymous_reply_count":0,"_bbp_topic_count_hidden":0,"_bbp_reply_count_hidden":0,"_bbp_forum_subforum_count":0,"site-sidebar-layout":"default","site-content-layout":"","ast-site-content-layout":"","site-content-style":"default","site-sidebar-style":"default","ast-global-header-display":"","ast-banner-title-visibility":"","ast-main-header-display":"","ast-hfb-above-header-display":"","ast-hfb-below-header-display":"","ast-hfb-mobile-header-display":"","site-post-title":"","ast-breadcrumbs-content":"","ast-featured-img":"","footer-sml-layout":"","theme-transparent-header-meta":"","adv-header-id-meta":"","stick-header-meta":"","header-above-stick-meta":"","header-main-stick-meta":"","header-below-stick-meta":"","astra-migrate-meta-layouts":"default","ast-page-background-enabled":"default","ast-page-background-meta":{"desktop":{"background-color":"var(--ast-global-color-4)","background-image":"","background-repeat":"repeat","background-position":"center center","background-size":"auto","background-attachment":"scroll","background-type":"","background-media":"","overlay-type":"","overlay-color":"","overlay-opacity":"","overlay-gradient":""},"tablet":{"background-color":"","background-image":"","background-repeat":"repeat","background-position":"center center","background-size":"auto","background-attachment":"scroll","background-type":"","background-media":"","overlay-type":"","overlay-color":"","overlay-opacity":"","overlay-gradient":""},"mobile":{"background-color":"","background-image":"","background-repeat":"repeat","background-position":"center center","background-size":"auto","background-attachment":"scroll","background-type":"","background-media":"","overlay-type":"","overlay-color":"","overlay-opacity":"","overlay-gradient":""}},"ast-content-background-meta":{"desktop":{"background-color":"var(--ast-global-color-5)","background-image":"","background-repeat":"repeat","background-position":"center center","background-size":"auto","background-attachment":"scroll","background-type":"","background-media":"","overlay-type":"","overlay-color":"","overlay-opacity":"","overlay-gradient":""},"tablet":{"background-color":"var(--ast-global-color-5)","background-image":"","background-repeat":"repeat","background-position":"center center","background-size":"auto","background-attachment":"scroll","background-type":"","background-media":"","overlay-type":"","overlay-color":"","overlay-opacity":"","overlay-gradient":""},"mobile":{"background-color":"var(--ast-global-color-5)","background-image":"","background-repeat":"repeat","background-position":"center center","background-size":"auto","background-attachment":"scroll","background-type":"","background-media":"","overlay-type":"","overlay-color":"","overlay-opacity":"","overlay-gradient":""}},"footnotes":""},"categories":[76,29],"tags":[],"class_list":["post-1042","post","type-post","status-publish","format-standard","hentry","category-institut","category-portada"],"post_mailing_queue_ids":[],"_links":{"self":[{"href":"https:\/\/agora.xtec.cat\/inselstresturons\/wp-json\/wp\/v2\/posts\/1042","targetHints":{"allow":["GET"]}}],"collection":[{"href":"https:\/\/agora.xtec.cat\/inselstresturons\/wp-json\/wp\/v2\/posts"}],"about":[{"href":"https:\/\/agora.xtec.cat\/inselstresturons\/wp-json\/wp\/v2\/types\/post"}],"author":[{"embeddable":true,"href":"https:\/\/agora.xtec.cat\/inselstresturons\/wp-json\/wp\/v2\/users\/1"}],"replies":[{"embeddable":true,"href":"https:\/\/agora.xtec.cat\/inselstresturons\/wp-json\/wp\/v2\/comments?post=1042"}],"version-history":[{"count":2,"href":"https:\/\/agora.xtec.cat\/inselstresturons\/wp-json\/wp\/v2\/posts\/1042\/revisions"}],"predecessor-version":[{"id":1044,"href":"https:\/\/agora.xtec.cat\/inselstresturons\/wp-json\/wp\/v2\/posts\/1042\/revisions\/1044"}],"wp:attachment":[{"href":"https:\/\/agora.xtec.cat\/inselstresturons\/wp-json\/wp\/v2\/media?parent=1042"}],"wp:term":[{"taxonomy":"category","embeddable":true,"href":"https:\/\/agora.xtec.cat\/inselstresturons\/wp-json\/wp\/v2\/categories?post=1042"},{"taxonomy":"post_tag","embeddable":true,"href":"https:\/\/agora.xtec.cat\/inselstresturons\/wp-json\/wp\/v2\/tags?post=1042"}],"curies":[{"name":"wp","href":"https:\/\/api.w.org\/{rel}","templated":true}]}}