{"id":9937,"date":"2021-11-29T14:07:42","date_gmt":"2021-11-29T13:07:42","guid":{"rendered":"https:\/\/agora.xtec.cat\/inselcairat\/?p=9937"},"modified":"2021-11-29T14:07:42","modified_gmt":"2021-11-29T13:07:42","slug":"comunicat-vaga-docent-30-de-novembre-de-2021","status":"publish","type":"post","link":"https:\/\/agora.xtec.cat\/inselcairat\/portada\/comunicat-vaga-docent-30-de-novembre-de-2021\/","title":{"rendered":"COMUNICAT VAGA DOCENT 30 DE NOVEMBRE DE 2021"},"content":{"rendered":"<p dir=\"ltr\" style=\"text-align: justify;\">Informem que les organitzacions sindicals han convocat una jornada de vaga adre\u00e7ada a tot el personal de les administracions p\u00fabliques, personal docent incl\u00f2s, per dem\u00e0 dimarts dia <b>30 de novembre<\/b><b> de 2021.\u00a0<\/b><\/p>\n<p dir=\"ltr\" style=\"text-align: justify;\">En el nostre centre, hi ha un <b>grup nombr\u00f3s de professorat<\/b> que s&#8217;adherir\u00e0 a aquesta convocat\u00f2ria i conseq\u00fcentment, exercir\u00e0 el seu dret de vaga. L&#8217;alumnat que estigui afectat per aquesta circumst\u00e0ncia es quedar\u00e0 al centre en l&#8217;horari habitual, <b>NO ES PODR\u00c0 GARANTIR EL COMPLIMENT DEL SEU HORARI DE CLASSES I S&#8217;ESTABLIRAN SERVEIS M\u00cdNIMS<\/b><b> <\/b>decretats pel Departament d&#8217;Educaci\u00f3 (un docent per cada tres grups-classe i un membre de l&#8217;equip directiu).<\/p>\n<p dir=\"ltr\" style=\"text-align: justify;\">Durant les hores que l&#8217;alumnat pugui estar afectat per aquesta circumst\u00e0ncia, <b>ES QUEDAR\u00c0 AL PATI.<\/b><\/p>\n<p dir=\"ltr\" style=\"text-align: justify;\">Alhora, volem recordar que no hi ha cap sindicat d&#8217;estudiants que hagi convocat vaga d&#8217;alumnat per aquesta jornada i que el servei de transport escolar funcionar\u00e0 amb normalitat.<\/p>\n","protected":false},"excerpt":{"rendered":"<p>Informem que les organitzacions sindicals han convocat una jornada de vaga adre\u00e7ada a tot el personal de les administracions p\u00fabliques, personal docent incl\u00f2s, per dem\u00e0 dimarts dia 30 de novembre de 2021.\u00a0 En el nostre centre, hi ha un grup nombr\u00f3s de professorat que s&#8217;adherir\u00e0 a aquesta convocat\u00f2ria i conseq\u00fcentment, exercir\u00e0 el seu dret de [&hellip;]<\/p>\n","protected":false},"author":1,"featured_media":0,"comment_status":"open","ping_status":"closed","sticky":false,"template":"","format":"standard","meta":{"_bbp_topic_count":0,"_bbp_reply_count":0,"_bbp_total_topic_count":0,"_bbp_total_reply_count":0,"_bbp_voice_count":0,"_bbp_anonymous_reply_count":0,"_bbp_topic_count_hidden":0,"_bbp_reply_count_hidden":0,"_bbp_forum_subforum_count":0,"site-sidebar-layout":"default","site-content-layout":"","ast-site-content-layout":"","site-content-style":"default","site-sidebar-style":"default","ast-global-header-display":"","ast-banner-title-visibility":"","ast-main-header-display":"","ast-hfb-above-header-display":"","ast-hfb-below-header-display":"","ast-hfb-mobile-header-display":"","site-post-title":"","ast-breadcrumbs-content":"","ast-featured-img":"","footer-sml-layout":"","theme-transparent-header-meta":"","adv-header-id-meta":"","stick-header-meta":"","header-above-stick-meta":"","header-main-stick-meta":"","header-below-stick-meta":"","astra-migrate-meta-layouts":"default","ast-page-background-enabled":"default","ast-page-background-meta":{"desktop":{"background-color":"var(--ast-global-color-4)","background-image":"","background-repeat":"repeat","background-position":"center center","background-size":"auto","background-attachment":"scroll","background-type":"","background-media":"","overlay-type":"","overlay-color":"","overlay-opacity":"","overlay-gradient":""},"tablet":{"background-color":"","background-image":"","background-repeat":"repeat","background-position":"center center","background-size":"auto","background-attachment":"scroll","background-type":"","background-media":"","overlay-type":"","overlay-color":"","overlay-opacity":"","overlay-gradient":""},"mobile":{"background-color":"","background-image":"","background-repeat":"repeat","background-position":"center center","background-size":"auto","background-attachment":"scroll","background-type":"","background-media":"","overlay-type":"","overlay-color":"","overlay-opacity":"","overlay-gradient":""}},"ast-content-background-meta":{"desktop":{"background-color":"var(--ast-global-color-5)","background-image":"","background-repeat":"repeat","background-position":"center center","background-size":"auto","background-attachment":"scroll","background-type":"","background-media":"","overlay-type":"","overlay-color":"","overlay-opacity":"","overlay-gradient":""},"tablet":{"background-color":"var(--ast-global-color-5)","background-image":"","background-repeat":"repeat","background-position":"center center","background-size":"auto","background-attachment":"scroll","background-type":"","background-media":"","overlay-type":"","overlay-color":"","overlay-opacity":"","overlay-gradient":""},"mobile":{"background-color":"var(--ast-global-color-5)","background-image":"","background-repeat":"repeat","background-position":"center center","background-size":"auto","background-attachment":"scroll","background-type":"","background-media":"","overlay-type":"","overlay-color":"","overlay-opacity":"","overlay-gradient":""}},"footnotes":""},"categories":[29],"tags":[],"class_list":["post-9937","post","type-post","status-publish","format-standard","hentry","category-portada"],"post_mailing_queue_ids":[],"_links":{"self":[{"href":"https:\/\/agora.xtec.cat\/inselcairat\/wp-json\/wp\/v2\/posts\/9937","targetHints":{"allow":["GET"]}}],"collection":[{"href":"https:\/\/agora.xtec.cat\/inselcairat\/wp-json\/wp\/v2\/posts"}],"about":[{"href":"https:\/\/agora.xtec.cat\/inselcairat\/wp-json\/wp\/v2\/types\/post"}],"author":[{"embeddable":true,"href":"https:\/\/agora.xtec.cat\/inselcairat\/wp-json\/wp\/v2\/users\/1"}],"replies":[{"embeddable":true,"href":"https:\/\/agora.xtec.cat\/inselcairat\/wp-json\/wp\/v2\/comments?post=9937"}],"version-history":[{"count":1,"href":"https:\/\/agora.xtec.cat\/inselcairat\/wp-json\/wp\/v2\/posts\/9937\/revisions"}],"predecessor-version":[{"id":9938,"href":"https:\/\/agora.xtec.cat\/inselcairat\/wp-json\/wp\/v2\/posts\/9937\/revisions\/9938"}],"wp:attachment":[{"href":"https:\/\/agora.xtec.cat\/inselcairat\/wp-json\/wp\/v2\/media?parent=9937"}],"wp:term":[{"taxonomy":"category","embeddable":true,"href":"https:\/\/agora.xtec.cat\/inselcairat\/wp-json\/wp\/v2\/categories?post=9937"},{"taxonomy":"post_tag","embeddable":true,"href":"https:\/\/agora.xtec.cat\/inselcairat\/wp-json\/wp\/v2\/tags?post=9937"}],"curies":[{"name":"wp","href":"https:\/\/api.w.org\/{rel}","templated":true}]}}