{"id":7010,"date":"2019-11-29T14:44:49","date_gmt":"2019-11-29T13:44:49","guid":{"rendered":"http:\/\/agora.xtec.cat\/inselcairat\/?p=7010"},"modified":"2019-11-29T14:44:49","modified_gmt":"2019-11-29T13:44:49","slug":"bojos-per-la-ciencia","status":"publish","type":"post","link":"https:\/\/agora.xtec.cat\/inselcairat\/portada\/bojos-per-la-ciencia\/","title":{"rendered":"BOJOS PER LA CI\u00c8NCIA"},"content":{"rendered":"<p style=\"text-align: justify;\">Donem l\u2019enhorabona a Jorge Bald\u00e1n, Ainhoa Ribas, Anna Raya i Jon Mu\u00f1oz per haver estat seleccionats per participar en la 8a edici\u00f3 del programa <strong>Bojos per la ci\u00e8ncia<\/strong> de la Fundaci\u00f3 Catalunya La Pedrera. Aquests alumnes, que tenen i demostren aptituds en el camp de les ci\u00e8ncies, tindran l\u2019oportunitat d\u2019aprofundir en la teoria i les t\u00e8cniques cient\u00edfiques dins de\u00a0diferents camps de recerca com la f\u00edsica, les noves tecnologies i l\u2019economia. Moltes felicitats!<\/p>\n<p><img loading=\"lazy\" decoding=\"async\" class=\"aligncenter size-full wp-image-7011\" src=\"https:\/\/agora.xtec.cat\/inselcairat\/wp-content\/uploads\/usu287\/2019\/11\/bojos-per-la-ciencia.jpg\" alt=\"\" width=\"1299\" height=\"974\" srcset=\"https:\/\/agora.xtec.cat\/inselcairat\/wp-content\/uploads\/usu287\/2019\/11\/bojos-per-la-ciencia.jpg 1299w, https:\/\/agora.xtec.cat\/inselcairat\/wp-content\/uploads\/usu287\/2019\/11\/bojos-per-la-ciencia-300x225.jpg 300w, https:\/\/agora.xtec.cat\/inselcairat\/wp-content\/uploads\/usu287\/2019\/11\/bojos-per-la-ciencia-768x576.jpg 768w, https:\/\/agora.xtec.cat\/inselcairat\/wp-content\/uploads\/usu287\/2019\/11\/bojos-per-la-ciencia-1024x768.jpg 1024w, https:\/\/agora.xtec.cat\/inselcairat\/wp-content\/uploads\/usu287\/2019\/11\/bojos-per-la-ciencia-200x150.jpg 200w\" sizes=\"auto, (max-width: 1299px) 100vw, 1299px\" \/><\/p>\n","protected":false},"excerpt":{"rendered":"<p>Donem l\u2019enhorabona a Jorge Bald\u00e1n, Ainhoa Ribas, Anna Raya i Jon Mu\u00f1oz per haver estat seleccionats per participar en la 8a edici\u00f3 del programa Bojos per la ci\u00e8ncia de la Fundaci\u00f3 Catalunya La Pedrera. Aquests alumnes, que tenen i demostren aptituds en el camp de les ci\u00e8ncies, tindran l\u2019oportunitat d\u2019aprofundir en la teoria i les [&hellip;]<\/p>\n","protected":false},"author":1,"featured_media":0,"comment_status":"open","ping_status":"closed","sticky":false,"template":"","format":"standard","meta":{"_bbp_topic_count":0,"_bbp_reply_count":0,"_bbp_total_topic_count":0,"_bbp_total_reply_count":0,"_bbp_voice_count":0,"_bbp_anonymous_reply_count":0,"_bbp_topic_count_hidden":0,"_bbp_reply_count_hidden":0,"_bbp_forum_subforum_count":0,"site-sidebar-layout":"default","site-content-layout":"","ast-site-content-layout":"","site-content-style":"default","site-sidebar-style":"default","ast-global-header-display":"","ast-banner-title-visibility":"","ast-main-header-display":"","ast-hfb-above-header-display":"","ast-hfb-below-header-display":"","ast-hfb-mobile-header-display":"","site-post-title":"","ast-breadcrumbs-content":"","ast-featured-img":"","footer-sml-layout":"","theme-transparent-header-meta":"","adv-header-id-meta":"","stick-header-meta":"","header-above-stick-meta":"","header-main-stick-meta":"","header-below-stick-meta":"","astra-migrate-meta-layouts":"default","ast-page-background-enabled":"default","ast-page-background-meta":{"desktop":{"background-color":"var(--ast-global-color-4)","background-image":"","background-repeat":"repeat","background-position":"center center","background-size":"auto","background-attachment":"scroll","background-type":"","background-media":"","overlay-type":"","overlay-color":"","overlay-opacity":"","overlay-gradient":""},"tablet":{"background-color":"","background-image":"","background-repeat":"repeat","background-position":"center center","background-size":"auto","background-attachment":"scroll","background-type":"","background-media":"","overlay-type":"","overlay-color":"","overlay-opacity":"","overlay-gradient":""},"mobile":{"background-color":"","background-image":"","background-repeat":"repeat","background-position":"center center","background-size":"auto","background-attachment":"scroll","background-type":"","background-media":"","overlay-type":"","overlay-color":"","overlay-opacity":"","overlay-gradient":""}},"ast-content-background-meta":{"desktop":{"background-color":"var(--ast-global-color-5)","background-image":"","background-repeat":"repeat","background-position":"center center","background-size":"auto","background-attachment":"scroll","background-type":"","background-media":"","overlay-type":"","overlay-color":"","overlay-opacity":"","overlay-gradient":""},"tablet":{"background-color":"var(--ast-global-color-5)","background-image":"","background-repeat":"repeat","background-position":"center center","background-size":"auto","background-attachment":"scroll","background-type":"","background-media":"","overlay-type":"","overlay-color":"","overlay-opacity":"","overlay-gradient":""},"mobile":{"background-color":"var(--ast-global-color-5)","background-image":"","background-repeat":"repeat","background-position":"center center","background-size":"auto","background-attachment":"scroll","background-type":"","background-media":"","overlay-type":"","overlay-color":"","overlay-opacity":"","overlay-gradient":""}},"footnotes":""},"categories":[115,29],"tags":[],"class_list":["post-7010","post","type-post","status-publish","format-standard","hentry","category-concursos_i_premis","category-portada"],"post_mailing_queue_ids":[],"_links":{"self":[{"href":"https:\/\/agora.xtec.cat\/inselcairat\/wp-json\/wp\/v2\/posts\/7010","targetHints":{"allow":["GET"]}}],"collection":[{"href":"https:\/\/agora.xtec.cat\/inselcairat\/wp-json\/wp\/v2\/posts"}],"about":[{"href":"https:\/\/agora.xtec.cat\/inselcairat\/wp-json\/wp\/v2\/types\/post"}],"author":[{"embeddable":true,"href":"https:\/\/agora.xtec.cat\/inselcairat\/wp-json\/wp\/v2\/users\/1"}],"replies":[{"embeddable":true,"href":"https:\/\/agora.xtec.cat\/inselcairat\/wp-json\/wp\/v2\/comments?post=7010"}],"version-history":[{"count":1,"href":"https:\/\/agora.xtec.cat\/inselcairat\/wp-json\/wp\/v2\/posts\/7010\/revisions"}],"predecessor-version":[{"id":7012,"href":"https:\/\/agora.xtec.cat\/inselcairat\/wp-json\/wp\/v2\/posts\/7010\/revisions\/7012"}],"wp:attachment":[{"href":"https:\/\/agora.xtec.cat\/inselcairat\/wp-json\/wp\/v2\/media?parent=7010"}],"wp:term":[{"taxonomy":"category","embeddable":true,"href":"https:\/\/agora.xtec.cat\/inselcairat\/wp-json\/wp\/v2\/categories?post=7010"},{"taxonomy":"post_tag","embeddable":true,"href":"https:\/\/agora.xtec.cat\/inselcairat\/wp-json\/wp\/v2\/tags?post=7010"}],"curies":[{"name":"wp","href":"https:\/\/api.w.org\/{rel}","templated":true}]}}